{"id":14566,"date":"2024-08-27T23:00:00","date_gmt":"2024-08-27T21:00:00","guid":{"rendered":"https:\/\/sauna-wellness-update.de\/?p=14566"},"modified":"2024-08-28T10:20:28","modified_gmt":"2024-08-28T08:20:28","slug":"freizeit-monitor-2023","status":"publish","type":"post","link":"http:\/\/sauna-wellness-update.de\/de_de\/2024\/08\/27\/freizeit-monitor-2023\/","title":{"rendered":"Freizeit-Monitor 2023: Wellness bleibt &#8222;Special interest&#8220;"},"content":{"rendered":"\n[et_pb_section fb_built=&#8220;1&#8243; _builder_version=&#8220;4.17.4&#8243; _module_preset=&#8220;default&#8220; custom_margin=&#8220;0px||0px||true|false&#8220; custom_padding=&#8220;0px||0px||true|false&#8220; border_color_all=&#8220;rgba(86,116,125,0.5)&#8220; border_color_bottom=&#8220;RGBA(255,255,255,0)&#8220; global_colors_info=&#8220;{}&#8220;][et_pb_row _builder_version=&#8220;4.17.4&#8243; _module_preset=&#8220;default&#8220; custom_margin=&#8220;0px||0px||true|false&#8220; custom_padding=&#8220;0px||0px||true|&#8220; global_colors_info=&#8220;{}&#8220;][et_pb_column type=&#8220;4_4&#8243; _builder_version=&#8220;4.17.4&#8243; _module_preset=&#8220;default&#8220; custom_padding=&#8220;0px||0px||true|false&#8220; global_colors_info=&#8220;{}&#8220;][et_pb_text _builder_version=&#8220;4.27.0&#8243; _module_preset=&#8220;default&#8220; hover_enabled=&#8220;0&#8243; global_colors_info=&#8220;{}&#8220; sticky_enabled=&#8220;0&#8243;]<div class=\"et_post_meta_wrapper\">\n<p class=\"post-meta\">SISU Update v. 9. Nov. 2023<\/p>\n<p class=\"post-meta\">Prof. Dr. Ulrich Reinhardt von der BAT Stiftung f\u00fcr Zukunftsfragen berichtete in einem EWA Online-Seminar \u00fcber Ergebnisse des j\u00fcngsten Freizeitmonitors.<\/p>\n<p class=\"post-meta\"><a href=\"https:\/\/www.eap-magazin.de\/Nachricht\/Freizeitmonitor-2023%3A-Freizeit-Erlebnisbaeder-boomen.html\">https:\/\/www.eap-magazin.de\/Nachricht\/Freizeitmonitor-2023%3A-Freizeit-Erlebnisbaeder-boomen.html<\/a><\/p>\n<p class=\"post-meta\">SISU Throwback v. 7. Sep 2023<\/p>\n<p class=\"post-meta\">Seit \u00fcber 40 Jahren gibt es den auch medial vielbeachteten \u201eFreizeit-Monitor\u201c als repr\u00e4sentative Bev\u00f6lkerungsbefragung zum Freizeitverhalten der Deutschen zwischen 18 und 74 Jahren. &#8222;Freizeit findet zuhause statt&#8220; lautet in diesem Jahr das Fazit und &#8222;das Sofa als Epizentrum unserer Freizeit&#8220;; &#8222;Indoor ist &#8218;in'&#8220;.\u00a0 &#8222;Die Mediatisierung und Digitalisierung der Freizeit setzt sich weiter fort.&#8220;<\/p>\n<p class=\"post-meta\">Danach nutzen nur sieben von 100 Befragten w\u00f6chentlich nicht n\u00e4her definierte \u201eWellnessangebote\u201c, 19 einmal im Monat, 46 einmal im Jahr und 28 gar keins. Daraus l\u00e4sst sich ablesen, dass Wellness noch immer zuallererst ein Hobby f\u00fcr eine Minderheit ist, \u201especial interest\u201c. Immerhin 56 tun aber w\u00f6chentlich etwas f\u00fcr ihre Gesundheit, Tendenz leicht steigend.<\/p>\n<p class=\"post-meta\"><a href=\"https:\/\/www.focus.de\/kultur\/medien\/freizeit-monitor-2023-das-sofa-ist-fast-das-epizentrum-unserer-freizeit-geworden_id_203854602.html\">https:\/\/www.focus.de\/kultur\/medien\/freizeit-monitor-2023-das-sofa-ist-fast-das-epizentrum-unserer-freizeit-geworden_id_203854602.html<\/a><\/p>\n<p class=\"post-meta\"><a href=\"https:\/\/www.zeit.de\/gesellschaft\/2023-09\/freizeit-monitor-2023-zukunftsfragen-daheim\">https:\/\/www.zeit.de\/gesellschaft\/2023-09\/freizeit-monitor-2023-zukunftsfragen-daheim<\/a><\/p>\n<p class=\"post-meta\"><a href=\"https:\/\/www.n-tv.de\/panorama\/Deutsche-verbringen-Freizeit-am-liebsten-auf-der-Couch-article24373304.html\">https:\/\/www.n-tv.de\/panorama\/Deutsche-verbringen-Freizeit-am-liebsten-auf-der-Couch-article24373304.html<\/a><\/p>\n<\/div>\n<div class=\"entry-content\">\n<div class=\"et-l et-l--post\">\n<div class=\"et_builder_inner_content et_pb_gutters3\">\n<div class=\"et_pb_with_border et_pb_section et_pb_section_0 et_section_regular\">\n<div class=\"et_pb_row et_pb_row_0\">\n<div class=\"et_pb_column et_pb_column_4_4 et_pb_column_0  et_pb_css_mix_blend_mode_passthrough et-last-child\">\n<div class=\"et_pb_module et_pb_text et_pb_text_0  et_pb_text_align_left et_pb_bg_layout_light\">\n<div class=\"et_pb_text_inner\">\n<p><a href=\"http:\/\/www.freizeitmonitor.de\">www.freizeitmonitor.de<\/a><\/p>\n<p><a href=\"http:\/\/www.stiftungfuerzukunftsfragen.de\">www.stiftungfuerzukunftsfragen.de<\/a><\/p>\n<\/div>\n<\/div>\n<\/div>\n<\/div>\n<\/div>\n<\/div>\n<\/div>\n<\/div>[\/et_pb_text][et_pb_divider color=&#8220;#CABB9F&#8220; divider_weight=&#8220;1px&#8220; _builder_version=&#8220;4.17.4&#8243; _module_preset=&#8220;default&#8220; width=&#8220;70%&#8220; global_colors_info=&#8220;{}&#8220;][\/et_pb_divider][\/et_pb_column][\/et_pb_row][\/et_pb_section]\n","protected":false},"excerpt":{"rendered":"<p>SISU Update v. 9. Nov. 2023 Prof. Dr. Ulrich Reinhardt von der BAT Stiftung f\u00fcr Zukunftsfragen berichtete in einem EWA Online-Seminar \u00fcber Ergebnisse des j\u00fcngsten Freizeitmonitors. https:\/\/www.eap-magazin.de\/Nachricht\/Freizeitmonitor-2023%3A-Freizeit-Erlebnisbaeder-boomen.html SISU Throwback v. 7. Sep 2023 Seit \u00fcber 40 Jahren gibt es den auch medial vielbeachteten \u201eFreizeit-Monitor\u201c als repr\u00e4sentative Bev\u00f6lkerungsbefragung zum Freizeitverhalten der Deutschen zwischen 18 und 74 [&hellip;]<\/p>\n","protected":false},"author":1,"featured_media":0,"comment_status":"closed","ping_status":"closed","sticky":false,"template":"","format":"standard","meta":{"_et_pb_use_builder":"on","_et_pb_old_content":"","_et_gb_content_width":"","iawp_total_views":4,"footnotes":""},"categories":[13],"tags":[],"class_list":["post-14566","post","type-post","status-publish","format-standard","hentry","category-news"],"_links":{"self":[{"href":"http:\/\/sauna-wellness-update.de\/de_de\/wp-json\/wp\/v2\/posts\/14566","targetHints":{"allow":["GET"]}}],"collection":[{"href":"http:\/\/sauna-wellness-update.de\/de_de\/wp-json\/wp\/v2\/posts"}],"about":[{"href":"http:\/\/sauna-wellness-update.de\/de_de\/wp-json\/wp\/v2\/types\/post"}],"author":[{"embeddable":true,"href":"http:\/\/sauna-wellness-update.de\/de_de\/wp-json\/wp\/v2\/users\/1"}],"replies":[{"embeddable":true,"href":"http:\/\/sauna-wellness-update.de\/de_de\/wp-json\/wp\/v2\/comments?post=14566"}],"version-history":[{"count":21,"href":"http:\/\/sauna-wellness-update.de\/de_de\/wp-json\/wp\/v2\/posts\/14566\/revisions"}],"predecessor-version":[{"id":28888,"href":"http:\/\/sauna-wellness-update.de\/de_de\/wp-json\/wp\/v2\/posts\/14566\/revisions\/28888"}],"wp:attachment":[{"href":"http:\/\/sauna-wellness-update.de\/de_de\/wp-json\/wp\/v2\/media?parent=14566"}],"wp:term":[{"taxonomy":"category","embeddable":true,"href":"http:\/\/sauna-wellness-update.de\/de_de\/wp-json\/wp\/v2\/categories?post=14566"},{"taxonomy":"post_tag","embeddable":true,"href":"http:\/\/sauna-wellness-update.de\/de_de\/wp-json\/wp\/v2\/tags?post=14566"}],"curies":[{"name":"wp","href":"https:\/\/api.w.org\/{rel}","templated":true}]}}