{"id":28447,"date":"2024-08-15T13:17:42","date_gmt":"2024-08-15T11:17:42","guid":{"rendered":"https:\/\/sauna-wellness-update.de\/?p=28447"},"modified":"2024-10-09T14:15:05","modified_gmt":"2024-10-09T12:15:05","slug":"finnland-und-estland-regierungschefs-gehen-bei-erstem-treffen-erstmal-in-die-sauna","status":"publish","type":"post","link":"http:\/\/sauna-wellness-update.de\/de_de\/2024\/08\/15\/finnland-und-estland-regierungschefs-gehen-bei-erstem-treffen-erstmal-in-die-sauna\/","title":{"rendered":"Finnland und Estland: &#8222;Regierungschefs gehen bei erstem Treffen erstmal in die Sauna&#8220;"},"content":{"rendered":"\n[et_pb_section fb_built=&#8220;1&#8243; _builder_version=&#8220;4.17.4&#8243; _module_preset=&#8220;default&#8220; custom_margin=&#8220;0px||0px||true|false&#8220; custom_padding=&#8220;0px||0px||true|false&#8220; border_color_all=&#8220;rgba(86,116,125,0.5)&#8220; border_color_bottom=&#8220;RGBA(255,255,255,0)&#8220; global_colors_info=&#8220;{}&#8220;][et_pb_row _builder_version=&#8220;4.17.4&#8243; _module_preset=&#8220;default&#8220; custom_margin=&#8220;0px||0px||true|false&#8220; custom_padding=&#8220;0px||0px||true|&#8220; global_colors_info=&#8220;{}&#8220;][et_pb_column type=&#8220;4_4&#8243; _builder_version=&#8220;4.17.4&#8243; _module_preset=&#8220;default&#8220; custom_padding=&#8220;0px||0px||true|false&#8220; global_colors_info=&#8220;{}&#8220;][et_pb_text _builder_version=&#8220;4.27.0&#8243; _module_preset=&#8220;default&#8220; hover_enabled=&#8220;0&#8243; global_colors_info=&#8220;{}&#8220; sticky_enabled=&#8220;0&#8243;]<p><strong>&#8222;Very warm welcome&#8220;. Estlands neuer Ministerpr\u00e4sident Kristen Michal bei seinem Antrittsbesuch bei seinem finnischen Kollegen Petteri Opro: &#8222;Zwei Ministerpr\u00e4sidenten, die in der Sauna \u00fcber Politik und das Weltgeschehen diskutieren, zeigen deutlich, wie nahe wir uns stehen &#8211; sowohl kulturell als auch politisch.&#8220;\u00a0<\/strong><\/p>\n<p><a href=\"Regierungschefs gehen bei erstem Treffen erstmal in die Sauna\">Regierungschefs gehen bei erstem Treffen erstmal in die Sauna<\/a><\/p>\n<p><a href=\"https:\/\/www.derwesten.de\/politik\/finnland-estland-id301093924.html\">https:\/\/www.derwesten.de\/politik\/finnland-estland-id301093924.html<\/a><\/p>\n<p><a href=\"https:\/\/sauna.fi\/en\/\">https:\/\/sauna.fi\/en\/<\/a><\/p>[\/et_pb_text][et_pb_divider color=&#8220;#CABB9F&#8220; divider_weight=&#8220;1px&#8220; _builder_version=&#8220;4.17.4&#8243; _module_preset=&#8220;default&#8220; width=&#8220;70%&#8220; global_colors_info=&#8220;{}&#8220;][\/et_pb_divider][\/et_pb_column][\/et_pb_row][\/et_pb_section]\n","protected":false},"excerpt":{"rendered":"<p>&#8222;Very warm welcome&#8220;. Estlands neuer Ministerpr\u00e4sident Kristen Michal bei seinem Antrittsbesuch bei seinem finnischen Kollegen Petteri Opro: &#8222;Zwei Ministerpr\u00e4sidenten, die in der Sauna \u00fcber Politik und das Weltgeschehen diskutieren, zeigen deutlich, wie nahe wir uns stehen &#8211; sowohl kulturell als auch politisch.&#8220;\u00a0 Regierungschefs gehen bei erstem Treffen erstmal in die Sauna https:\/\/www.derwesten.de\/politik\/finnland-estland-id301093924.html https:\/\/sauna.fi\/en\/<\/p>\n","protected":false},"author":1,"featured_media":0,"comment_status":"closed","ping_status":"closed","sticky":false,"template":"","format":"standard","meta":{"_et_pb_use_builder":"on","_et_pb_old_content":"","_et_gb_content_width":"","iawp_total_views":1,"footnotes":""},"categories":[13,6],"tags":[],"class_list":["post-28447","post","type-post","status-publish","format-standard","hentry","category-news","category-leute"],"_links":{"self":[{"href":"http:\/\/sauna-wellness-update.de\/de_de\/wp-json\/wp\/v2\/posts\/28447","targetHints":{"allow":["GET"]}}],"collection":[{"href":"http:\/\/sauna-wellness-update.de\/de_de\/wp-json\/wp\/v2\/posts"}],"about":[{"href":"http:\/\/sauna-wellness-update.de\/de_de\/wp-json\/wp\/v2\/types\/post"}],"author":[{"embeddable":true,"href":"http:\/\/sauna-wellness-update.de\/de_de\/wp-json\/wp\/v2\/users\/1"}],"replies":[{"embeddable":true,"href":"http:\/\/sauna-wellness-update.de\/de_de\/wp-json\/wp\/v2\/comments?post=28447"}],"version-history":[{"count":8,"href":"http:\/\/sauna-wellness-update.de\/de_de\/wp-json\/wp\/v2\/posts\/28447\/revisions"}],"predecessor-version":[{"id":28456,"href":"http:\/\/sauna-wellness-update.de\/de_de\/wp-json\/wp\/v2\/posts\/28447\/revisions\/28456"}],"wp:attachment":[{"href":"http:\/\/sauna-wellness-update.de\/de_de\/wp-json\/wp\/v2\/media?parent=28447"}],"wp:term":[{"taxonomy":"category","embeddable":true,"href":"http:\/\/sauna-wellness-update.de\/de_de\/wp-json\/wp\/v2\/categories?post=28447"},{"taxonomy":"post_tag","embeddable":true,"href":"http:\/\/sauna-wellness-update.de\/de_de\/wp-json\/wp\/v2\/tags?post=28447"}],"curies":[{"name":"wp","href":"https:\/\/api.w.org\/{rel}","templated":true}]}}