{"id":32368,"date":"2024-11-19T11:56:00","date_gmt":"2024-11-19T10:56:00","guid":{"rendered":"https:\/\/sauna-wellness-update.de\/?p=32368"},"modified":"2024-11-21T10:25:56","modified_gmt":"2024-11-21T09:25:56","slug":"vorschau-iab-herbstkongress-architektur-und-technik-in-baden-baden","status":"publish","type":"post","link":"http:\/\/sauna-wellness-update.de\/de_de\/2024\/11\/19\/vorschau-iab-herbstkongress-architektur-und-technik-in-baden-baden\/","title":{"rendered":"IAB Herbstkongress &#8222;Architektur und Technik&#8220; in Baden-Baden"},"content":{"rendered":"\n[et_pb_section fb_built=&#8220;1&#8243; _builder_version=&#8220;4.17.4&#8243; _module_preset=&#8220;default&#8220; custom_margin=&#8220;0px||0px||true|false&#8220; custom_padding=&#8220;0px||0px||true|false&#8220; border_color_all=&#8220;rgba(86,116,125,0.5)&#8220; border_color_bottom=&#8220;RGBA(255,255,255,0)&#8220; global_colors_info=&#8220;{}&#8220;][et_pb_row _builder_version=&#8220;4.17.4&#8243; _module_preset=&#8220;default&#8220; custom_margin=&#8220;0px||0px||true|false&#8220; custom_padding=&#8220;0px||0px||true|&#8220; global_colors_info=&#8220;{}&#8220;][et_pb_column type=&#8220;4_4&#8243; _builder_version=&#8220;4.17.4&#8243; _module_preset=&#8220;default&#8220; custom_padding=&#8220;0px||0px||true|false&#8220; global_colors_info=&#8220;{}&#8220;][et_pb_text _builder_version=&#8220;4.27.3&#8243; _module_preset=&#8220;default&#8220; hover_enabled=&#8220;0&#8243; global_colors_info=&#8220;{}&#8220; sticky_enabled=&#8220;0&#8243;]<p>Auf ihrer FB Seite hatte\u00a0 die PROVA Unternehmensberatung Hamm (Nordrhein-Westfalen) vom bevorstehenden &#8211; ausverkauften &#8211; IAB Herbstkongress, Internationale Akademie f\u00fcr B\u00e4der-, Sport- und Freizeitbauten. Dieser findet heute und morgen, am 18. und 19. November, in Baden-Baden (Baden-W\u00fcrttemberg) statt und hat das Thema &#8222;Architektur und Technik&#8220;.<\/p>\n<p>Programm: <a href=\"https:\/\/iab-ev.de\/wp-content\/uploads\/2024\/08\/00_Einladung.pdf\">https:\/\/iab-ev.de\/wp-content\/uploads\/2024\/08\/00_Einladung.pdf<\/a><\/p>\n<p><a href=\"https:\/\/www.facebook.com\/PROVAGmbH\/\">https:\/\/www.facebook.com\/PROVAGmbH\/<\/a><\/p>\n<p><a href=\"https:\/\/www.facebook.com\/iabinternationaleakademie\/\">https:\/\/www.facebook.com\/iabinternationaleakademie\/<\/a><\/p>\n<p><a href=\"https:\/\/iab-ev.de\/\">https:\/\/iab-ev.de\/<\/a><\/p>[\/et_pb_text][et_pb_divider color=&#8220;#CABB9F&#8220; divider_weight=&#8220;1px&#8220; _builder_version=&#8220;4.17.4&#8243; _module_preset=&#8220;default&#8220; width=&#8220;70%&#8220; global_colors_info=&#8220;{}&#8220;][\/et_pb_divider][\/et_pb_column][\/et_pb_row][\/et_pb_section]\n","protected":false},"excerpt":{"rendered":"<p>Auf ihrer FB Seite hatte\u00a0 die PROVA Unternehmensberatung Hamm (Nordrhein-Westfalen) vom bevorstehenden &#8211; ausverkauften &#8211; IAB Herbstkongress, Internationale Akademie f\u00fcr B\u00e4der-, Sport- und Freizeitbauten. Dieser findet heute und morgen, am 18. und 19. November, in Baden-Baden (Baden-W\u00fcrttemberg) statt und hat das Thema &#8222;Architektur und Technik&#8220;. Programm: https:\/\/iab-ev.de\/wp-content\/uploads\/2024\/08\/00_Einladung.pdf https:\/\/www.facebook.com\/PROVAGmbH\/ https:\/\/www.facebook.com\/iabinternationaleakademie\/ https:\/\/iab-ev.de\/<\/p>\n","protected":false},"author":1,"featured_media":0,"comment_status":"closed","ping_status":"closed","sticky":false,"template":"","format":"standard","meta":{"_et_pb_use_builder":"on","_et_pb_old_content":"","_et_gb_content_width":"","iawp_total_views":1,"footnotes":""},"categories":[13,5,12],"tags":[],"class_list":["post-32368","post","type-post","status-publish","format-standard","hentry","category-news","category-events","category-unternehmen"],"_links":{"self":[{"href":"http:\/\/sauna-wellness-update.de\/de_de\/wp-json\/wp\/v2\/posts\/32368","targetHints":{"allow":["GET"]}}],"collection":[{"href":"http:\/\/sauna-wellness-update.de\/de_de\/wp-json\/wp\/v2\/posts"}],"about":[{"href":"http:\/\/sauna-wellness-update.de\/de_de\/wp-json\/wp\/v2\/types\/post"}],"author":[{"embeddable":true,"href":"http:\/\/sauna-wellness-update.de\/de_de\/wp-json\/wp\/v2\/users\/1"}],"replies":[{"embeddable":true,"href":"http:\/\/sauna-wellness-update.de\/de_de\/wp-json\/wp\/v2\/comments?post=32368"}],"version-history":[{"count":14,"href":"http:\/\/sauna-wellness-update.de\/de_de\/wp-json\/wp\/v2\/posts\/32368\/revisions"}],"predecessor-version":[{"id":32861,"href":"http:\/\/sauna-wellness-update.de\/de_de\/wp-json\/wp\/v2\/posts\/32368\/revisions\/32861"}],"wp:attachment":[{"href":"http:\/\/sauna-wellness-update.de\/de_de\/wp-json\/wp\/v2\/media?parent=32368"}],"wp:term":[{"taxonomy":"category","embeddable":true,"href":"http:\/\/sauna-wellness-update.de\/de_de\/wp-json\/wp\/v2\/categories?post=32368"},{"taxonomy":"post_tag","embeddable":true,"href":"http:\/\/sauna-wellness-update.de\/de_de\/wp-json\/wp\/v2\/tags?post=32368"}],"curies":[{"name":"wp","href":"https:\/\/api.w.org\/{rel}","templated":true}]}}