{"id":4509,"date":"2024-11-24T01:44:00","date_gmt":"2024-11-24T00:44:00","guid":{"rendered":"https:\/\/sauna-wellness-update.de\/?p=4509"},"modified":"2024-12-29T10:36:18","modified_gmt":"2024-12-29T09:36:18","slug":"interbad-2024","status":"publish","type":"post","link":"http:\/\/sauna-wellness-update.de\/de_de\/2024\/11\/24\/interbad-2024\/","title":{"rendered":"Messe Stuttgart: That was interbad 2024 &#8211; Closing-Clip"},"content":{"rendered":"\n[et_pb_section fb_built=&#8220;1&#8243; _builder_version=&#8220;4.17.4&#8243; _module_preset=&#8220;default&#8220; custom_margin=&#8220;0px||0px||true|false&#8220; custom_padding=&#8220;0px||0px||true|false&#8220; border_color_all=&#8220;rgba(86,116,125,0.5)&#8220; border_color_bottom=&#8220;RGBA(255,255,255,0)&#8220; global_colors_info=&#8220;{}&#8220;][et_pb_row _builder_version=&#8220;4.17.4&#8243; _module_preset=&#8220;default&#8220; custom_margin=&#8220;0px||0px||true|false&#8220; custom_padding=&#8220;0px||0px||true|&#8220; global_colors_info=&#8220;{}&#8220;][et_pb_column type=&#8220;4_4&#8243; _builder_version=&#8220;4.17.4&#8243; _module_preset=&#8220;default&#8220; custom_padding=&#8220;0px||0px||true|false&#8220; global_colors_info=&#8220;{}&#8220;][et_pb_text _builder_version=&#8220;4.27.3&#8243; _module_preset=&#8220;default&#8220; hover_enabled=&#8220;0&#8243; global_colors_info=&#8220;{}&#8220; sticky_enabled=&#8220;0&#8243;]<p><strong>Update v. 22. Nov<\/strong><\/p>\n<p><strong>That was interbad 2024, Closing-Clip der Messe Stuttgart auf\u00a0 YT YouTube (1:21 Min.).<\/strong><\/p>\n<p><strong><a href=\"https:\/\/www.youtube.com\/watch?v=4P0fIT6yRY8\">https:\/\/www.youtube.com\/watch?v=4P0fIT6yRY8<\/a><\/strong><\/p>\n<p><strong><a href=\"https:\/\/www.facebook.com\/DieDGfdB\/\">https:\/\/www.facebook.com\/DieDGfdB\/<\/a><\/strong><\/p>\n<p><strong><\/strong><\/p>\n<p>Update v. 31. Okt: Eine Woche nach der interbad blickt die Landesmesse auf die drei Messetage zur\u00fcck, auch mit einem knapp zweimin\u00fctigen Shortvideo.<\/p>\n<p><a href=\"https:\/\/www.messe-stuttgart.de\/interbad\/messe\/rueckblick\/rueckblick-2024\">https:\/\/www.messe-stuttgart.de\/interbad\/messe\/rueckblick\/rueckblick-2024<\/a><\/p>\n<p><a href=\"https:\/\/www.youtube.com\/watch?v=QCbERd98srs&amp;t=23s\">https:\/\/www.youtube.com\/watch?v=QCbERd98srs&amp;t=23s<\/a><\/p>\n<p><strong>\u00a0<\/strong><\/p>\n<p>Update v. 28. Okt: Die DGfdB Deutsche Gesellschaft f\u00fcr das Badewesen berichtet heute auf FB \u00fcber &#8222;drei fantastische Tage auf unserer interbad in Stuttgart&#8220;.<\/p>\n<p><a href=\"https:\/\/www.facebook.com\/DieDGfdB\/\">https:\/\/www.facebook.com\/DieDGfdB\/<\/a><\/p>\n<p><strong><\/strong><\/p>\n<p>Update v. 26. Okt: Ein Medienecho auf die special interest Messe interbad 2024 ist bislang nicht auszumachen.<\/p>\n<p><strong>Die n\u00e4chste interbad ist vom 6. bis 8. Oktober 2026 in Stuttgart.<\/strong><\/p>\n<p>Update v. 25. Okt<\/p>\n<p>Trotz &#8222;einer wirtschaftlich herausfordernden Lage&#8220; stuft die Landesmesse Stuttgart die gestern Abend zu Ende gegangene 30. Jubil\u00e4ums interbad als &#8222;nachhaltig erfolgreich&#8220; ein. Allerdings wurde bei den Ausstellern und bei den Besuchern das Corona-Niveau von 2022 nur knapp erreicht. Es gab 276 Aussteller aus 28 L\u00e4ndern und knapp 8.000 Besucher aus 60 L\u00e4ndern (1\/4 aus dem Ausland).<\/p>\n<p>Inhaltliche Bewertungen durch die Messe: &#8222;Sp\u00fcrbare Investitionsbereitschaft&#8220;, &#8222;Gr\u00f6\u00dfte Fortbildungsplattform der Branche&#8220;.<\/p>\n<p><strong>Christian Mankel<\/strong>, Gesch\u00e4ftsf\u00fchrer der DGfdB Deutschen Gesellschaft f\u00fcr das Badewesen: &#8222;Wir freuen uns, dass unser Konzept, alle Ausstellungsbereiche unter einem Dach zusammenzuf\u00fchren, aufgegangen ist. Viele Besucher lobten die kurzen Wege zwischen den Ausstellungsbereichen. Unsere neu erschienene Publikation \u201aKommunale Transformation\u2018 \u2013 B\u00e4der als Akteure und Erm\u00f6glicher \u2013 wurde ebenfalls gut angenommen. Wir haben aktuelle Herausforderungen in den Blick genommen und anschlie\u00dfend die M\u00f6glichkeiten erkundet, wie B\u00e4der zu zentralen Akteuren und Erm\u00f6glichern bei der Bew\u00e4ltigung dieser Aufgaben werden k\u00f6nnen. Das Sch\u00f6ne daran: Sowohl dieses Thema wie auch alle weiteren Angebote deckten sich auf Fachmesse und DGfdB-Kongress.\u201c<\/p>\n<p><strong><a href=\"https:\/\/www.dgfdb.de\/fileadmin\/user_upload\/Editorial_AB_11_2024.pdf\">https:\/\/www.dgfdb.de\/fileadmin\/user_upload\/Editorial_AB_11_2024.pdf<\/a><\/strong><\/p>\n<p>Den 70. DGfdB Kongress &#8211; mit einer &#8222;International Session&#8220; &#8211; besuchten 300 Teilnehmerinnen und Teilnehmer.<\/p>\n<p><strong>Martin Niederstein, Gesch\u00e4ftsf\u00fchrer des DSB Deutschen Sauna-Bundes wird wie folgt zitiert: &#8222;Die interbad 2024 war eine sehr erfolgreiche Messe.<\/strong> Sch\u00f6n fand ich, dass die Themen Sauna, Schwimmbad und Wellness in einer Halle vereint und s\u00e4mtliche relevanten Verb\u00e4nde vertreten waren, sodass man unterschiedliche Gremien wahrnehmen und sich austauschen konnte. Das alles in Verbindung mit unserem 75-j\u00e4hrgen Jubil\u00e4um.\u201c<\/p>\n<p><strong>Dr. Klaus Batz,<\/strong> Gesch\u00e4ftsf\u00fchrer der EWA: European Waterpark Association: \u201eF\u00fcr uns ist die interbad eine zentrale Highlight-Veranstaltung im Jahreskalender, eine wichtige Plattform, die immer wichtiger wird. An den drei Messetagen war sehr viel los, und es herrschte eine konzentrierte Atmosph\u00e4re, was sich positiv auf die Stimmung auswirkte. In unserer EWA-Lounge begr\u00fc\u00dften wir Mitglieder aus vielen verschiedenen L\u00e4ndern. Wir freuen uns schon auf die interbad 2026!\u201d<\/p>\n<p><strong><a href=\"https:\/\/www.messe-stuttgart.de\/interbad\/newsroom\/details#\/de\/pressemitteilung\/interbad-2024-nachhaltig-erfolgreich-967520\">https:\/\/www.messe-stuttgart.de\/interbad\/newsroom\/details#\/de\/pressemitteilung\/interbad-2024-nachhaltig-erfolgreich-967520<\/a><\/strong><\/p>\n<p><strong><a href=\"https:\/\/www.messe-stuttgart.de\/interbad\/news\/newsroom\/mediathek\">https:\/\/www.messe-stuttgart.de\/interbad\/news\/newsroom\/mediathek<\/a><\/strong><\/p>\n<p>&nbsp;<\/p>\n<p>Update v. 24. Okt, 21:30 Uhr: Das Pool und Wellness Portal Schwimmbad + Sauna hat eine erste Zusammenfassung und viele Fotos zur interbad ver\u00f6ffentlicht.<\/p>\n<p><a href=\"https:\/\/www.schwimmbad.de\/branchennews\/interbad-2024-eindruecke-von-der-fachmesse\/\">https:\/\/www.schwimmbad.de\/branchennews\/interbad-2024-eindruecke-von-der-fachmesse\/<\/a><\/p>\n<p>Update v. 24. Okt, 19:30 Uhr<\/p>\n<p>Am Abend nach Abschluss der interbad lagen noch keine offiziellen Informationen der Landesmesse zum Verlauf der interbad 2024 vor.<\/p>\n<p><strong><\/strong><\/p>\n<p><strong>In den Socials IG und FB gibt es Messe-Pics und Reels: #interbad2024 und #interbad24 und auf den Seiten der Aussteller.<\/strong><\/p>\n<p><strong><a href=\"https:\/\/www.facebook.com\/IMC.Eurospapoolnews\">https:\/\/www.facebook.com\/IMC.Eurospapoolnews<\/a><\/strong><\/p>\n<p>Donnerstag, 24. Oktober: 10 &#8211; 12 Uhr, DSB Fachtagung SaunaImpulse; ab 12:15 Uhr, DSB Mitgliederversammlung, daran anschlie\u00dfend &#8222;Feststunde&#8220; 75 Jahre Deutscher Sauna-Bund<\/p>\n<p>(Update v. 24. Sep:) Leitthemen der 30. Jubil\u00e4ums-interbad vom 22. bis 24. Oktober sind nach Messeangaben &#8222;Innovation und Nachhaltigkeit&#8220;, erstmals unter einem Dach in der gr\u00f6\u00dften Messehalle 1 (L-Bank Forum, 26.800 qm; auch 2026, 2028).<\/p>\n<p><strong>interbad Aussteller (Haupt- und Mitaussteller): 281 (Stand: 22. Oktober)<br \/><\/strong><\/p>\n<p><strong>Lt. Eurospapoolnews: 276 Exhibitors (FB v. 24. Okt)<\/strong><\/p>\n<p><strong><a href=\"https:\/\/www.facebook.com\/IMC.Eurospapoolnews\">https:\/\/www.facebook.com\/IMC.Eurospapoolnews<\/a><\/strong><\/p>\n<p>Im Segment Sauna dominieren ausl\u00e4ndische Unternehmen, zumeist aus Finnland. Im Fokus steht der f\u00fchrende Sauna Global Player, Harvia aus Muurame (C 50).<strong><br \/><\/strong><\/p>\n<p><strong><a href=\"https:\/\/www.messe-stuttgart.de\/interbad\/ausstellung\/unternehmen-produkte\/ausstellerverzeichnis#\/exhibitor\">https:\/\/www.messe-stuttgart.de\/interbad\/ausstellung\/unternehmen-produkte\/ausstellerverzeichnis#\/exhibitor<\/a><\/strong><\/p>\n<p>Halle 1,\u00a0 Stand x yz<\/p>\n<p>Network &#8222;Sauna from Finland&#8220; (A 34\/B 27):\u00a0 <a href=\"https:\/\/saunafromfinland.com\/de\/\">https:\/\/saunafromfinland.com\/de\/<\/a><\/p>\n<p><a href=\"https:\/\/saunafromfinland.com\/de\/nachrichten\/finnische-sauna-erobert-die-interbad-messe-in-stuttgart-deutschland-im-oktober\/\">https:\/\/saunafromfinland.com\/de\/nachrichten\/finnische-sauna-erobert-die-interbad-messe-in-stuttgart-deutschland-im-oktober\/<\/a><\/p>\n<p>Pr\u00e4sentation der neuen Sauna Academy: Dienstag (22.)\u00a0 und Mittwoch (23. Oktober): 13:30 &#8211; 14 Uhr, Innovation Center (CUBE 2) (L-Bank Forum, D90)<\/p>\n<p><strong>+++<\/strong><\/p>\n<p><strong>Deutsch-Finnische Gesellschaft: B 34;<\/strong> Els\u00e4sser: B 17; Finlax: B 32<strong><br \/><\/strong><\/p>\n<p><strong>DSB Deutscher Sauna-Bund, &#8222;Partner der Messe Stuttgart&#8220;: C 36:<br \/><\/strong><\/p>\n<p>Nazar Wellness: C 14<strong>; Harvia: C 50; Kemitron: C 51; <\/strong>Klaus Schlenker saunafreizeit C 61<\/p>\n<p><strong>DGfdB Deutsche Gesellschaft f\u00fcr das Badewesen\/B\u00e4derallianz:\u00a0 J 31; EWA European Waterpark Association: J 71;<\/strong><\/p>\n<p>Saunagut \/Fire &amp; Ice Wellness Spa Group: G 01; WDT Werner Dosiertechnik: G 49; devine wellness-anlagenbau: G 61<\/p>\n<p>Gantner F 32; Schunk Interieur The Relax Factory\/Prof. Dr. Biener: F 40<\/p>\n<p>HygroMatik H 51<\/p>\n<p>EHA: J 45; eccos pro: J 72<\/p>\n<p>Wedi: K50<\/p>\n<p>Weise &amp; Partner: L 68<\/p>\n<p>+++<\/p>\n<p>Er\u00f6ffnung interbad: Dienstag, 22. Okt., 10 Uhr, u.a. mit Keynote Prof. Dr. Carsten Sonnenberg, Pr\u00e4sident des DSB Deutschen Sauna-Bundes<\/p>\n<p><a href=\"https:\/\/www.eap-magazin.de\/Nachricht\/30.-Ausgabe-der-interbad-startet-in-Stuttgart.html\">https:\/\/www.eap-magazin.de\/Nachricht\/30.-Ausgabe-der-interbad-startet-in-Stuttgart.html<\/a><\/p>\n<p>Dienstag, 22. Okt: EWA Mitgliederversammlung und Neuwahlen, Dinner mit Verleihung der 22. EWA Awards<\/p>\n<p><a href=\"https:\/\/www.eap-magazin.de\/Nachricht\/EWA-Awards-2024%3A-Die-Preistraeger-stehen-fest.html\">https:\/\/www.eap-magazin.de\/Nachricht\/EWA-Awards-2024%3A-Die-Preistraeger-stehen-fest.html<\/a><\/p>\n<p>Mittwoch, 23. Oktober: ab 14:30 Uhr: interbad Live-Podcast; Location: Innovation Center (Cube 2), 1 D 90<\/p>\n<p><a href=\"https:\/\/beckenrand-podcast.de\/\">https:\/\/beckenrand-podcast.de\/<\/a><\/p>\n<p>G\u00e4ste: Christian Mankel, Gesch\u00e4ftsf\u00fchrer der DGfdB Deutschen Gesellschaft f\u00fcr das Badewesen und Joachim Sauter, Direktor Messen &amp; Events Messe Stuttgart<\/p>\n<p>Host: Dieter Vatheuer, PROVA Unternehmensberatung, Hamm<\/p>\n<p>zu h\u00f6ren auf Spotify und Apple Podcasts<\/p>\n<p>Mittwoch 23. Oktober: 17 \u2013 19 Uhr, DGfdB Mitgliederversammlung (auf der interbad ICS Stuttgart, Raum C 4)<\/p>\n<p>Mittwoch, 23. Oktober: Ausstellerabend &#8222;Nautical night&#8220; seit 18 Uhr, Eingang Ost, Foyer und Atrium<\/p>\n<p>Mittwoch, 23. Oktober: Verleihung interbad Innovation Award 2024, seit 18:30\/19 Uhr Eingang Ost, (Foyer) Atrium<\/p>\n<p>+++<\/p>\n<p>Update v. 4. Okt: Die Landesmesse Stuttgart\/interbad hat in einer Pressemitteilung noch einmal den aktuellen &#8222;Stand der Dinge&#8220; zusammengefasst.<\/p>\n<p><a href=\"https:\/\/www.messe-stuttgart.de\/interbad\/newsroom\/details#\/de\/pressemitteilung\/vielfaeltiges-programm-auf-der-interbad-2024-966981\">https:\/\/www.messe-stuttgart.de\/interbad\/newsroom\/details#\/de\/pressemitteilung\/vielfaeltiges-programm-auf-der-interbad-2024-966981<\/a><\/p>\n<p>&nbsp;<\/p>\n<p>Update v. 30. Sep: <a href=\"https:\/\/blgastro.de\/first_class\/interbad2024-wundine\/\">https:\/\/blgastro.de\/first_class\/interbad2024-wundine\/<\/a><\/p>\n<p>Update v. 28. Sep: Die interbad Ausgabe 10\/2024 des AB Archiv des Badewesens der DGfdB Deutsche(n) Gesellschaft f\u00fcr das Badewesen ist online. Darin zu finden (S. 704-706) ist der Beitrag &#8222;75 Jahre Deutscher Sauna-Bund&#8220;. Autor ist Rolf-Andreas Pieper, Pr\u00e4sidiumsmitglied des Verbandes und dessen ehemaliger Gesch\u00e4ftsf\u00fchrer.<\/p>\n<p><a href=\"https:\/\/www.dgfdb.de\">https:\/\/www.dgfdb.de<\/a><\/p>\n<p>Update v. 23. Sep: Auf FB promotet heute, Montag, der DSB Deutsche Sauna-Bund\u00a0 seine Jahrestagung Sauna Impulse am 24. Oktober, auf der Fachmesse interbad. Als Sponsoren werden Ziegra Eismaschinen, Spitzner und Manz D\u00f6bele genannt.<\/p>\n<p><a href=\"https:\/\/www.facebook.com\/DeutscherSaunaBund\/\">https:\/\/www.facebook.com\/DeutscherSaunaBund\/<\/a><\/p>\n<p><strong>+++<\/strong><\/p>\n<p><a href=\"https:\/\/www.messe-stuttgart.de\/interbad\/newsroom\/details#\/de\/pressemitteilung\/70-dgfdb-kongress-in-stuttgart-mit-international-session-959599\">https:\/\/www.messe-stuttgart.de\/interbad\/newsroom\/details#\/de\/pressemitteilung\/70-dgfdb-kongress-in-stuttgart-mit-international-session-959599<\/a><\/p>\n<p>Update v. 10. Sep: Auf FB nimmt der Gesch\u00e4ftsf\u00fchrer der DGfdB Deutschen Gesellschaft f\u00fcr das Badewesen, Christian Mankel, die derzeit laufende AUFGUSS WM in den Niederlanden zum Anlass, gemeinsam mit dem Gesch\u00e4ftsf\u00fchrer des DSB Deutschen Sauna-Bundes, Martin Niederstein, zur 30. Jubil\u00e4ums interbad einzuladen, &#8222;die genau in sechs Wochen ihre Pforten \u00f6ffnet&#8220;.<\/p>\n<p><strong><a href=\"https:\/\/www.facebook.com\/DieDGfdB\/\">https:\/\/www.facebook.com\/DieDGfdB\/<\/a><\/strong><\/p>\n<p><strong><a href=\"https:\/\/www.messe-stuttgart.de\/interbad\/\">https:\/\/www.messe-stuttgart.de\/interbad\/<\/a>\u00a0<\/strong><\/p>\n<p>&nbsp;<\/p>\n<p><strong>Update v. 2. Sept: (SISU Update v. 22. Aug:) Heute hat der DSB Deutsche Sauna-Bund das Programm des Formats Sauna Impulse bekanntgegeben. Inhaltlich geht es in zwei Stunden und vier Kurzvortr\u00e4gen am Donnerstagvormittag, 24. Oktober, auf der Landesmesse Stuttgart, ICS Internationales Congresscenter Stuttgart, Raum C 6.1,\u00a0 u.a. um : &#8222;Qualit\u00e4tsmanagement in der Sauna &#8211; Erfolgsfaktor f\u00fcr Betreiber und Mehrwert f\u00fcr G\u00e4ste&#8220;.<\/strong><\/p>\n<p>Nachtrag v. 2. September: <a href=\"https:\/\/sauna-bund.de\/fachtagung-saunaimpulse-2024\/\">https:\/\/sauna-bund.de\/fachtagung-saunaimpulse-2024\/<\/a><\/p>\n<p>Programm: <a href=\"https:\/\/sauna-bund.de\/wp-content\/uploads\/2024\/08\/SaunaImpulse2024-.pdf\">https:\/\/sauna-bund.de\/wp-content\/uploads\/2024\/08\/SaunaImpulse2024-.pdf<\/a><\/p>\n<p><strong>Am 26. August ging die Online-Fassung der September-Ausgabe des AB Archiv des Badewesens der DGfdB Deutschen Gesellschaft f\u00fcr das Badewesen ans Netz. Darin steht auch das Programm des 70. Kongresses f\u00fcr das Badewesen, mit der Premiere International Session in englischer Sprache. Eine Kongress-Keynote kommt von Prof. Dr. Carsten Sonnenberg, Pr\u00e4sident des DSB Deutschen Sauna-Bundes. <\/strong><\/p>\n<p><strong>Der Kongress l\u00e4uft am 22. und 23. Oktober auf der 30. Jubil\u00e4ums-interbad im ICS Internationales Congresscenter Stuttgart auf der Landesmesse.\u00a0 <\/strong><\/p>\n<p><a href=\"https:\/\/www.dgfdb.de\/fileadmin\/user_upload\/Kongress_AB_08_2024.pdf\">https:\/\/www.dgfdb.de\/fileadmin\/user_upload\/Kongress_AB_08_2024.pdf<\/a><\/p>\n<p><a href=\"https:\/\/www.dgfdb.de\">https:\/\/www.dgfdb.de<\/a><\/p>\n<p>Update v. 29. Jul: Erste inhaltliche Informationen zum 70. Kongress der DGfdB Deutsche Geselllschaft f\u00fcr das Badewesen auf der diej\u00e4hrigen 30. Jubil\u00e4ums-interbad, Ende Oktober auf der Landesmesse Stuttgart, stehen auf der Website der DGfdB und im seit heute online verf\u00fcgbaren August-Heft des AB Archiv des Badewesens. Die Ausstellerparty ist am Mittwochabend, die Jahrestagung &#8222;Sauna Impulse&#8220; des DSB Deutschen Sauna-Bundes am Donnerstagvormittag.<\/p>\n<p>Update v. 12. Jul: Noch bis zum 31. Juli geht die Bewerbungsfrist f\u00fcr den interbad innovation award, f\u00fcr den ausstellende Unternehmen und auch Start-ups infrage kommen. Die Teilnahme erfolgt \u00fcber eine Online-Registrierung. &#8222;Die offizielle Preisverleihung mit K\u00fcrung der ersten drei Pl\u00e4tze findet am letzten Messetag (24. Oktober) statt.&#8220;<\/p>\n<p><strong><a href=\"https:\/\/www.eap-magazin.de\/Nachricht\/Bewerbungsphase-fuer-den-interbad-Innovation-Award-laeuft.html\">https:\/\/www.eap-magazin.de\/Nachricht\/Bewerbungsphase-fuer-den-interbad-Innovation-Award-laeuft.html<\/a><\/strong><\/p>\n<p><strong><a href=\"https:\/\/www.messe-stuttgart.de\/interbad\/newsroom\/details#\/de\/pressemitteilung\/interbad-innovation-award-geht-in-die-naechste-runde-956425\">https:\/\/www.messe-stuttgart.de\/interbad\/newsroom\/details#\/de\/pressemitteilung\/interbad-innovation-award-geht-in-die-naechste-runde-956425<\/a><\/strong><\/p>\n<p>Update v. 23. Jun: Auf FB ver\u00f6ffentlicht das Online-Verbraucherportal &#8222;saunazeit&#8220; eine aktuelle interbad Pressemeldung und gibt als Quelle die Landesmesse Stuttgart an.<\/p>\n<p><strong><a href=\"https:\/\/www.facebook.com\/saunazeitCOM\/\">https:\/\/www.facebook.com\/saunazeitCOM\/<\/a><\/strong><\/p>\n<p><strong><a href=\"https:\/\/saunazeit.com\/die-30-interbad-2024-innovationen-und-trends-fuer-schwimmbad-sauna-und-spa-in-stuttgart\/\">https:\/\/saunazeit.com\/die-30-interbad-2024-innovationen-und-trends-fuer-schwimmbad-sauna-und-spa-in-stuttgart\/<\/a><\/strong><\/p>\n<p><strong><\/strong><\/p>\n<p>Update v. 6. Mai: Der DSB Deutsche Sauna-Bund greift erstmals auf FB die Pressemeldung der interbad\/Landesmesse Stuttgart v. 24. April\u00a0 auf.<\/p>\n<p><a href=\"https:\/\/www.facebook.com\/DeutscherSaunaBund\/\">https:\/\/www.facebook.com\/DeutscherSaunaBund\/<\/a><\/p>\n<p>Update v. 29. Apr: Die aktuelle Situation sechs Monate vor der internationalen Jubil\u00e4ums-Fachmesse:<\/p>\n<p><a href=\"https:\/\/www.messe-stuttgart.de\/interbad\/newsroom\/details#\/de\/pressemitteilung\/interbad-2024-branche-erstmals-unter-einem-dach-vereint-947174\">https:\/\/www.messe-stuttgart.de\/interbad\/newsroom\/details#\/de\/pressemitteilung\/interbad-2024-branche-erstmals-unter-einem-dach-vereint-947174<\/a><\/p>\n<p>Update v. 26. Feb: Die Landesmesse Stuttgart meldet eine Belegung der Ausstellungsfl\u00e4che von &#8222;mehr als 75 Prozent&#8220;. Alle Marktf\u00fchrer seien &#8222;wieder mit an Bord&#8220;,\u00a0 gut neun Monate vor dem Beginn der\u00a0 30. Jubil\u00e4ums-interbad. Diese wird als &#8222;eine optimale Plattform f\u00fcr die gesamte Branche&#8220; charakterisiert; &#8222;weltweit ist sie die Messe mit dem gr\u00f6\u00dften Produktangebot im Bereich Sauna&#8220;.<strong><br \/><\/strong><\/p>\n<p>Die interbad &#8211; Fachmesse f\u00fcr Schwimmbad, Sauna und Spa- wird von der DGfdB Deutschen Gesellschaft f\u00fcr das Badewesen und der Landesmesse Stuttgart im Zwei-Jahres-Turnus veranstaltet und l\u00e4uft 2024 vom 22. (Dienstag) bis 24. Oktober (Donnerstag).<\/p>\n<p><a href=\"https:\/\/www.messe-stuttgart.de\/interbad\/newsroom\/details#\/de\/pressemitteilung\/interbad-2024-mehr-als-75-prozent-der-flaeche-bereits-belegt-863493\">https:\/\/www.messe-stuttgart.de\/interbad\/newsroom\/details#\/de\/pressemitteilung\/interbad-2024-mehr-als-75-prozent-der-flaeche-bereits-belegt-863493<\/a><\/p>\n<p><a href=\"https:\/\/www.eap-magazin.de\/Nachricht\/interbad-2024%3A-Mehr-als-75-Prozent-der-Flaeche-bereits-belegt.html\">https:\/\/www.eap-magazin.de\/Nachricht\/interbad-2024%3A-Mehr-als-75-Prozent-der-Flaeche-bereits-belegt.html<\/a><\/p>\n<p>&nbsp;<\/p>\n<p><strong>SISU Throwback v. 13. Feb 2023 <\/strong><\/p>\n<p>Die interbad, internationale Fachmesse f\u00fcr Schwimmbad, Sauna &amp; Spa, feiert im n\u00e4chsten Jahr ihr 30. Jubil\u00e4um. Vom 22. bis 24. Oktober, Dienstag bis\u00a0 Donnerstag, auf der Landesmesse Stuttgart: um einen Tag verk\u00fcrzt, daf\u00fcr aber erstmals unter einem Dach in der gr\u00f6\u00dften Messehalle 1 (L-Bank Forum).<\/p>\n<p><a href=\"https:\/\/profi.schwimmbad.de\/events\/\">https:\/\/profi.schwimmbad.de\/events\/<\/a><\/p>[\/et_pb_text][et_pb_text _builder_version=&#8220;4.24.2&#8243; _module_preset=&#8220;default&#8220; global_colors_info=&#8220;{}&#8220;]<p><strong>Update v. 26. Feb<\/strong><\/p>\n<p><strong>Die Landesmesse Stuttgart meldet eine Belegung der Ausstellungsfl\u00e4che von &#8222;mehr als 75 Prozent&#8220;. Alle Marktf\u00fchrer seien &#8222;wieder mit an Bord&#8220;,\u00a0 gut neun Monate vor dem Beginn der\u00a0 30. Jubil\u00e4ums-interbad. Diese wird als &#8222;eine optimale Plattform f\u00fcr die gesamte Branche&#8220; charakterisiert; &#8222;weltweit ist sie die Messe mit dem gr\u00f6\u00dften Produktangebot im Bereich Sauna&#8220;.<br \/><\/strong><\/p>\n<p><strong>Die interbad &#8211; Fachmesse f\u00fcr Schwimmbad, Sauna und Spa- wird von der DGfdB Deutschen Gesellschaft f\u00fcr das Badewesen und der Landesmesse Stuttgart im Zwei-Jahres-Turnus veranstaltet und l\u00e4uft 2024 vom 22. (Dienstag) bis 24. Oktober (Donnerstag). <br \/><\/strong><\/p>\n<p><strong><\/strong><\/p>\n<p><a href=\"https:\/\/www.messe-stuttgart.de\/interbad\/newsroom\/details#\/de\/pressemitteilung\/interbad-2024-mehr-als-75-prozent-der-flaeche-bereits-belegt-863493\">https:\/\/www.messe-stuttgart.de\/interbad\/newsroom\/details#\/de\/pressemitteilung\/interbad-2024-mehr-als-75-prozent-der-flaeche-bereits-belegt-863493<\/a><\/p>\n<p><a href=\"https:\/\/www.eap-magazin.de\/Nachricht\/interbad-2024%3A-Mehr-als-75-Prozent-der-Flaeche-bereits-belegt.html\">https:\/\/www.eap-magazin.de\/Nachricht\/interbad-2024%3A-Mehr-als-75-Prozent-der-Flaeche-bereits-belegt.html<\/a><\/p>\n<p>&nbsp;<\/p>\n<p><strong>SISU Throwback v. 13. Feb 2023 <\/strong><\/p>\n<p>Die interbad, internationale Fachmesse f\u00fcr Schwimmbad, Sauna &amp; Spa, feiert im n\u00e4chsten Jahr ihr 30. Jubil\u00e4um. Vom 22. bis 24. Oktober, Dienstag bis\u00a0 Donnerstag, auf der Landesmesse Stuttgart: um einen Tag verk\u00fcrzt, daf\u00fcr aber erstmals unter einem Dach in der gr\u00f6\u00dften Messehalle 1 (L-Bank Forum).<\/p>\n<p><a href=\"https:\/\/profi.schwimmbad.de\/events\/\">https:\/\/profi.schwimmbad.de\/events\/<\/a><\/p>\n<p><a href=\"http:\/\/www.interbad.de\">www.interbad.de<\/a><\/p>[\/et_pb_text][et_pb_divider color=&#8220;#CABB9F&#8220; divider_weight=&#8220;1px&#8220; _builder_version=&#8220;4.17.4&#8243; _module_preset=&#8220;default&#8220; width=&#8220;70%&#8220; global_colors_info=&#8220;{}&#8220;][\/et_pb_divider][\/et_pb_column][\/et_pb_row][\/et_pb_section]\n","protected":false},"excerpt":{"rendered":"<p>Update v. 22. Nov That was interbad 2024, Closing-Clip der Messe Stuttgart auf\u00a0 YT YouTube (1:21 Min.). https:\/\/www.youtube.com\/watch?v=4P0fIT6yRY8 https:\/\/www.facebook.com\/DieDGfdB\/ Update v. 31. Okt: Eine Woche nach der interbad blickt die Landesmesse auf die drei Messetage zur\u00fcck, auch mit einem knapp zweimin\u00fctigen Shortvideo. https:\/\/www.messe-stuttgart.de\/interbad\/messe\/rueckblick\/rueckblick-2024 https:\/\/www.youtube.com\/watch?v=QCbERd98srs&amp;t=23s \u00a0 Update v. 28. Okt: Die DGfdB Deutsche Gesellschaft f\u00fcr das [&hellip;]<\/p>\n","protected":false},"author":1,"featured_media":0,"comment_status":"open","ping_status":"open","sticky":false,"template":"","format":"standard","meta":{"_et_pb_use_builder":"on","_et_pb_old_content":"","_et_gb_content_width":"","iawp_total_views":1,"footnotes":""},"categories":[13,5,6,12],"tags":[],"class_list":["post-4509","post","type-post","status-publish","format-standard","hentry","category-news","category-events","category-leute","category-unternehmen"],"_links":{"self":[{"href":"http:\/\/sauna-wellness-update.de\/de_de\/wp-json\/wp\/v2\/posts\/4509","targetHints":{"allow":["GET"]}}],"collection":[{"href":"http:\/\/sauna-wellness-update.de\/de_de\/wp-json\/wp\/v2\/posts"}],"about":[{"href":"http:\/\/sauna-wellness-update.de\/de_de\/wp-json\/wp\/v2\/types\/post"}],"author":[{"embeddable":true,"href":"http:\/\/sauna-wellness-update.de\/de_de\/wp-json\/wp\/v2\/users\/1"}],"replies":[{"embeddable":true,"href":"http:\/\/sauna-wellness-update.de\/de_de\/wp-json\/wp\/v2\/comments?post=4509"}],"version-history":[{"count":274,"href":"http:\/\/sauna-wellness-update.de\/de_de\/wp-json\/wp\/v2\/posts\/4509\/revisions"}],"predecessor-version":[{"id":32973,"href":"http:\/\/sauna-wellness-update.de\/de_de\/wp-json\/wp\/v2\/posts\/4509\/revisions\/32973"}],"wp:attachment":[{"href":"http:\/\/sauna-wellness-update.de\/de_de\/wp-json\/wp\/v2\/media?parent=4509"}],"wp:term":[{"taxonomy":"category","embeddable":true,"href":"http:\/\/sauna-wellness-update.de\/de_de\/wp-json\/wp\/v2\/categories?post=4509"},{"taxonomy":"post_tag","embeddable":true,"href":"http:\/\/sauna-wellness-update.de\/de_de\/wp-json\/wp\/v2\/tags?post=4509"}],"curies":[{"name":"wp","href":"https:\/\/api.w.org\/{rel}","templated":true}]}}