{"id":45165,"date":"2025-07-17T09:55:00","date_gmt":"2025-07-17T07:55:00","guid":{"rendered":"https:\/\/sauna-wellness-update.de\/?p=45165"},"modified":"2025-07-17T11:57:01","modified_gmt":"2025-07-17T09:57:01","slug":"top-touristenattratkion-geothermal-freibad-blaue-lagune-evakuiert-vulkanausbruch-im-suedwesten-islands","status":"publish","type":"post","link":"http:\/\/sauna-wellness-update.de\/de_de\/2025\/07\/17\/top-touristenattratkion-geothermal-freibad-blaue-lagune-evakuiert-vulkanausbruch-im-suedwesten-islands\/","title":{"rendered":"Touristenattraktion Geothermal-Freibad &#8222;Blaue Lagune&#8220; wieder ge\u00f6ffnet &#8211; Vulkanausbruch im S\u00fcdwesten Islands dauert an"},"content":{"rendered":"\n[et_pb_section fb_built=&#8220;1&#8243; _builder_version=&#8220;4.17.4&#8243; _module_preset=&#8220;default&#8220; custom_margin=&#8220;0px||0px||true|false&#8220; custom_padding=&#8220;0px||0px||true|false&#8220; border_color_all=&#8220;rgba(86,116,125,0.5)&#8220; border_color_bottom=&#8220;RGBA(255,255,255,0)&#8220; global_colors_info=&#8220;{}&#8220;][et_pb_row _builder_version=&#8220;4.17.4&#8243; _module_preset=&#8220;default&#8220; custom_margin=&#8220;0px||0px||true|false&#8220; custom_padding=&#8220;0px||0px||true|&#8220; global_colors_info=&#8220;{}&#8220;][et_pb_column type=&#8220;4_4&#8243; _builder_version=&#8220;4.17.4&#8243; _module_preset=&#8220;default&#8220; custom_padding=&#8220;0px||0px||true|false&#8220; global_colors_info=&#8220;{}&#8220;][et_pb_text _builder_version=&#8220;4.27.4&#8243; _module_preset=&#8220;default&#8220; hover_enabled=&#8220;0&#8243; global_colors_info=&#8220;{}&#8220; sticky_enabled=&#8220;0&#8243;]<p><strong>Update, 17. Jul<\/strong><\/p>\n<p><strong>&#8222;Vulkanausbruch bei Sudhn\u00fakur auf Island h\u00e4lt an&#8220;. <\/strong><strong>Die &#8222;Blaue Lagune&#8220; wird heute aber wieder f\u00fcr G\u00e4ste zug\u00e4nglich sein.<\/strong><\/p>\n<p><strong><\/strong><\/p>\n<p><a href=\"https:\/\/www.vulkane.net\/blogmobil\/island-laenge-der-aktiven-eruptionsspalte-verkuerzte-sich\/\">https:\/\/www.vulkane.net\/blogmobil\/island-laenge-der-aktiven-eruptionsspalte-verkuerzte-sich\/<\/a><\/p>\n<p>+<\/p>\n<p>SISU, 16. Jul: Heute ist auf Island auf der s\u00fcdwestlich gelegenen Reykjanes-Halbinsel ein Vulkan ausgebrochen, zum neunten Mal seit 2023. BILD berichtet, dass die bei Touristen beliebte &#8222;Blaue Lagune&#8220;\u00a0 &#8211; ein Geothermal-Freibad &#8211; deswegen &#8222;evakuiert und geschlossen&#8220; werden musste. Island ist mit 33 aktiven Vulkanen die aktivste Region in Europa.<\/p>\n<p><a href=\"https:\/\/www.bild.de\">https:\/\/www.bild.de<\/a><\/p>\n<p><a href=\"https:\/\/www.deutschlandfunk.de\/erneuter-vulkanausbruch-in-island-fischerort-grindavik-und-blaue-lagune-evakuiert-100.html\">https:\/\/www.deutschlandfunk.de\/erneuter-vulkanausbruch-in-island-fischerort-grindavik-und-blaue-lagune-evakuiert-100.html<\/a><\/p>\n<p><a href=\"https:\/\/www.bluelagoon.com\/\">https:\/\/www.bluelagoon.com\/<\/a><\/p>[\/et_pb_text][et_pb_divider color=&#8220;#CABB9F&#8220; divider_weight=&#8220;1px&#8220; _builder_version=&#8220;4.17.4&#8243; _module_preset=&#8220;default&#8220; width=&#8220;70%&#8220; global_colors_info=&#8220;{}&#8220;][\/et_pb_divider][\/et_pb_column][\/et_pb_row][\/et_pb_section]\n","protected":false},"excerpt":{"rendered":"<p>Update, 17. Jul &#8222;Vulkanausbruch bei Sudhn\u00fakur auf Island h\u00e4lt an&#8220;. Die &#8222;Blaue Lagune&#8220; wird heute aber wieder f\u00fcr G\u00e4ste zug\u00e4nglich sein. https:\/\/www.vulkane.net\/blogmobil\/island-laenge-der-aktiven-eruptionsspalte-verkuerzte-sich\/ + SISU, 16. Jul: Heute ist auf Island auf der s\u00fcdwestlich gelegenen Reykjanes-Halbinsel ein Vulkan ausgebrochen, zum neunten Mal seit 2023. BILD berichtet, dass die bei Touristen beliebte &#8222;Blaue Lagune&#8220;\u00a0 &#8211; ein Geothermal-Freibad [&hellip;]<\/p>\n","protected":false},"author":1,"featured_media":0,"comment_status":"closed","ping_status":"closed","sticky":false,"template":"","format":"standard","meta":{"_et_pb_use_builder":"on","_et_pb_old_content":"","_et_gb_content_width":"","iawp_total_views":0,"footnotes":""},"categories":[13,14],"tags":[],"class_list":["post-45165","post","type-post","status-publish","format-standard","hentry","category-news","category-anlagen"],"_links":{"self":[{"href":"http:\/\/sauna-wellness-update.de\/de_de\/wp-json\/wp\/v2\/posts\/45165","targetHints":{"allow":["GET"]}}],"collection":[{"href":"http:\/\/sauna-wellness-update.de\/de_de\/wp-json\/wp\/v2\/posts"}],"about":[{"href":"http:\/\/sauna-wellness-update.de\/de_de\/wp-json\/wp\/v2\/types\/post"}],"author":[{"embeddable":true,"href":"http:\/\/sauna-wellness-update.de\/de_de\/wp-json\/wp\/v2\/users\/1"}],"replies":[{"embeddable":true,"href":"http:\/\/sauna-wellness-update.de\/de_de\/wp-json\/wp\/v2\/comments?post=45165"}],"version-history":[{"count":11,"href":"http:\/\/sauna-wellness-update.de\/de_de\/wp-json\/wp\/v2\/posts\/45165\/revisions"}],"predecessor-version":[{"id":45212,"href":"http:\/\/sauna-wellness-update.de\/de_de\/wp-json\/wp\/v2\/posts\/45165\/revisions\/45212"}],"wp:attachment":[{"href":"http:\/\/sauna-wellness-update.de\/de_de\/wp-json\/wp\/v2\/media?parent=45165"}],"wp:term":[{"taxonomy":"category","embeddable":true,"href":"http:\/\/sauna-wellness-update.de\/de_de\/wp-json\/wp\/v2\/categories?post=45165"},{"taxonomy":"post_tag","embeddable":true,"href":"http:\/\/sauna-wellness-update.de\/de_de\/wp-json\/wp\/v2\/tags?post=45165"}],"curies":[{"name":"wp","href":"https:\/\/api.w.org\/{rel}","templated":true}]}}