{"id":48976,"date":"2025-11-05T03:54:00","date_gmt":"2025-11-05T02:54:00","guid":{"rendered":"https:\/\/sauna-wellness-update.de\/?p=48976"},"modified":"2025-11-05T09:34:40","modified_gmt":"2025-11-05T08:34:40","slug":"top-sauna-und-wellness-maerkte-aktuelle-daten-fakten-fehlen-zeitenwende-durch-corona-quo-vadis","status":"publish","type":"post","link":"http:\/\/sauna-wellness-update.de\/de_de\/2025\/11\/05\/top-sauna-und-wellness-maerkte-aktuelle-daten-fakten-fehlen-zeitenwende-durch-corona-quo-vadis\/","title":{"rendered":"Intransparenz Sauna &amp; Wellness: Aktuelle &#8222;belastbare&#8220; Daten &amp; Fakten fehlen &#8211; Quo vadis?"},"content":{"rendered":"\n[et_pb_section fb_built=&#8220;1&#8243; _builder_version=&#8220;4.17.4&#8243; _module_preset=&#8220;default&#8220; custom_margin=&#8220;0px||0px||true|false&#8220; custom_padding=&#8220;0px||0px||true|false&#8220; border_color_all=&#8220;rgba(86,116,125,0.5)&#8220; border_color_bottom=&#8220;RGBA(255,255,255,0)&#8220; global_colors_info=&#8220;{}&#8220;][et_pb_row _builder_version=&#8220;4.17.4&#8243; _module_preset=&#8220;default&#8220; custom_margin=&#8220;0px||0px||true|false&#8220; custom_padding=&#8220;0px||0px||true|&#8220; global_colors_info=&#8220;{}&#8220;][et_pb_column type=&#8220;4_4&#8243; _builder_version=&#8220;4.17.4&#8243; _module_preset=&#8220;default&#8220; custom_padding=&#8220;0px||0px||true|false&#8220; global_colors_info=&#8220;{}&#8220;][et_pb_text _builder_version=&#8220;4.27.4&#8243; _module_preset=&#8220;default&#8220; hover_enabled=&#8220;0&#8243; global_colors_info=&#8220;{}&#8220; sticky_enabled=&#8220;0&#8243;]<p><strong>SISU, 18. Sep<\/strong><\/p>\n<p><strong>Es gab eine Zeit vor Corona (seit 2019\/2020) und es gibt eine Zeit danach (ab 2022\/2023). Von einer &#8222;Zeitenwende&#8220;, einer Z\u00e4sur, auch im Segment Sauna und Wellness zu sprechen. d\u00fcrfte deshalb keineswegs \u00fcbertrieben gewesen sein.<\/strong><\/p>\n<p><strong>Zu Beginn der neuen Saison 2025\/26 fehlen nach wie vor aktuelle detaillierte Daten &amp; Fakten, repr\u00e4sentative Branchen-Erhebungen und G\u00e4stebefragungen, zu den aktuellen Sauna- und Wellnessm\u00e4rkten. Seri\u00f6se, solide und &#8222;belastbare&#8220; Aussagen zur Anlagen-Frequentierung und zum Besucherverhalten in Deutschland gibt es derzeit nicht, nur wenig aussagekr\u00e4ftige &#8222;Extrapolationen&#8220; und Mutma\u00dfungen. Daraus lassen sich keine zitierf\u00e4higen Erkenntnisse und fundierten Investitionsentscheidungen ableiten. Ein gro\u00dfes Manko! (Gen.) \u00a0 <\/strong><strong><\/strong><strong><\/strong><\/p>[\/et_pb_text][et_pb_divider color=&#8220;#CABB9F&#8220; divider_weight=&#8220;1px&#8220; _builder_version=&#8220;4.17.4&#8243; _module_preset=&#8220;default&#8220; width=&#8220;70%&#8220; global_colors_info=&#8220;{}&#8220;][\/et_pb_divider][\/et_pb_column][\/et_pb_row][\/et_pb_section]\n","protected":false},"excerpt":{"rendered":"<p>SISU, 18. Sep Es gab eine Zeit vor Corona (seit 2019\/2020) und es gibt eine Zeit danach (ab 2022\/2023). Von einer &#8222;Zeitenwende&#8220;, einer Z\u00e4sur, auch im Segment Sauna und Wellness zu sprechen. d\u00fcrfte deshalb keineswegs \u00fcbertrieben gewesen sein. Zu Beginn der neuen Saison 2025\/26 fehlen nach wie vor aktuelle detaillierte Daten &amp; Fakten, repr\u00e4sentative Branchen-Erhebungen [&hellip;]<\/p>\n","protected":false},"author":1,"featured_media":0,"comment_status":"closed","ping_status":"closed","sticky":false,"template":"","format":"standard","meta":{"_et_pb_use_builder":"on","_et_pb_old_content":"","_et_gb_content_width":"","iawp_total_views":0,"footnotes":""},"categories":[13],"tags":[],"class_list":["post-48976","post","type-post","status-publish","format-standard","hentry","category-news"],"_links":{"self":[{"href":"http:\/\/sauna-wellness-update.de\/de_de\/wp-json\/wp\/v2\/posts\/48976","targetHints":{"allow":["GET"]}}],"collection":[{"href":"http:\/\/sauna-wellness-update.de\/de_de\/wp-json\/wp\/v2\/posts"}],"about":[{"href":"http:\/\/sauna-wellness-update.de\/de_de\/wp-json\/wp\/v2\/types\/post"}],"author":[{"embeddable":true,"href":"http:\/\/sauna-wellness-update.de\/de_de\/wp-json\/wp\/v2\/users\/1"}],"replies":[{"embeddable":true,"href":"http:\/\/sauna-wellness-update.de\/de_de\/wp-json\/wp\/v2\/comments?post=48976"}],"version-history":[{"count":16,"href":"http:\/\/sauna-wellness-update.de\/de_de\/wp-json\/wp\/v2\/posts\/48976\/revisions"}],"predecessor-version":[{"id":49982,"href":"http:\/\/sauna-wellness-update.de\/de_de\/wp-json\/wp\/v2\/posts\/48976\/revisions\/49982"}],"wp:attachment":[{"href":"http:\/\/sauna-wellness-update.de\/de_de\/wp-json\/wp\/v2\/media?parent=48976"}],"wp:term":[{"taxonomy":"category","embeddable":true,"href":"http:\/\/sauna-wellness-update.de\/de_de\/wp-json\/wp\/v2\/categories?post=48976"},{"taxonomy":"post_tag","embeddable":true,"href":"http:\/\/sauna-wellness-update.de\/de_de\/wp-json\/wp\/v2\/tags?post=48976"}],"curies":[{"name":"wp","href":"https:\/\/api.w.org\/{rel}","templated":true}]}}