{"id":51805,"date":"2025-11-07T10:55:00","date_gmt":"2025-11-07T09:55:00","guid":{"rendered":"https:\/\/sauna-wellness-update.de\/?p=51805"},"modified":"2025-11-11T23:18:41","modified_gmt":"2025-11-11T22:18:41","slug":"vorschau-deutscher-baedertag-in-bad-frankenhausen-kyffhaeuser-thueringen","status":"publish","type":"post","link":"http:\/\/sauna-wellness-update.de\/de_de\/2025\/11\/07\/vorschau-deutscher-baedertag-in-bad-frankenhausen-kyffhaeuser-thueringen\/","title":{"rendered":"121. Deutscher B\u00e4dertag in Bad Frankenhausen\/Kyffh\u00e4user (Th\u00fcringen)"},"content":{"rendered":"\n[et_pb_section fb_built=&#8220;1&#8243; _builder_version=&#8220;4.17.4&#8243; _module_preset=&#8220;default&#8220; custom_margin=&#8220;0px||0px||true|false&#8220; custom_padding=&#8220;0px||0px||true|false&#8220; border_color_all=&#8220;rgba(86,116,125,0.5)&#8220; border_color_bottom=&#8220;RGBA(255,255,255,0)&#8220; global_colors_info=&#8220;{}&#8220;][et_pb_row _builder_version=&#8220;4.17.4&#8243; _module_preset=&#8220;default&#8220; custom_margin=&#8220;0px||0px||true|false&#8220; custom_padding=&#8220;0px||0px||true|&#8220; global_colors_info=&#8220;{}&#8220;][et_pb_column type=&#8220;4_4&#8243; _builder_version=&#8220;4.17.4&#8243; _module_preset=&#8220;default&#8220; custom_padding=&#8220;0px||0px||true|false&#8220; global_colors_info=&#8220;{}&#8220;][et_pb_text _builder_version=&#8220;4.27.4&#8243; _module_preset=&#8220;default&#8220; hover_enabled=&#8220;0&#8243; global_colors_info=&#8220;{}&#8220; sticky_enabled=&#8220;0&#8243;]<p><strong>SISU, 5. Nov<\/strong><\/p>\n<p><strong>5. \u2013 7. Nov: 121. Deutscher B\u00e4dertag in Bad Frankenhausen\/Kyffh\u00e4user (Th\u00fcringen)<\/strong><\/p>\n<p><a href=\"https:\/\/www.deutscher-heilbaederverband.de\/fileadmin\/user_upload\/bilder\/Termine\/Einladung_121._Deutscher_B%C3%A4dertag.pdf_01.pdf\">https:\/\/www.deutscher-heilbaederverband.de\/fileadmin\/user_upload\/bilder\/Termine\/Einladung_121._Deutscher_B%C3%A4dertag.pdf_01.pdf<\/a><\/p>\n<p><a href=\"https:\/\/www.kyffhaeuser-nachrichten.de\/news\/news_lang.php?ArtNr=374476\">https:\/\/www.kyffhaeuser-nachrichten.de\/news\/news_lang.php?ArtNr=374476<\/a><\/p>\n<p><a href=\"https:\/\/www.mdr.de\/video\/mdr-videos\/f\/video-968704.html\">https:\/\/www.mdr.de\/video\/mdr-videos\/f\/video-968704.html<\/a><\/p>\n<p><a href=\"https:\/\/www.deutscher-heilbaederverband.de\/aktuelles\/termine\/detail\/121-deutscher-baedertag-in-bad-frankenhausen\/\">https:\/\/www.deutscher-heilbaederverband.de\/aktuelles\/termine\/detail\/121-deutscher-baedertag-in-bad-frankenhausen\/<\/a><\/p>\n<p>+<\/p>\n<p>Im M\u00e4rz schloss &#8211; nach 27 Jahren Betrieb &#8211; die ortsans\u00e4ssige Kyffh\u00e4user Therme. Noch in diesem Monat soll mit einem 13,5 Millionen Umbau &#8211; geplant mit angeschlossenem Hotel &#8211; begonnen werden. Neu-Er\u00f6ffnung des &#8222;Frankenh\u00e4user Gesundheitsresorts&#8220; soll 2028 sein.\u00a0 Die urspr\u00fcnglichen Hotelpl\u00e4ne sind inzwischen obsolet geworden.<\/p>\n<p><a href=\"https:\/\/www.facebook.com\/photo\/?fbid=1224558236367893&amp;set=a.623244639832592\">https:\/\/www.facebook.com\/photo\/?fbid=1224558236367893&amp;set=a.623244639832592<\/a><\/p>\n<p><a href=\"https:\/\/www.kyffhaeuser-therme.de\/\">https:\/\/www.kyffhaeuser-therme.de\/<\/a><\/p>\n<p><strong>Laut KI Perplexity gibt es zur Zeit 350 staatlich pr\u00e4dikatisierte Heilb\u00e4der und Kurorte. <\/strong><\/p>\n<p><a href=\"https:\/\/www.perplexity.ai\/de\/hub\/getting-started\">https:\/\/www.perplexity.ai\/de\/hub\/getting-started<\/a><\/p>[\/et_pb_text][et_pb_divider color=&#8220;#CABB9F&#8220; divider_weight=&#8220;1px&#8220; _builder_version=&#8220;4.17.4&#8243; _module_preset=&#8220;default&#8220; width=&#8220;70%&#8220; global_colors_info=&#8220;{}&#8220;][\/et_pb_divider][\/et_pb_column][\/et_pb_row][\/et_pb_section]\n","protected":false},"excerpt":{"rendered":"<p>SISU, 5. Nov 5. \u2013 7. Nov: 121. Deutscher B\u00e4dertag in Bad Frankenhausen\/Kyffh\u00e4user (Th\u00fcringen) https:\/\/www.deutscher-heilbaederverband.de\/fileadmin\/user_upload\/bilder\/Termine\/Einladung_121._Deutscher_B%C3%A4dertag.pdf_01.pdf https:\/\/www.kyffhaeuser-nachrichten.de\/news\/news_lang.php?ArtNr=374476 https:\/\/www.mdr.de\/video\/mdr-videos\/f\/video-968704.html https:\/\/www.deutscher-heilbaederverband.de\/aktuelles\/termine\/detail\/121-deutscher-baedertag-in-bad-frankenhausen\/ + Im M\u00e4rz schloss &#8211; nach 27 Jahren Betrieb &#8211; die ortsans\u00e4ssige Kyffh\u00e4user Therme. Noch in diesem Monat soll mit einem 13,5 Millionen Umbau &#8211; geplant mit angeschlossenem Hotel &#8211; begonnen werden. Neu-Er\u00f6ffnung des &#8222;Frankenh\u00e4user Gesundheitsresorts&#8220; soll [&hellip;]<\/p>\n","protected":false},"author":1,"featured_media":0,"comment_status":"closed","ping_status":"closed","sticky":false,"template":"","format":"standard","meta":{"_et_pb_use_builder":"on","_et_pb_old_content":"","_et_gb_content_width":"","iawp_total_views":0,"footnotes":""},"categories":[13,5,12],"tags":[],"class_list":["post-51805","post","type-post","status-publish","format-standard","hentry","category-news","category-events","category-unternehmen"],"_links":{"self":[{"href":"http:\/\/sauna-wellness-update.de\/de_de\/wp-json\/wp\/v2\/posts\/51805","targetHints":{"allow":["GET"]}}],"collection":[{"href":"http:\/\/sauna-wellness-update.de\/de_de\/wp-json\/wp\/v2\/posts"}],"about":[{"href":"http:\/\/sauna-wellness-update.de\/de_de\/wp-json\/wp\/v2\/types\/post"}],"author":[{"embeddable":true,"href":"http:\/\/sauna-wellness-update.de\/de_de\/wp-json\/wp\/v2\/users\/1"}],"replies":[{"embeddable":true,"href":"http:\/\/sauna-wellness-update.de\/de_de\/wp-json\/wp\/v2\/comments?post=51805"}],"version-history":[{"count":15,"href":"http:\/\/sauna-wellness-update.de\/de_de\/wp-json\/wp\/v2\/posts\/51805\/revisions"}],"predecessor-version":[{"id":52419,"href":"http:\/\/sauna-wellness-update.de\/de_de\/wp-json\/wp\/v2\/posts\/51805\/revisions\/52419"}],"wp:attachment":[{"href":"http:\/\/sauna-wellness-update.de\/de_de\/wp-json\/wp\/v2\/media?parent=51805"}],"wp:term":[{"taxonomy":"category","embeddable":true,"href":"http:\/\/sauna-wellness-update.de\/de_de\/wp-json\/wp\/v2\/categories?post=51805"},{"taxonomy":"post_tag","embeddable":true,"href":"http:\/\/sauna-wellness-update.de\/de_de\/wp-json\/wp\/v2\/tags?post=51805"}],"curies":[{"name":"wp","href":"https:\/\/api.w.org\/{rel}","templated":true}]}}