{"id":52150,"date":"2025-11-07T09:56:00","date_gmt":"2025-11-07T08:56:00","guid":{"rendered":"https:\/\/sauna-wellness-update.de\/?p=52150"},"modified":"2025-11-07T15:57:13","modified_gmt":"2025-11-07T14:57:13","slug":"sz-schwierige-sanierung-seebad-sauna-in-starnberg-eroeffnet-fruehestens-im-mai","status":"publish","type":"post","link":"http:\/\/sauna-wellness-update.de\/de_de\/2025\/11\/07\/sz-schwierige-sanierung-seebad-sauna-in-starnberg-eroeffnet-fruehestens-im-mai\/","title":{"rendered":"SZ: &#8222;Schwierige Sanierung &#8211; Seebad-Sauna in Starnberg er\u00f6ffnet fr\u00fchestens im Mai&#8220;"},"content":{"rendered":"\n[et_pb_section fb_built=&#8220;1&#8243; _builder_version=&#8220;4.17.4&#8243; _module_preset=&#8220;default&#8220; custom_margin=&#8220;0px||0px||true|false&#8220; custom_padding=&#8220;0px||0px||true|false&#8220; border_color_all=&#8220;rgba(86,116,125,0.5)&#8220; border_color_bottom=&#8220;RGBA(255,255,255,0)&#8220; global_colors_info=&#8220;{}&#8220; theme_builder_area=&#8220;post_content&#8220;][et_pb_row _builder_version=&#8220;4.17.4&#8243; _module_preset=&#8220;default&#8220; custom_margin=&#8220;0px||0px||true|false&#8220; custom_padding=&#8220;0px||0px||true|&#8220; global_colors_info=&#8220;{}&#8220; theme_builder_area=&#8220;post_content&#8220;][et_pb_column type=&#8220;4_4&#8243; _builder_version=&#8220;4.17.4&#8243; _module_preset=&#8220;default&#8220; custom_padding=&#8220;0px||0px||true|false&#8220; global_colors_info=&#8220;{}&#8220; theme_builder_area=&#8220;post_content&#8220;][et_pb_text _builder_version=&#8220;4.27.4&#8243; _module_preset=&#8220;default&#8220; hover_enabled=&#8220;0&#8243; global_colors_info=&#8220;{}&#8220; theme_builder_area=&#8220;post_content&#8220; sticky_enabled=&#8220;0&#8243;]<p><strong>SISU, 7. Nov<\/strong><\/p>\n<p><strong><span data-manual=\"overline\" data-schema-org-speakable=\"true\" class=\"css-1x5e08d\">&#8222;Schwierige Sanierung &#8211; <\/span><\/strong><span data-manual=\"title\" data-schema-org-speakable=\"true\" data-testid=\"title\" class=\"css-1av0rtd\"><strong>Seebad-Sauna in Starnberg er\u00f6ffnet fr\u00fchestens im Mai&#8220;<\/strong> <br \/><\/span><\/p>\n<p><strong><span data-manual=\"title\" data-schema-org-speakable=\"true\" data-testid=\"title\" class=\"css-1av0rtd\">Den aktuellen Stand gibt ein Artikel in der SZ S\u00fcddeutschen Zeitung wider:<\/span><\/strong><\/p>\n<p><span data-manual=\"title\" data-schema-org-speakable=\"true\" data-testid=\"title\" class=\"css-1av0rtd\"><a href=\"https:\/\/www.sueddeutsche.de\/muenchen\/starnberg\/starnberg-seebad-sauna-wiedereroeffnung-mai-li.3330708\">https:\/\/www.sueddeutsche.de\/muenchen\/starnberg\/starnberg-seebad-sauna-wiedereroeffnung-mai-li.3330708<\/a><\/span><\/p>\n<p><span data-manual=\"title\" data-schema-org-speakable=\"true\" data-testid=\"title\" class=\"css-1av0rtd\"><a href=\"https:\/\/www.seebad-starnberg.de\/hallenbad-strandbad-sauna\">https:\/\/www.seebad-starnberg.de\/hallenbad-strandbad-sauna<\/a><\/span><span data-manual=\"title\" data-schema-org-speakable=\"true\" data-testid=\"title\" class=\"css-1av0rtd\"><\/span><strong><\/strong><\/p>[\/et_pb_text][et_pb_divider color=&#8220;#CABB9F&#8220; divider_weight=&#8220;1px&#8220; _builder_version=&#8220;4.17.4&#8243; _module_preset=&#8220;default&#8220; width=&#8220;70%&#8220; global_colors_info=&#8220;{}&#8220; theme_builder_area=&#8220;post_content&#8220;][\/et_pb_divider][\/et_pb_column][\/et_pb_row][\/et_pb_section]\n","protected":false},"excerpt":{"rendered":"<p>SISU, 7. Nov &#8222;Schwierige Sanierung &#8211; Seebad-Sauna in Starnberg er\u00f6ffnet fr\u00fchestens im Mai&#8220; Den aktuellen Stand gibt ein Artikel in der SZ S\u00fcddeutschen Zeitung wider: https:\/\/www.sueddeutsche.de\/muenchen\/starnberg\/starnberg-seebad-sauna-wiedereroeffnung-mai-li.3330708 https:\/\/www.seebad-starnberg.de\/hallenbad-strandbad-sauna<\/p>\n","protected":false},"author":1,"featured_media":0,"comment_status":"closed","ping_status":"closed","sticky":false,"template":"","format":"standard","meta":{"_et_pb_use_builder":"on","_et_pb_old_content":"","_et_gb_content_width":"","iawp_total_views":4,"footnotes":""},"categories":[13],"tags":[],"class_list":["post-52150","post","type-post","status-publish","format-standard","hentry","category-news"],"_links":{"self":[{"href":"http:\/\/sauna-wellness-update.de\/de_de\/wp-json\/wp\/v2\/posts\/52150","targetHints":{"allow":["GET"]}}],"collection":[{"href":"http:\/\/sauna-wellness-update.de\/de_de\/wp-json\/wp\/v2\/posts"}],"about":[{"href":"http:\/\/sauna-wellness-update.de\/de_de\/wp-json\/wp\/v2\/types\/post"}],"author":[{"embeddable":true,"href":"http:\/\/sauna-wellness-update.de\/de_de\/wp-json\/wp\/v2\/users\/1"}],"replies":[{"embeddable":true,"href":"http:\/\/sauna-wellness-update.de\/de_de\/wp-json\/wp\/v2\/comments?post=52150"}],"version-history":[{"count":4,"href":"http:\/\/sauna-wellness-update.de\/de_de\/wp-json\/wp\/v2\/posts\/52150\/revisions"}],"predecessor-version":[{"id":52155,"href":"http:\/\/sauna-wellness-update.de\/de_de\/wp-json\/wp\/v2\/posts\/52150\/revisions\/52155"}],"wp:attachment":[{"href":"http:\/\/sauna-wellness-update.de\/de_de\/wp-json\/wp\/v2\/media?parent=52150"}],"wp:term":[{"taxonomy":"category","embeddable":true,"href":"http:\/\/sauna-wellness-update.de\/de_de\/wp-json\/wp\/v2\/categories?post=52150"},{"taxonomy":"post_tag","embeddable":true,"href":"http:\/\/sauna-wellness-update.de\/de_de\/wp-json\/wp\/v2\/tags?post=52150"}],"curies":[{"name":"wp","href":"https:\/\/api.w.org\/{rel}","templated":true}]}}