{"id":52438,"date":"2025-11-12T09:26:00","date_gmt":"2025-11-12T08:26:00","guid":{"rendered":"https:\/\/sauna-wellness-update.de\/?p=52438"},"modified":"2025-11-13T10:45:28","modified_gmt":"2025-11-13T09:45:28","slug":"top-erstes-mobiles-hallenbad-erste-mobile-saunaanlage-nur-noch-eine-frage-der-zeit","status":"publish","type":"post","link":"http:\/\/sauna-wellness-update.de\/de_de\/2025\/11\/12\/top-erstes-mobiles-hallenbad-erste-mobile-saunaanlage-nur-noch-eine-frage-der-zeit\/","title":{"rendered":"Erstes mobiles Hallenbad! &#8211; Erste mobile Saunaanlage nur noch eine Frage der Zeit? &#8211; Modulare Konzepte im Trend"},"content":{"rendered":"\n[et_pb_section fb_built=&#8220;1&#8243; _builder_version=&#8220;4.17.4&#8243; _module_preset=&#8220;default&#8220; custom_margin=&#8220;0px||0px||true|false&#8220; custom_padding=&#8220;0px||0px||true|false&#8220; border_color_all=&#8220;rgba(86,116,125,0.5)&#8220; border_color_bottom=&#8220;RGBA(255,255,255,0)&#8220; global_colors_info=&#8220;{}&#8220;][et_pb_row _builder_version=&#8220;4.17.4&#8243; _module_preset=&#8220;default&#8220; custom_margin=&#8220;0px||0px||true|false&#8220; custom_padding=&#8220;0px||0px||true|&#8220; global_colors_info=&#8220;{}&#8220;][et_pb_column type=&#8220;4_4&#8243; _builder_version=&#8220;4.17.4&#8243; _module_preset=&#8220;default&#8220; custom_padding=&#8220;0px||0px||true|false&#8220; global_colors_info=&#8220;{}&#8220;][et_pb_text _builder_version=&#8220;4.27.4&#8243; _module_preset=&#8220;default&#8220; hover_enabled=&#8220;0&#8243; global_colors_info=&#8220;{}&#8220; sticky_enabled=&#8220;0&#8243;]<p><strong>SISU, 12. Nov<\/strong><\/p>\n<p><strong>&#8222;Erstes modulares und r\u00fcckbaubares Hallenbad in Stuttgart&#8220;. Dar\u00fcber berichtete gestern EAP Euro Amusement Professional online. In Stuttgart-Zuffenhausen wird &#8211; als eine Art &#8222;\u00dcbergangsl\u00f6sung&#8220; &#8211; &#8222;das erste vollst\u00e4ndig r\u00fcckbaubare Hallenbad Europas&#8220; gebaut. Mit der Fertigstellung ist Mitte n\u00e4chsten Jahres zu rechnen.\u00a0 <\/strong><\/p>\n<p><a href=\"https:\/\/www.eap-magazin.de\/Nachricht\/Erstes-modulares-und-rueckbaubares-Hallenbad-in-Stuttgart.html\">https:\/\/www.eap-magazin.de\/Nachricht\/Erstes-modulares-und-rueckbaubares-Hallenbad-in-Stuttgart.html<\/a><\/p>\n<p><strong>Es scheint nur noch eine Frage der Zeit zu sein &#8211; abseits verf\u00fcgbarer,\u00a0 zumeist kleinteiliger Fass-Sauna Konzepte -, diese Innovation auch auf Saunaanlagen zu \u00fcbertragen. Modulare Konzepte sind l\u00e4ngst auch im Saunabau auf dem Vormarsch.<\/strong><strong><\/strong><\/p>[\/et_pb_text][et_pb_divider color=&#8220;#CABB9F&#8220; divider_weight=&#8220;1px&#8220; _builder_version=&#8220;4.17.4&#8243; _module_preset=&#8220;default&#8220; width=&#8220;70%&#8220; global_colors_info=&#8220;{}&#8220;][\/et_pb_divider][\/et_pb_column][\/et_pb_row][\/et_pb_section]\n","protected":false},"excerpt":{"rendered":"<p>SISU, 12. Nov &#8222;Erstes modulares und r\u00fcckbaubares Hallenbad in Stuttgart&#8220;. Dar\u00fcber berichtete gestern EAP Euro Amusement Professional online. In Stuttgart-Zuffenhausen wird &#8211; als eine Art &#8222;\u00dcbergangsl\u00f6sung&#8220; &#8211; &#8222;das erste vollst\u00e4ndig r\u00fcckbaubare Hallenbad Europas&#8220; gebaut. Mit der Fertigstellung ist Mitte n\u00e4chsten Jahres zu rechnen.\u00a0 https:\/\/www.eap-magazin.de\/Nachricht\/Erstes-modulares-und-rueckbaubares-Hallenbad-in-Stuttgart.html Es scheint nur noch eine Frage der Zeit zu sein &#8211; [&hellip;]<\/p>\n","protected":false},"author":1,"featured_media":0,"comment_status":"closed","ping_status":"closed","sticky":false,"template":"","format":"standard","meta":{"_et_pb_use_builder":"on","_et_pb_old_content":"","_et_gb_content_width":"","iawp_total_views":0,"footnotes":""},"categories":[13,12,14],"tags":[],"class_list":["post-52438","post","type-post","status-publish","format-standard","hentry","category-news","category-unternehmen","category-anlagen"],"_links":{"self":[{"href":"http:\/\/sauna-wellness-update.de\/de_de\/wp-json\/wp\/v2\/posts\/52438","targetHints":{"allow":["GET"]}}],"collection":[{"href":"http:\/\/sauna-wellness-update.de\/de_de\/wp-json\/wp\/v2\/posts"}],"about":[{"href":"http:\/\/sauna-wellness-update.de\/de_de\/wp-json\/wp\/v2\/types\/post"}],"author":[{"embeddable":true,"href":"http:\/\/sauna-wellness-update.de\/de_de\/wp-json\/wp\/v2\/users\/1"}],"replies":[{"embeddable":true,"href":"http:\/\/sauna-wellness-update.de\/de_de\/wp-json\/wp\/v2\/comments?post=52438"}],"version-history":[{"count":9,"href":"http:\/\/sauna-wellness-update.de\/de_de\/wp-json\/wp\/v2\/posts\/52438\/revisions"}],"predecessor-version":[{"id":52461,"href":"http:\/\/sauna-wellness-update.de\/de_de\/wp-json\/wp\/v2\/posts\/52438\/revisions\/52461"}],"wp:attachment":[{"href":"http:\/\/sauna-wellness-update.de\/de_de\/wp-json\/wp\/v2\/media?parent=52438"}],"wp:term":[{"taxonomy":"category","embeddable":true,"href":"http:\/\/sauna-wellness-update.de\/de_de\/wp-json\/wp\/v2\/categories?post=52438"},{"taxonomy":"post_tag","embeddable":true,"href":"http:\/\/sauna-wellness-update.de\/de_de\/wp-json\/wp\/v2\/tags?post=52438"}],"curies":[{"name":"wp","href":"https:\/\/api.w.org\/{rel}","templated":true}]}}