{"id":52779,"date":"2025-11-23T09:23:00","date_gmt":"2025-11-23T08:23:00","guid":{"rendered":"https:\/\/sauna-wellness-update.de\/?p=52779"},"modified":"2025-11-23T12:59:33","modified_gmt":"2025-11-23T11:59:33","slug":"juristische-klaerung-henry-peukert-nicht-mehr-geschaeftsfuehrer-der-bremer-baedergesellschaft-gut-ein-jahr-im-amt","status":"publish","type":"post","link":"http:\/\/sauna-wellness-update.de\/de_de\/2025\/11\/23\/juristische-klaerung-henry-peukert-nicht-mehr-geschaeftsfuehrer-der-bremer-baedergesellschaft-gut-ein-jahr-im-amt\/","title":{"rendered":"&#8222;Juristische Kl\u00e4rung&#8220;? &#8211; Henry Peukert nicht mehr Gesch\u00e4ftsf\u00fchrer der Bremer B\u00e4dergesellschaft &#8211; Gut ein Jahr im Amt"},"content":{"rendered":"\n[et_pb_section fb_built=&#8220;1&#8243; _builder_version=&#8220;4.17.4&#8243; _module_preset=&#8220;default&#8220; custom_margin=&#8220;0px||0px||true|false&#8220; custom_padding=&#8220;0px||0px||true|false&#8220; border_color_all=&#8220;rgba(86,116,125,0.5)&#8220; border_color_bottom=&#8220;RGBA(255,255,255,0)&#8220; global_colors_info=&#8220;{}&#8220;][et_pb_row _builder_version=&#8220;4.17.4&#8243; _module_preset=&#8220;default&#8220; custom_margin=&#8220;0px||0px||true|false&#8220; custom_padding=&#8220;0px||0px||true|&#8220; global_colors_info=&#8220;{}&#8220;][et_pb_column type=&#8220;4_4&#8243; _builder_version=&#8220;4.17.4&#8243; _module_preset=&#8220;default&#8220; custom_padding=&#8220;0px||0px||true|false&#8220; global_colors_info=&#8220;{}&#8220;][et_pb_text _builder_version=&#8220;4.27.4&#8243; _module_preset=&#8220;default&#8220; hover_enabled=&#8220;0&#8243; global_colors_info=&#8220;{}&#8220; sticky_enabled=&#8220;0&#8243;]<p><strong>Update, 17. Nov<\/strong><\/p>\n<p><strong>Wie das Magazin EAP Euro Amusement Professional online heute berichtet, hat der bisherige Gesch\u00e4ftsf\u00fchrer der Bremer B\u00e4dergesellschaft, Henry Peukert, das Unternehmen verlassen. Interimsgesch\u00e4ftsf\u00fchrer ist Daniel van Ballegoy (34), eine hausinterne Besetzung. Gr\u00fcnde f\u00fcr das Ausscheiden Peukerts, gut ein Jahr f\u00fcr die Betreibergesellschaft t\u00e4tig, werden nicht genannt.<\/strong><\/p>\n<p><strong>\u00dcber Hintergr\u00fcnde der Trennung respektive Freistellung von Henry Peukert und eine \u201ejuristische Kl\u00e4rung\u201c der Top-Personalie berichtete der Bremer Weser Kurier in einem Pay-wall Artikel.<\/strong><\/p>\n<p><a href=\"https:\/\/www.eap-magazin.de\/Nachricht\/Wechsel-in-der-Geschaeftsfuehrung%3A-Peukert-verlaesst-Bremer-Baeder.html\">https:\/\/www.eap-magazin.de\/Nachricht\/Wechsel-in-der-Geschaeftsfuehrung%3A-Peukert-verlaesst-Bremer-Baeder.html<\/a><\/p>\n<p><a href=\"https:\/\/www.weser-kurier.de\/bremen\/politik\/hintergruende-zur-kuendigung-des-chefs-der-bremer-baeder-henry-peukert-doc834oydfpjrqq0vmao6y\">https:\/\/www.weser-kurier.de\/bremen\/politik\/hintergruende-zur-kuendigung-des-chefs-der-bremer-baeder-henry-peukert-doc834oydfpjrqq0vmao6y<\/a><\/p>\n<p><a href=\"https:\/\/www.senatspressestelle.bremen.de\/pressemitteilungen\/wechsel-in-der-geschaeftsfuehrung-der-bremer-baeder-476552?asl=bremen02.c.732.de\">https:\/\/www.senatspressestelle.bremen.de\/pressemitteilungen\/wechsel-in-der-geschaeftsfuehrung-der-bremer-baeder-476552?asl=bremen02.c.732.de<\/a><\/p>\n<p><a href=\"https:\/\/www.instagram.com\/h.peukert\/\">https:\/\/www.instagram.com\/h.peukert\/<\/a><\/p>\n<p>+++<\/p>\n<p><strong>SISU R\u00fcckblick 2024<\/strong><\/p>\n<p>Update v. 21. Mai : Der amtierende Abteilungsleiter Betrieb bei den Berliner B\u00e4der-Betrieben, Henry Peukert (63), wird, zum 1. Juli Gesch\u00e4ftsf\u00fchrer der Bremer B\u00e4der. Zuvor hatte Peukert auch leitende Funktionen in Delmenhorst und Ganderkersee inne. Die Personalie Peukert war bereits im Dezember letzten Jahres vom Bremer Senat publik gemacht worden.<strong><br \/><\/strong><\/p>\n<p><a href=\"https:\/\/www.eap-magazin.de\/Nachricht\/Henry-Peukert-uebernimmt-als-Geschaeftsfuehrer-bei-den-Bremer-Baedern.html\">https:\/\/www.eap-magazin.de\/Nachricht\/Henry-Peukert-uebernimmt-als-Geschaeftsfuehrer-bei-den-Bremer-Baedern.html<\/a><\/p>\n<p><a href=\"https:\/\/www.instagram.com\/h.peukert\/\">https:\/\/www.instagram.com\/h.peukert\/<\/a><\/p>\n<p><a href=\"https:\/\/www.senatspressestelle.bremen.de\/pressemitteilungen\/sportsenator-maeurer-stellt-neuen-geschaeftsfuehrer-der-bremer-baeder-gmbh-vor-447043?asl=bremen02.c.730.de\">https:\/\/www.senatspressestelle.bremen.de\/pressemitteilungen\/sportsenator-maeurer-stellt-neuen-geschaeftsfuehrer-der-bremer-baeder-gmbh-vor-447043?asl=bremen02.c.730.de<\/a><\/p>\n<p><a href=\"https:\/\/www.senatspressestelle.bremen.de\/pressemitteilungen\/henry-peukert-wird-neuer-geschaeftsfuehrer-der-bremer-baeder-gmbh-437738\">https:\/\/www.senatspressestelle.bremen.de\/pressemitteilungen\/henry-peukert-wird-neuer-geschaeftsfuehrer-der-bremer-baeder-gmbh-437738<\/a><\/p>\n<p>+++<\/p>\n<div class=\"et_pb_module et_pb_text et_pb_text_1  et_pb_text_align_left et_pb_bg_layout_light\">\n<div class=\"et_pb_text_inner\">\n<div class=\"et_pb_section et_pb_section_1 et_section_regular\">\n<div class=\"et_pb_row et_pb_row_0\">\n<div class=\"et_pb_column et_pb_column_4_4 et_pb_column_0  et_pb_css_mix_blend_mode_passthrough et-last-child\">\n<div class=\"et_pb_module et_pb_text et_pb_text_0  et_pb_text_align_left et_pb_bg_layout_light\">\n<div class=\"et_pb_text_inner\">\n<p><strong>SISU R\u00fcckblick 2023<\/strong><\/p>\n<p><span data-testid=\"paid-icon\" class=\"ArticleHeadstyled__ArticleHeadPaidIconContainer-sc-tdzyy5-3 hKMxUe\">\u201e<\/span>Neuer Gesch\u00e4ftsf\u00fchrer der B\u00e4derbetriebe Wunstorf: So will Cornelius Nolte den Umbau des Elements stemmen\u201c<\/p>\n<p><a href=\"https:\/\/www.haz.de\/lokales\/umland\/wunstorf\/baederbetriebe-wunstorf-cornelius-nolte-ist-neuer-geschaeftsfuehrer-FLZVKL4PAZFPTDI35H2SUIVIW4.html\">https:\/\/www.haz.de\/lokales\/umland\/wunstorf\/baederbetriebe-wunstorf-cornelius-nolte-ist-neuer-geschaeftsfuehrer-FLZVKL4PAZFPTDI35H2SUIVIW4.html<\/a><\/p>\n<\/div>\n<div class=\"et_pb_text_inner\">\n<p><a href=\"https:\/\/www.wunstorf-elements.de\/impressum\/\">https:\/\/www.wunstorf-elements.de\/impressum\/<\/a><\/p>\n<p>\u201eNolte wird doch nicht Ganderkeseer B\u00e4derchef\u201c<\/p>\n<p><a href=\"https:\/\/weserreport.de\/2023\/04\/umzu_regional\/delmereport\/delmenhorst\/oldenburger-land\/nolte-wird-doch-nicht-ganderkeseer-baederchef\/\">https:\/\/weserreport.de\/2023\/04\/umzu_regional\/delmereport\/delmenhorst\/oldenburger-land\/nolte-wird-doch-nicht-ganderkeseer-baederchef\/<\/a><\/p>\n<p>Cornelius Nolte (58) amtiert als neuer Gesch\u00e4ftsf\u00fchrer der SaunaHuus B\u00e4der- und Saunabetriebsgesellschaft Ganderkesee (Niedersachsen, bei Bremen). Er ist damit Nachfolger von Henry Peukert, der nach gut sechs Jahren in Ganderkesee wieder als Leiter der Berliner B\u00e4der-Betriebe t\u00e4tig sein wird, was schon mehrere Monate bekannt ist. Nolte ist geb\u00fcrtiger Berliner.<\/p>\n<p>Zum Monatsende Juni 2022 hatte Cornelius Nolte, knapp neun Jahre Gesch\u00e4ftsf\u00fchrer der Bali Therme Bad Oeynhausen (Nordrhein-Westfalen), das Unternehmen verlassen. An dessen Spitze steht jetzt Willem K\u00fcnne. Die Bali Therme geh\u00f6rt zur niederl\u00e4ndischen Unternehmensgruppe International Wellness Resorts (IWR). Dachorganisation ist ASPRO PARKS in Madrid, zu der auch die GMF in Neuried bei M\u00fcnchen\u00a0 z\u00e4hlt.<\/p>\n<p><a href=\"https:\/\/www.gemeindeganderkesee.de\/\">https:\/\/www.gemeindeganderkesee.de\/<\/a><\/p>\n<p><a href=\"https:\/\/www.dk-online.de\/lokales\/ganderkesee\/artikel\/das-ist-der-neue-an-der-spitze-des-baederbetriebs-in-ganderkesee-44263833\">https:\/\/www.dk-online.de\/lokales\/ganderkesee\/artikel\/das-ist-der-neue-an-der-spitze-des-baederbetriebs-in-ganderkesee-44263833<\/a><\/p>\n<p><a href=\"https:\/\/www.nwzonline.de\/oldenburg-kreis\/saunahuus-und-baeder-in-ganderkesee-cornelius-nolte-neuer-chef_a_3,2,3860575074.html\">https:\/\/www.nwzonline.de\/oldenburg-kreis\/saunahuus-und-baeder-in-ganderkesee-cornelius-nolte-neuer-chef_a_3,2,3860575074.html<\/a><\/p>\n<p><a href=\"https:\/\/www.saunahuus.de\/\">https:\/\/www.saunahuus.de\/<\/a><\/p>\n<p><a href=\"https:\/\/www.berlinerbaeder.de\/\">https:\/\/www.berlinerbaeder.de\/<\/a><\/p>\n<p><a href=\"http:\/\/www.balitherme.de\">www.balitherme.de<\/a><br \/><a href=\"http:\/\/www.iwr.nl\/de\">www.iwr.nl\/de<\/a><br \/><a href=\"http:\/\/www.asproparks.com\">www.asproparks.com<\/a><\/p>\n<\/div>\n<\/div>\n<\/div>\n<\/div>\n<\/div>\n<\/div>\n<\/div>[\/et_pb_text][et_pb_divider color=&#8220;#CABB9F&#8220; divider_weight=&#8220;1px&#8220; _builder_version=&#8220;4.17.4&#8243; _module_preset=&#8220;default&#8220; width=&#8220;70%&#8220; global_colors_info=&#8220;{}&#8220;][\/et_pb_divider][\/et_pb_column][\/et_pb_row][\/et_pb_section]\n","protected":false},"excerpt":{"rendered":"<p>Update, 17. Nov Wie das Magazin EAP Euro Amusement Professional online heute berichtet, hat der bisherige Gesch\u00e4ftsf\u00fchrer der Bremer B\u00e4dergesellschaft, Henry Peukert, das Unternehmen verlassen. Interimsgesch\u00e4ftsf\u00fchrer ist Daniel van Ballegoy (34), eine hausinterne Besetzung. Gr\u00fcnde f\u00fcr das Ausscheiden Peukerts, gut ein Jahr f\u00fcr die Betreibergesellschaft t\u00e4tig, werden nicht genannt. \u00dcber Hintergr\u00fcnde der Trennung respektive Freistellung [&hellip;]<\/p>\n","protected":false},"author":1,"featured_media":0,"comment_status":"closed","ping_status":"closed","sticky":false,"template":"","format":"standard","meta":{"_et_pb_use_builder":"on","_et_pb_old_content":"","_et_gb_content_width":"","iawp_total_views":9,"footnotes":""},"categories":[13,6,12],"tags":[],"class_list":["post-52779","post","type-post","status-publish","format-standard","hentry","category-news","category-leute","category-unternehmen"],"_links":{"self":[{"href":"http:\/\/sauna-wellness-update.de\/de_de\/wp-json\/wp\/v2\/posts\/52779","targetHints":{"allow":["GET"]}}],"collection":[{"href":"http:\/\/sauna-wellness-update.de\/de_de\/wp-json\/wp\/v2\/posts"}],"about":[{"href":"http:\/\/sauna-wellness-update.de\/de_de\/wp-json\/wp\/v2\/types\/post"}],"author":[{"embeddable":true,"href":"http:\/\/sauna-wellness-update.de\/de_de\/wp-json\/wp\/v2\/users\/1"}],"replies":[{"embeddable":true,"href":"http:\/\/sauna-wellness-update.de\/de_de\/wp-json\/wp\/v2\/comments?post=52779"}],"version-history":[{"count":10,"href":"http:\/\/sauna-wellness-update.de\/de_de\/wp-json\/wp\/v2\/posts\/52779\/revisions"}],"predecessor-version":[{"id":53045,"href":"http:\/\/sauna-wellness-update.de\/de_de\/wp-json\/wp\/v2\/posts\/52779\/revisions\/53045"}],"wp:attachment":[{"href":"http:\/\/sauna-wellness-update.de\/de_de\/wp-json\/wp\/v2\/media?parent=52779"}],"wp:term":[{"taxonomy":"category","embeddable":true,"href":"http:\/\/sauna-wellness-update.de\/de_de\/wp-json\/wp\/v2\/categories?post=52779"},{"taxonomy":"post_tag","embeddable":true,"href":"http:\/\/sauna-wellness-update.de\/de_de\/wp-json\/wp\/v2\/tags?post=52779"}],"curies":[{"name":"wp","href":"https:\/\/api.w.org\/{rel}","templated":true}]}}