{"id":65460,"date":"2026-08-31T10:15:00","date_gmt":"2026-08-31T08:15:00","guid":{"rendered":"https:\/\/sauna-wellness-update.de\/?p=65460"},"modified":"2026-08-31T22:01:57","modified_gmt":"2026-08-31T20:01:57","slug":"muenster-amelsbueren-gruender-der-eymann-sauna-gestorben-50-jahre-in-familienbesitz","status":"publish","type":"post","link":"http:\/\/sauna-wellness-update.de\/de_de\/2026\/08\/31\/muenster-amelsbueren-gruender-der-eymann-sauna-gestorben-50-jahre-in-familienbesitz\/","title":{"rendered":"M\u00fcnster-Amelsb\u00fcren: &#8222;Gr\u00fcnder der Eymann-Sauna gestorben&#8220; &#8211; 50 Jahre in Familienbesitz"},"content":{"rendered":"<p>[et_pb_section fb_built=&#8220;1&#8243; _builder_version=&#8220;4.17.4&#8243; _module_preset=&#8220;default&#8220; custom_margin=&#8220;0px||0px||true|false&#8220; custom_padding=&#8220;0px||0px||true|false&#8220; border_color_all=&#8220;rgba(86,116,125,0.5)&#8220; border_color_bottom=&#8220;RGBA(255,255,255,0)&#8220; global_colors_info=&#8220;{}&#8220;][et_pb_row _builder_version=&#8220;4.17.4&#8243; _module_preset=&#8220;default&#8220; custom_margin=&#8220;0px||0px||true|false&#8220; custom_padding=&#8220;0px||0px||true|&#8220; global_colors_info=&#8220;{}&#8220;][et_pb_column type=&#8220;4_4&#8243; _builder_version=&#8220;4.17.4&#8243; _module_preset=&#8220;default&#8220; custom_padding=&#8220;0px||0px||true|false&#8220; global_colors_info=&#8220;{}&#8220;][et_pb_text _builder_version=&#8220;4.27.8&#8243; _module_preset=&#8220;default&#8220; hover_enabled=&#8220;0&#8243; global_colors_info=&#8220;{}&#8220; sticky_enabled=&#8220;0&#8243;]<\/p>\n<p><strong>SISU, 31. Aug<\/strong><\/p>\n<p><strong>M\u00fcnster-Amelsb\u00fcren: &#8222;Gr\u00fcnder der Eymann-Sauna gestorben&#8220; &#8211; Klaus Eymann (84)<br \/><\/strong><\/p>\n<p><strong>Tischlermeister Klaus Eymann gr\u00fcndete vor 50 Jahren die heute \u00fcberregional bekannte Saunaanlage im Familienbesitz. <\/strong><\/p>\n<p><a href=\"https:\/\/www.wn.de\/muenster\/klaus-eymann-sauna-muenster-gestorben-3632401?pid=true&amp;ueg=default\">https:\/\/www.wn.de\/muenster\/klaus-eymann-sauna-muenster-gestorben-3632401?pid=true&amp;ueg=default<\/a><\/p>\n<p><a href=\"https:\/\/www.instagram.com\/eymann_sauna\/\">https:\/\/www.instagram.com\/eymann_sauna\/<\/a><\/p>\n<p><a href=\"https:\/\/www.eymann-sauna.de\/\">https:\/\/www.eymann-sauna.de\/<\/a><\/p>\n<p>[\/et_pb_text][et_pb_divider color=&#8220;#CABB9F&#8220; divider_weight=&#8220;1px&#8220; _builder_version=&#8220;4.17.4&#8243; _module_preset=&#8220;default&#8220; width=&#8220;70%&#8220; global_colors_info=&#8220;{}&#8220;][\/et_pb_divider][\/et_pb_column][\/et_pb_row][\/et_pb_section]<\/p>\n","protected":false},"excerpt":{"rendered":"<p>SISU, 31. Aug M\u00fcnster-Amelsb\u00fcren: &#8222;Gr\u00fcnder der Eymann-Sauna gestorben&#8220; &#8211; Klaus Eymann (84) Tischlermeister Klaus Eymann gr\u00fcndete vor 50 Jahren die heute \u00fcberregional bekannte Saunaanlage im Familienbesitz. https:\/\/www.wn.de\/muenster\/klaus-eymann-sauna-muenster-gestorben-3632401?pid=true&amp;ueg=default https:\/\/www.instagram.com\/eymann_sauna\/ https:\/\/www.eymann-sauna.de\/<\/p>\n","protected":false},"author":1,"featured_media":0,"comment_status":"closed","ping_status":"closed","sticky":false,"template":"","format":"standard","meta":{"_et_pb_use_builder":"on","_et_pb_old_content":"","_et_gb_content_width":"","iawp_total_views":6,"footnotes":""},"categories":[13,6,14],"tags":[],"class_list":["post-65460","post","type-post","status-publish","format-standard","hentry","category-news","category-leute","category-anlagen"],"_links":{"self":[{"href":"http:\/\/sauna-wellness-update.de\/de_de\/wp-json\/wp\/v2\/posts\/65460","targetHints":{"allow":["GET"]}}],"collection":[{"href":"http:\/\/sauna-wellness-update.de\/de_de\/wp-json\/wp\/v2\/posts"}],"about":[{"href":"http:\/\/sauna-wellness-update.de\/de_de\/wp-json\/wp\/v2\/types\/post"}],"author":[{"embeddable":true,"href":"http:\/\/sauna-wellness-update.de\/de_de\/wp-json\/wp\/v2\/users\/1"}],"replies":[{"embeddable":true,"href":"http:\/\/sauna-wellness-update.de\/de_de\/wp-json\/wp\/v2\/comments?post=65460"}],"version-history":[{"count":5,"href":"http:\/\/sauna-wellness-update.de\/de_de\/wp-json\/wp\/v2\/posts\/65460\/revisions"}],"predecessor-version":[{"id":65467,"href":"http:\/\/sauna-wellness-update.de\/de_de\/wp-json\/wp\/v2\/posts\/65460\/revisions\/65467"}],"wp:attachment":[{"href":"http:\/\/sauna-wellness-update.de\/de_de\/wp-json\/wp\/v2\/media?parent=65460"}],"wp:term":[{"taxonomy":"category","embeddable":true,"href":"http:\/\/sauna-wellness-update.de\/de_de\/wp-json\/wp\/v2\/categories?post=65460"},{"taxonomy":"post_tag","embeddable":true,"href":"http:\/\/sauna-wellness-update.de\/de_de\/wp-json\/wp\/v2\/tags?post=65460"}],"curies":[{"name":"wp","href":"https:\/\/api.w.org\/{rel}","templated":true}]}}