{"id":8091,"date":"2026-01-25T03:54:00","date_gmt":"2026-01-25T02:54:00","guid":{"rendered":"https:\/\/sauna-wellness-update.de\/?p=8091"},"modified":"2026-01-25T22:33:41","modified_gmt":"2026-01-25T21:33:41","slug":"jede-einzigartig-strandsaunas-auf-sylt","status":"publish","type":"post","link":"http:\/\/sauna-wellness-update.de\/de_de\/2026\/01\/25\/jede-einzigartig-strandsaunas-auf-sylt\/","title":{"rendered":"&#8222;Sturmsauna&#8220; Samoa &#8211; &#8222;Sturmwoche&#8220; auf Sylt: Insel-Eventmarketing"},"content":{"rendered":"\n[et_pb_section fb_built=&#8220;1&#8243; _builder_version=&#8220;4.17.4&#8243; _module_preset=&#8220;default&#8220; custom_margin=&#8220;0px||0px||true|false&#8220; custom_padding=&#8220;0px||0px||true|false&#8220; border_color_all=&#8220;rgba(86,116,125,0.5)&#8220; border_color_bottom=&#8220;RGBA(255,255,255,0)&#8220; global_colors_info=&#8220;{}&#8220;][et_pb_row _builder_version=&#8220;4.17.4&#8243; _module_preset=&#8220;default&#8220; custom_margin=&#8220;0px||0px||true|false&#8220; custom_padding=&#8220;0px||0px||true|&#8220; global_colors_info=&#8220;{}&#8220;][et_pb_column type=&#8220;4_4&#8243; _builder_version=&#8220;4.17.4&#8243; _module_preset=&#8220;default&#8220; custom_padding=&#8220;0px||0px||true|false&#8220; global_colors_info=&#8220;{}&#8220;][et_pb_text _builder_version=&#8220;4.27.5&#8243; _module_preset=&#8220;default&#8220; hover_enabled=&#8220;0&#8243; global_colors_info=&#8220;{}&#8220; sticky_enabled=&#8220;0&#8243;]<p><strong>Update, 22. Janv<\/strong><\/p>\n<p><strong>Aktuelles Insel Event-Marketing: Noch bis kommenden Sonntag, 25. Januar, ist im Rahmen der Sylter &#8222;Sturmwoche&#8220; die Strandsauna Samoa t\u00e4glich am Nachmittag ge\u00f6ffnet. Es wird empfohlen, vorher die Verf\u00fcgbarkeit zu pr\u00fcfen.<\/strong><\/p>\n<p><a href=\"https:\/\/www.sylt.de\/veranstaltungen\/veranstaltungskalender\/veranstaltungen\/ISY\/f776a7c6-dd66-4cdd-9bbc-a0e23a3ce1e9\/sturmsauna\">https:\/\/www.sylt.de\/veranstaltungen\/veranstaltungskalender\/veranstaltungen\/ISY\/f776a7c6-dd66-4cdd-9bbc-a0e23a3ce1e9\/sturmsauna<\/a><\/p>\n<p><a href=\"https:\/\/www.sylt.de\/veranstaltungen\/sylter-sturmwoche\">https:\/\/www.sylt.de\/veranstaltungen\/sylter-sturmwoche<\/a><\/p>\n<p><a href=\"https:\/\/www.insel-sylt.de\/veranstaltungen\/veranstaltungen\/ISY\/f776a7c6-dd66-4cdd-9bbc-a0e23a3ce1e9\/sturmsauna\">https:\/\/www.insel-sylt.de\/veranstaltungen\/veranstaltungen\/ISY\/f776a7c6-dd66-4cdd-9bbc-a0e23a3ce1e9\/sturmsauna<\/a><\/p>\n<p><a href=\"https:\/\/sylt1.tv\/sturmsauna-in-der-samoa-strandsauna-in-rantum\/\">https:\/\/sylt1.tv\/sturmsauna-in-der-samoa-strandsauna-in-rantum\/<\/a><\/p>\n<p><strong>+++<\/strong><\/p>\n<p>Update, 6. Jan: Die Er\u00f6ffnung der Saison 26\/27 ist laut Website im April.<\/p>\n<p><a href=\"https:\/\/www.strandsauna-samoa.de\/saunabesuch\/\">https:\/\/www.strandsauna-samoa.de\/saunabesuch\/<\/a><\/p>\n<p>+<\/p>\n<p>Update, 4. Jan: Es gibt einige aktuelle Winter-Impressionen auf IG.<\/p>\n<p><a href=\"https:\/\/www.instagram.com\/strandsauna\/\">https:\/\/www.instagram.com\/strandsauna\/<\/a><\/p>\n<p>+<\/p>\n<p>Update, 27. Dez: Ein Kontrast- Geheimtipp! Strandsauna Rantum-Samoa (Sylt): Die Weihnachts-Neujahrs-Sauna ist seit heute, 27. Dezember, bis zum 6. Januar 2026, jeweils von 13 bis 17 Uhr, ge\u00f6ffnet.<strong><br \/><\/strong><\/p>\n<p><a href=\"https:\/\/www.strandsauna-samoa.de\/\">https:\/\/www.strandsauna-samoa.de\/<\/a><\/p>\n<p>+<\/p>\n<p>Update, 16. Nov: Die Strandsauna Samoa Sylt hat heute ihr Saison-Finish. <a href=\"https:\/\/www.instagram.com\/strandsauna\/\"><\/a><\/p>\n<p>+++<\/p>\n<p>Strandsauna List: <a href=\"http:\/\/www.strandsauna.info\">www.strandsauna.info<\/a><\/p>\n<p><a href=\"https:\/\/www.instagram.com\/strandsaunalistland\/\">https:\/\/www.instagram.com\/strandsaunalistland\/<\/a><\/p>\n<p>+++<\/p>\n<p>Update, 14. Okt: &#8222;<span class=\"headline-icon-wrapper\"><span class=\"meta-box__headline text-color__nero-100  w-900 \">Sauna, Wellness und Day Spa im Herbst auf Sylt \u2013 ein \u00dcberblick&#8220; <\/span><\/span><\/p>\n<p><span class=\"headline-icon-wrapper\"><span class=\"meta-box__headline text-color__nero-100  w-900 \"><a href=\"https:\/\/www.shz.de\/lokales\/sylt\/artikel\/sauna-wellness-und-day-spa-auf-sylt-angebote-im-ueberblick-49369617\">https:\/\/www.shz.de\/lokales\/sylt\/artikel\/sauna-wellness-und-day-spa-auf-sylt-angebote-im-ueberblick-49369617<\/a><\/span><\/span><\/p>\n<p><span class=\"headline-icon-wrapper\"><span class=\"meta-box__headline text-color__nero-100  w-900 \">+<\/span><\/span><\/p>\n<p>Update, 23. Aug: <span class=\"headline-icon-wrapper\"><span class=\"meta-box__headline text-color__nero-100  w-900 \">&#8222;Schwitzen und dann ins Meer: Hier finden Sie Sylts Strandsaunen&#8220;<\/span><\/span><\/p>\n<p><a href=\"https:\/\/www.shz.de\/lokales\/sylt\/artikel\/schwitzen-und-dann-ins-meer-strandsaunen-auf-sylt-oeffnen-wieder-48595345\">https:\/\/www.shz.de\/lokales\/sylt\/artikel\/schwitzen-und-dann-ins-meer-strandsaunen-auf-sylt-oeffnen-wieder-48595345<\/a><\/p>\n<p>+<\/p>\n<p>Update, 8. Aug<strong>: <\/strong><a href=\"https:\/\/www.travel4news.at\/204569\/wellness-auf-friesische-art-strandsauna-mit-meerblick-auf-sylt\/\" title=\"https:\/\/www.travel4news.at\/204569\/wellness-auf-friesische-art-strandsauna-mit-meerblick-auf-sylt\/\"><strong><\/strong><\/a>Ein Saunaerlebnis der ganz besonderen Art &#8211; zu jeder Jahreszeit &#8211; bieten aktuell drei Strandsaunas auf Sylt (Schlewig-Holstein). Jede ist auf ihre Art einen Besuch wert, auch wenn die Preise f\u00fcr das Schwitzen am und die Abk\u00fchlung im Meer nicht g\u00fcnstig sind. Sogar Aufg\u00fcsse gibt es &#8211; mit Blick bis zum Horizont.<\/p>\n<p><strong>Strandsauna Rantum-Samoa:<\/strong> <a href=\"https:\/\/www.strandsauna-samoa.de\/\">https:\/\/www.strandsauna-samoa.de\/<\/a><\/p>\n<p><a href=\"https:\/\/www.instagram.com\/strandsauna\/\">https:\/\/www.instagram.com\/strandsauna\/<\/a><\/p>\n<p><strong>Campingplatz Strandsauna Rantum:<\/strong> <a href=\"https:\/\/www.strandsauna.de\">https:\/\/www.strandsauna.de<\/a><\/p>\n<p><a href=\"https:\/\/www.instagram.com\/strandsauna_sylt\/\">https:\/\/www.instagram.com\/strandsauna_sylt\/<\/a><\/p>\n<p><a href=\"https:\/\/www.camping-rantum.de\/strand-freizeit\/strandsauna\/\">https:\/\/www.camping-rantum.de\/strand-freizeit\/strandsauna\/<\/a><\/p>\n<p><strong>Strandsauna List<\/strong>: <a href=\"http:\/\/www.strandsauna.info\">www.strandsauna.info<\/a><\/p>\n<p><a href=\"https:\/\/www.shz.de\/lokales\/sylt\/artikel\/schwitzen-und-dann-ins-meer-strandsaunen-auf-sylt-oeffnen-wieder-48595345\">https:\/\/www.shz.de\/lokales\/sylt\/artikel\/schwitzen-und-dann-ins-meer-strandsaunen-auf-sylt-oeffnen-wieder-48595345<\/a><\/p>\n<p><a href=\"https:\/\/www.sylt.de\/entdecken\/gesundheit-wellness\/strandsauna\">https:\/\/www.sylt.de\/entdecken\/gesundheit-wellness\/strandsauna<\/a><\/p>\n<p>+<\/p>\n<p><strong>Strandsauna Wyk auf F\u00f6hr: <\/strong><a href=\"https:\/\/www.wyk.de\/strand\/strandabschnitte\/strandsauna\">https:\/\/www.wyk.de\/strand\/strandabschnitte\/strandsauna<\/a><\/p>\n<p><a href=\"https:\/\/www.wander-wagen.de\/\">https:\/\/www.wander-wagen.de\/<\/a><\/p>\n<p>+++<\/p>\n<p><strong>Norderney: Strandsauna am FKK-Strand:<\/strong> <a href=\"https:\/\/www.norderney-unterkunft.de\/Karte-Norderney\/Strandsauna-Norderney.htm\">https:\/\/www.norderney-unterkunft.de\/Karte-Norderney\/Strandsauna-Norderney.htm<\/a><\/p>[\/et_pb_text][et_pb_divider color=&#8220;#CABB9F&#8220; divider_weight=&#8220;1px&#8220; _builder_version=&#8220;4.17.4&#8243; _module_preset=&#8220;default&#8220; width=&#8220;70%&#8220; global_colors_info=&#8220;{}&#8220;][\/et_pb_divider][\/et_pb_column][\/et_pb_row][\/et_pb_section]\n","protected":false},"excerpt":{"rendered":"<p>Update, 22. Janv Aktuelles Insel Event-Marketing: Noch bis kommenden Sonntag, 25. Januar, ist im Rahmen der Sylter &#8222;Sturmwoche&#8220; die Strandsauna Samoa t\u00e4glich am Nachmittag ge\u00f6ffnet. Es wird empfohlen, vorher die Verf\u00fcgbarkeit zu pr\u00fcfen. https:\/\/www.sylt.de\/veranstaltungen\/veranstaltungskalender\/veranstaltungen\/ISY\/f776a7c6-dd66-4cdd-9bbc-a0e23a3ce1e9\/sturmsauna https:\/\/www.sylt.de\/veranstaltungen\/sylter-sturmwoche https:\/\/www.insel-sylt.de\/veranstaltungen\/veranstaltungen\/ISY\/f776a7c6-dd66-4cdd-9bbc-a0e23a3ce1e9\/sturmsauna https:\/\/sylt1.tv\/sturmsauna-in-der-samoa-strandsauna-in-rantum\/ +++ Update, 6. Jan: Die Er\u00f6ffnung der Saison 26\/27 ist laut Website im April. https:\/\/www.strandsauna-samoa.de\/saunabesuch\/ + Update, 4. [&hellip;]<\/p>\n","protected":false},"author":1,"featured_media":0,"comment_status":"closed","ping_status":"closed","sticky":false,"template":"","format":"standard","meta":{"_et_pb_use_builder":"on","_et_pb_old_content":"","_et_gb_content_width":"","iawp_total_views":6,"footnotes":""},"categories":[13,14],"tags":[],"class_list":["post-8091","post","type-post","status-publish","format-standard","hentry","category-news","category-anlagen"],"_links":{"self":[{"href":"http:\/\/sauna-wellness-update.de\/de_de\/wp-json\/wp\/v2\/posts\/8091","targetHints":{"allow":["GET"]}}],"collection":[{"href":"http:\/\/sauna-wellness-update.de\/de_de\/wp-json\/wp\/v2\/posts"}],"about":[{"href":"http:\/\/sauna-wellness-update.de\/de_de\/wp-json\/wp\/v2\/types\/post"}],"author":[{"embeddable":true,"href":"http:\/\/sauna-wellness-update.de\/de_de\/wp-json\/wp\/v2\/users\/1"}],"replies":[{"embeddable":true,"href":"http:\/\/sauna-wellness-update.de\/de_de\/wp-json\/wp\/v2\/comments?post=8091"}],"version-history":[{"count":94,"href":"http:\/\/sauna-wellness-update.de\/de_de\/wp-json\/wp\/v2\/posts\/8091\/revisions"}],"predecessor-version":[{"id":55310,"href":"http:\/\/sauna-wellness-update.de\/de_de\/wp-json\/wp\/v2\/posts\/8091\/revisions\/55310"}],"wp:attachment":[{"href":"http:\/\/sauna-wellness-update.de\/de_de\/wp-json\/wp\/v2\/media?parent=8091"}],"wp:term":[{"taxonomy":"category","embeddable":true,"href":"http:\/\/sauna-wellness-update.de\/de_de\/wp-json\/wp\/v2\/categories?post=8091"},{"taxonomy":"post_tag","embeddable":true,"href":"http:\/\/sauna-wellness-update.de\/de_de\/wp-json\/wp\/v2\/tags?post=8091"}],"curies":[{"name":"wp","href":"https:\/\/api.w.org\/{rel}","templated":true}]}}