{"id":8918,"date":"2025-07-26T09:45:00","date_gmt":"2025-07-26T07:45:00","guid":{"rendered":"https:\/\/sauna-wellness-update.de\/?p=8918"},"modified":"2025-07-26T14:34:50","modified_gmt":"2025-07-26T12:34:50","slug":"neue-ausgabe-von-monte-mare-tv","status":"publish","type":"post","link":"http:\/\/sauna-wellness-update.de\/de_de\/2025\/07\/26\/neue-ausgabe-von-monte-mare-tv\/","title":{"rendered":"Neue Ausgabe von monte mare TV vom Standort Andernach &#8211; Sauna im Sommer &#8211; Wedelschulung"},"content":{"rendered":"\n[et_pb_section fb_built=&#8220;1&#8243; _builder_version=&#8220;4.17.4&#8243; _module_preset=&#8220;default&#8220; custom_margin=&#8220;0px||0px||true|false&#8220; custom_padding=&#8220;0px||0px||true|false&#8220; border_color_all=&#8220;rgba(86,116,125,0.5)&#8220; border_color_bottom=&#8220;RGBA(255,255,255,0)&#8220; global_colors_info=&#8220;{}&#8220;][et_pb_row _builder_version=&#8220;4.17.4&#8243; _module_preset=&#8220;default&#8220; custom_margin=&#8220;0px||0px||true|false&#8220; custom_padding=&#8220;0px||0px||true|&#8220; global_colors_info=&#8220;{}&#8220;][et_pb_column type=&#8220;4_4&#8243; _builder_version=&#8220;4.17.4&#8243; _module_preset=&#8220;default&#8220; custom_padding=&#8220;0px||0px||true|false&#8220; global_colors_info=&#8220;{}&#8220;][et_pb_text _builder_version=&#8220;4.27.4&#8243; _module_preset=&#8220;default&#8220; hover_enabled=&#8220;0&#8243; global_colors_info=&#8220;{}&#8220; sticky_enabled=&#8220;0&#8243;]<p><strong>Update, 26. Jul<\/strong><\/p>\n<p><strong>Gestern ist die neue Ausgabe von monte mare TV online gegangen. Die Sendung vom Standort Andernach hat eine L\u00e4nge von circa f\u00fcnf Minuten.<\/strong><\/p>\n<p><a href=\"https:\/\/www.tv-mittelrhein.de\/sendungen\/62\/Monte_Mare_TV\/7747\/Dauerwerbesendung_I_Sauna_im_Sommer_Wedelschulung.html\">https:\/\/www.tv-mittelrhein.de\/sendungen\/62\/Monte_Mare_TV\/7747\/Dauerwerbesendung_I_Sauna_im_Sommer_Wedelschulung.html<\/a><\/p>\n<p><a href=\"http:\/\/www.montemare.de\">www.montemare.de<\/a><strong><\/strong><\/p>\n<p><strong>SISU 2023<\/strong><\/p>\n<p>Kurz vor Pfingsten ist die neue Ausgabe von monte mare TV online gegangen. Die Sendung hat eine L\u00e4nge von sechs Minuten.<\/p>\n<p>Zehn Sauna &amp; Wellness Resorts geh\u00f6ren zur Unternehmensgruppe monte mare in Rengsdorf (Rheinland-Pfalz). Gesch\u00e4ftsf\u00fchrer sind Herbert und Patrick Doll. Im monte mare Kreuzau steht \u201edie h\u00f6chste freistehende Sauna Deutschlands\u201c. Das monte mare Hotel am Standort Andernach feiert in diesen Tagen seinen f\u00fcnften Geburtstag.<\/p>\n<p><a href=\"https:\/\/www.facebook.com\/watch\/?ref=search&amp;v=1305012820103457&amp;external_log_id=0d7f3a62-73c1-4332-b13a-39c55712e575&amp;q=monte%20mare%20mai\">https:\/\/www.facebook.com\/watch\/?ref=search&amp;v=1305012820103457&amp;external_log_id=0d7f3a62-73c1-4332-b13a-39c55712e575&amp;q=monte%20mare%20mai<\/a><a href=\"http:\/\/www.montemare.de\"><\/a><\/p>[\/et_pb_text][et_pb_divider color=&#8220;#CABB9F&#8220; divider_weight=&#8220;1px&#8220; _builder_version=&#8220;4.17.4&#8243; _module_preset=&#8220;default&#8220; width=&#8220;70%&#8220; global_colors_info=&#8220;{}&#8220;][\/et_pb_divider][\/et_pb_column][\/et_pb_row][\/et_pb_section]\n","protected":false},"excerpt":{"rendered":"<p>Update, 26. Jul Gestern ist die neue Ausgabe von monte mare TV online gegangen. Die Sendung vom Standort Andernach hat eine L\u00e4nge von circa f\u00fcnf Minuten. https:\/\/www.tv-mittelrhein.de\/sendungen\/62\/Monte_Mare_TV\/7747\/Dauerwerbesendung_I_Sauna_im_Sommer_Wedelschulung.html www.montemare.de SISU 2023 Kurz vor Pfingsten ist die neue Ausgabe von monte mare TV online gegangen. Die Sendung hat eine L\u00e4nge von sechs Minuten. Zehn Sauna &amp; Wellness [&hellip;]<\/p>\n","protected":false},"author":1,"featured_media":0,"comment_status":"closed","ping_status":"closed","sticky":false,"template":"","format":"standard","meta":{"_et_pb_use_builder":"on","_et_pb_old_content":"","_et_gb_content_width":"","iawp_total_views":0,"footnotes":""},"categories":[13,6,12],"tags":[],"class_list":["post-8918","post","type-post","status-publish","format-standard","hentry","category-news","category-leute","category-unternehmen"],"_links":{"self":[{"href":"http:\/\/sauna-wellness-update.de\/de_de\/wp-json\/wp\/v2\/posts\/8918","targetHints":{"allow":["GET"]}}],"collection":[{"href":"http:\/\/sauna-wellness-update.de\/de_de\/wp-json\/wp\/v2\/posts"}],"about":[{"href":"http:\/\/sauna-wellness-update.de\/de_de\/wp-json\/wp\/v2\/types\/post"}],"author":[{"embeddable":true,"href":"http:\/\/sauna-wellness-update.de\/de_de\/wp-json\/wp\/v2\/users\/1"}],"replies":[{"embeddable":true,"href":"http:\/\/sauna-wellness-update.de\/de_de\/wp-json\/wp\/v2\/comments?post=8918"}],"version-history":[{"count":10,"href":"http:\/\/sauna-wellness-update.de\/de_de\/wp-json\/wp\/v2\/posts\/8918\/revisions"}],"predecessor-version":[{"id":45684,"href":"http:\/\/sauna-wellness-update.de\/de_de\/wp-json\/wp\/v2\/posts\/8918\/revisions\/45684"}],"wp:attachment":[{"href":"http:\/\/sauna-wellness-update.de\/de_de\/wp-json\/wp\/v2\/media?parent=8918"}],"wp:term":[{"taxonomy":"category","embeddable":true,"href":"http:\/\/sauna-wellness-update.de\/de_de\/wp-json\/wp\/v2\/categories?post=8918"},{"taxonomy":"post_tag","embeddable":true,"href":"http:\/\/sauna-wellness-update.de\/de_de\/wp-json\/wp\/v2\/tags?post=8918"}],"curies":[{"name":"wp","href":"https:\/\/api.w.org\/{rel}","templated":true}]}}