{"id":16222,"date":"2025-11-17T10:00:00","date_gmt":"2025-11-17T09:00:00","guid":{"rendered":"https:\/\/sauna-wellness-update.de\/?p=16222"},"modified":"2025-11-17T13:55:32","modified_gmt":"2025-11-17T12:55:32","slug":"preview-spacamp-am-chiemsee","status":"publish","type":"post","link":"http:\/\/sauna-wellness-update.de\/en\/2025\/11\/17\/preview-spacamp-am-chiemsee\/","title":{"rendered":"SPACamp 2026: TAUERN SPA Zell am See-Kaprun, \u00d6sterreich"},"content":{"rendered":"\n[et_pb_section fb_built=&#8220;1&#8243; _builder_version=&#8220;4.17.4&#8243; _module_preset=&#8220;default&#8220; custom_margin=&#8220;0px||0px||true|false&#8220; custom_padding=&#8220;0px||0px||true|false&#8220; border_color_all=&#8220;rgba(86,116,125,0.5)&#8220; border_color_bottom=&#8220;RGBA(255,255,255,0)&#8220; global_colors_info=&#8220;{}&#8220;][et_pb_row _builder_version=&#8220;4.17.4&#8243; _module_preset=&#8220;default&#8220; custom_margin=&#8220;0px||0px||true|false&#8220; custom_padding=&#8220;0px||0px||true|&#8220; global_colors_info=&#8220;{}&#8220;][et_pb_column type=&#8220;4_4&#8243; _builder_version=&#8220;4.17.4&#8243; _module_preset=&#8220;default&#8220; custom_padding=&#8220;0px||0px||true|false&#8220; global_colors_info=&#8220;{}&#8220;][et_pb_text _builder_version=&#8220;4.27.4&#8243; _module_preset=&#8220;default&#8220; hover_enabled=&#8220;0&#8243; global_colors_info=&#8220;{}&#8220; sticky_enabled=&#8220;0&#8243;]<p><strong>Update, 17. Nov<\/strong><\/p>\n<p><strong>17. SPACamp 2026: 12. bis 14. Oktober, TAUERN SPA, Zell am See-Kaprun (\u00d6sterreich). Anmeldung ab kommenden Mai f\u00fcr 180 Teilnehmerpl\u00e4tze (&#8222;first come, first served&#8220;).<\/strong><\/p>\n<p><a href=\"https:\/\/www.instagram.com\/spacamp\/\">https:\/\/www.instagram.com\/spacamp\/<\/a><\/p>\n<p><a href=\"https:\/\/www.facebook.com\/SPANESS\/\">https:\/\/www.facebook.com\/SPANESS\/<\/a><\/p>\n<p><a href=\"https:\/\/www.spaness.de\/\">https:\/\/www.spaness.de\/<\/a><\/p>\n<p><a href=\"https:\/\/www.tauernspakaprun.com\/de\">https:\/\/www.tauernspakaprun.com\/de<\/a><\/p>\n<p>+++<\/p>\n<p>16. SPACamp 2025 &#8222;High Spirits&#8220;: 13. bis 15. Oktober, Interalpen-Hotel Tyrol bei Seefeld (\u00d6sterreich).<\/p>\n<p><a href=\"https:\/\/www.spacamp.net\/spacamp-2025\/\">https:\/\/www.spacamp.net\/spacamp-2025\/<\/a><\/p>\n<p><a href=\"https:\/\/www.spacamp.net\/?s=Themenvorschl%C3%A4ge+2025\">https:\/\/www.spacamp.net\/?s=Themenvorschl%C3%A4ge+2025<\/a><\/p>\n<p><a href=\"https:\/\/www.interalpen.com\/\">https:\/\/www.interalpen.com\/<\/a><\/p>\n<p><strong>+++<\/strong><\/p>\n<p><strong>SISU Throwback 2024<\/strong><\/p>\n<p>Update v. 19. Okt: R\u00fcckblick:<\/p>\n<p><a href=\"https:\/\/www.spacamp.net\/magazin\/queens-and-kings-rueckblick-spacamp-2024-schloss-fleesensee\/\">https:\/\/www.spacamp.net\/magazin\/queens-and-kings-rueckblick-spacamp-2024-schloss-fleesensee\/<\/a><\/p>\n<p>Update v. 11. Aug: Das SPACamp 2024 ist vom 14. bis 16. Oktober im SCHLOSS Hotel Fleesensee (Mecklenburg-Vorpommern).<\/p>\n<p><a href=\"https:\/\/www.spacamp.net\/spacamp-2024\/\">https:\/\/www.spacamp.net\/spacamp-2024\/<\/a><\/p>\n<p><a href=\"https:\/\/www.facebook.com\/spacamp\/events\/\">https:\/\/www.facebook.com\/spacamp\/<\/a><\/p>\n<p><a href=\"https:\/\/www.instagram.com\/spacamp\/\">https:\/\/www.instagram.com\/spacamp\/<\/a><\/p>\n<p><a href=\"https:\/\/www.instagram.com\/spacamp\/\">https:\/\/schlosshotel-fleesensee.com\/<\/a><\/p>\n<p><strong><\/strong><strong><\/strong><strong><\/strong><strong><\/strong><strong><\/strong><strong>SISU Throwback 2023<\/strong><\/p>\n<p>Update v. 17. Okt: R\u00fcckblick im SPACamp Magazin: <a href=\"https:\/\/www.spacamp.net\/magazin\/rueckblick-spacamp-2023-staunen-lernen-machen-und-lachen\/\"><\/a><\/p>\n<p><a href=\"https:\/\/www.spacamp.net\/magazin\/rueckblick-spacamp-2023-staunen-lernen-machen-und-lachen\/\">https:\/\/www.spacamp.net\/magazin\/rueckblick-spacamp-2023-staunen-lernen-machen-und-lachen\/<\/a><\/p>\n<p>R\u00fcckblick mit dem offiziellen Shortcut-Video: <a href=\"https:\/\/www.youtube.com\/watch?v=UTttPAFj29I\">https:\/\/www.youtube.com\/watch?v=UTttPAFj29I<\/a><\/p>\n<p>&nbsp;<\/p>\n<p>Vom 9. bis 11. Oktober trifft sich die interessierte Community &#8211; circa 190 Personen &#8211; im diesj\u00e4hrigen SpaCamp im Resort Das Achental in Grassau im Chiemgau (Bayern). Das Motto: &#8222;Staunen, lernen, machen!&#8220; Die zahlreich eingereichten Themenvorschl\u00e4ge und das Programm finden sich unter den Links<\/p>\n<p><a href=\"https:\/\/www.spacamp.net\/spacamp-2023\/themen\/\">https:\/\/www.spacamp.net\/spacamp-2023\/themen\/<\/a><\/p>\n<p><a href=\"https:\/\/www.spacamp.net\/spacamp-2023\/programm\/\">https:\/\/www.spacamp.net\/spacamp-2023\/programm\/<\/a><\/p>\n<p>Unter anderem soll diskutiert werden: &#8222;Attraktivierung der Sauna-Bereiche durch Aufguss &amp; Co.&#8220;<\/p>\n<p><a href=\"https:\/\/www.spacamp.net\/spacamp-2023\/\">https:\/\/www.spacamp.net\/spacamp-2023\/<\/a><\/p>\n<p><a href=\"https:\/\/www.das-achental.com\/\">https:\/\/www.das-achental.com<\/a><\/p>[\/et_pb_text][et_pb_divider color=&#8220;#CABB9F&#8220; divider_weight=&#8220;1px&#8220; _builder_version=&#8220;4.17.4&#8243; _module_preset=&#8220;default&#8220; width=&#8220;70%&#8220; global_colors_info=&#8220;{}&#8220;][\/et_pb_divider][\/et_pb_column][\/et_pb_row][\/et_pb_section]\n","protected":false},"excerpt":{"rendered":"<p>Update, 17. Nov 17. SPACamp 2026: 12. bis 14. Oktober, TAUERN SPA, Zell am See-Kaprun (\u00d6sterreich). Anmeldung ab kommenden Mai f\u00fcr 180 Teilnehmerpl\u00e4tze (&#8222;first come, first served&#8220;). https:\/\/www.instagram.com\/spacamp\/ https:\/\/www.facebook.com\/SPANESS\/ https:\/\/www.spaness.de\/ https:\/\/www.tauernspakaprun.com\/de +++ 16. SPACamp 2025 &#8222;High Spirits&#8220;: 13. bis 15. Oktober, Interalpen-Hotel Tyrol bei Seefeld (\u00d6sterreich). https:\/\/www.spacamp.net\/spacamp-2025\/ https:\/\/www.spacamp.net\/?s=Themenvorschl%C3%A4ge+2025 https:\/\/www.interalpen.com\/ +++ SISU Throwback 2024 Update v. [&hellip;]<\/p>\n","protected":false},"author":1,"featured_media":0,"comment_status":"closed","ping_status":"closed","sticky":false,"template":"","format":"standard","meta":{"_et_pb_use_builder":"on","_et_pb_old_content":"","_et_gb_content_width":"","iawp_total_views":5,"footnotes":""},"categories":[13,5,12],"tags":[],"class_list":["post-16222","post","type-post","status-publish","format-standard","hentry","category-news","category-events","category-unternehmen"],"_links":{"self":[{"href":"http:\/\/sauna-wellness-update.de\/en\/wp-json\/wp\/v2\/posts\/16222","targetHints":{"allow":["GET"]}}],"collection":[{"href":"http:\/\/sauna-wellness-update.de\/en\/wp-json\/wp\/v2\/posts"}],"about":[{"href":"http:\/\/sauna-wellness-update.de\/en\/wp-json\/wp\/v2\/types\/post"}],"author":[{"embeddable":true,"href":"http:\/\/sauna-wellness-update.de\/en\/wp-json\/wp\/v2\/users\/1"}],"replies":[{"embeddable":true,"href":"http:\/\/sauna-wellness-update.de\/en\/wp-json\/wp\/v2\/comments?post=16222"}],"version-history":[{"count":69,"href":"http:\/\/sauna-wellness-update.de\/en\/wp-json\/wp\/v2\/posts\/16222\/revisions"}],"predecessor-version":[{"id":52697,"href":"http:\/\/sauna-wellness-update.de\/en\/wp-json\/wp\/v2\/posts\/16222\/revisions\/52697"}],"wp:attachment":[{"href":"http:\/\/sauna-wellness-update.de\/en\/wp-json\/wp\/v2\/media?parent=16222"}],"wp:term":[{"taxonomy":"category","embeddable":true,"href":"http:\/\/sauna-wellness-update.de\/en\/wp-json\/wp\/v2\/categories?post=16222"},{"taxonomy":"post_tag","embeddable":true,"href":"http:\/\/sauna-wellness-update.de\/en\/wp-json\/wp\/v2\/tags?post=16222"}],"curies":[{"name":"wp","href":"https:\/\/api.w.org\/{rel}","templated":true}]}}