{"id":29142,"date":"2024-10-24T09:49:00","date_gmt":"2024-10-24T07:49:00","guid":{"rendered":"https:\/\/sauna-wellness-update.de\/?p=29142"},"modified":"2024-11-21T11:23:28","modified_gmt":"2024-11-21T10:23:28","slug":"vorschau-therme-erding-sauna-cup-im-oktober-rekordfussballer-und-markenbotschafter-thomas-mueller-im-fokus","status":"publish","type":"post","link":"http:\/\/sauna-wellness-update.de\/en\/2024\/10\/24\/vorschau-therme-erding-sauna-cup-im-oktober-rekordfussballer-und-markenbotschafter-thomas-mueller-im-fokus\/","title":{"rendered":"Abenteuer Wellness Podcast 152: Saunafestival 25 Jahre Therme Erding"},"content":{"rendered":"\n[et_pb_section fb_built=&#8220;1&#8243; _builder_version=&#8220;4.17.4&#8243; _module_preset=&#8220;default&#8220; custom_margin=&#8220;0px||0px||true|false&#8220; custom_padding=&#8220;0px||0px||true|false&#8220; border_color_all=&#8220;rgba(86,116,125,0.5)&#8220; border_color_bottom=&#8220;RGBA(255,255,255,0)&#8220; global_colors_info=&#8220;{}&#8220;][et_pb_row _builder_version=&#8220;4.17.4&#8243; _module_preset=&#8220;default&#8220; custom_margin=&#8220;0px||0px||true|false&#8220; custom_padding=&#8220;0px||0px||true|&#8220; global_colors_info=&#8220;{}&#8220;][et_pb_column type=&#8220;4_4&#8243; _builder_version=&#8220;4.17.4&#8243; _module_preset=&#8220;default&#8220; custom_padding=&#8220;0px||0px||true|false&#8220; global_colors_info=&#8220;{}&#8220;][et_pb_text _builder_version=&#8220;4.27.3&#8243; _module_preset=&#8220;default&#8220; hover_enabled=&#8220;0&#8243; global_colors_info=&#8220;{}&#8220; sticky_enabled=&#8220;0&#8243;]<p>Update v. 24. Okt: 152. Folge &#8222;Abenteuer Wellness&#8220; Podcast (24:52 Min.) Saunafestival 25 Jahre Therme Erding<\/p>\n<p><a href=\"https:\/\/open.spotify.com\/episode\/0UtsodxcdcgkyRiJpvEs6f\">https:\/\/open.spotify.com\/episode\/0UtsodxcdcgkyRiJpvEs6f<\/a><\/p>\n<p>Update v. 20. Okt, 19:30 Uhr: Gewinner der &#8222;Goldenen Kelle&#8220;: Mark Badura (Tschechien)<\/p>\n<p>2. Platz: Adela Cervena (Tschechien)<\/p>\n<p><a href=\"https:\/\/www.instagram.com\/thermeerding\/\">https:\/\/www.instagram.com\/thermeerding\/<\/a><\/p>\n<p><a href=\"https:\/\/www.facebook.com\/ThermeErding\/\">https:\/\/www.facebook.com\/ThermeErding\/<\/a><\/p>\n<p><a href=\"https:\/\/www.instagram.com\/pure_nature_oil\/\">https:\/\/www.instagram.com\/pure_nature_oil\/<\/a><\/p>\n<p><a href=\"https:\/\/www.facebook.com\/Purenatureoil\/\">https:\/\/www.facebook.com\/Purenatureoil\/<\/a><\/p>\n<p><strong><a href=\"https:\/\/www.instagram.com\/m.hetzel\/\">https:\/\/www.instagram.com\/m.hetzel\/<\/a><\/strong><\/p>\n<p><strong><a href=\"https:\/\/www.facebook.com\/marcel.hetzel\"><strong>https:\/\/www.facebook.com\/marcel.hetzel<\/strong><\/a><\/strong><\/p>\n<p>(SISU Update v. 2. September:) Anl\u00e4sslich des 25-j\u00e4hrigen Bestehens der Therme Erding, wird in diesem Jahr vom 18. bis 20. Oktober erstmalig der &#8222;Therme Erding Sauna Cup&#8220; ausgetragen. Eventlocation ist die dortige Seesauna. Ein &#8222;hochrangiges Jurorenteam&#8220; (u.a. Marcel Hetzel, Deutscher Aufgussmeister 2019) bewertet die Performances von zw\u00f6lf antretenden MoA Masters of Aufguss (u.a. Mark Badura, Tschechien) in der Kategorie &#8222;Single-Showaufguss&#8220;.<\/p>\n<p>Am kommenden Samstag um 23 Uhr ist die &#8222;Qualifikationszeremonie&#8220;, die Siegerehrung dann am Sonntag um 18:30 Uhr.<\/p>\n<p><a href=\"https:\/\/www.therme-erding.de\/events\/\">https:\/\/www.therme-erding.de\/events\/<\/a><\/p>\n<p>Programm: <a href=\"https:\/\/www.therme-erding.de\/fileadmin\/userdaten\/user_upload\/06_Events\/2024\/Sauna_Festival\/SF_Programmheft_A5_15-10-2024.pdf\"><\/a><\/p>\n<p><a href=\"https:\/\/www.therme-erding.de\/fileadmin\/userdaten\/user_upload\/06_Events\/2024\/Sauna_Festival\/SF_Programmheft_A5_15-10-2024.pdf\">https:\/\/www.therme-erding.de\/fileadmin\/userdaten\/user_upload\/06_Events\/2024\/Sauna_Festival\/SF_Programmheft_A5_15-10-2024.pdf<\/a><\/p>\n<p>&nbsp;<\/p>\n<p>Update v. 12. Okt: Auch MP Markus S\u00f6der (CSU) fand lobende Worte zur &#8222;Erfolgsgeschichte 25 Jahre Therme Erding&#8220;:<\/p>\n<p><a href=\"https:\/\/www.eap-magazin.de\/Nachricht\/Erfolgsgeschichte%3A-25-Jahre-Therme-Erding.html\">https:\/\/www.eap-magazin.de\/Nachricht\/Erfolgsgeschichte%3A-25-Jahre-Therme-Erding.html<\/a><\/p>\n<p>Auf IG gratulierte gestern, Sonntag, 1. September, die Therme Erding ihrem &#8222;Markenbotschafter&#8220; Thomas M\u00fcller (34) zu seinem &#8222;Traumtor&#8220; im 710. Pflichtspiel f\u00fcr den FC Bayern M\u00fcnchen, gegen den FC Freiburg. Bislang hat M\u00fcller 245. Tore f\u00fcr seinen Verein geschosssen.<\/p>\n<p>Im Fr\u00fchjahr hatte der Rekordfu\u00dfballer einen Zweijahresvertrag als &#8222;Markenbotschafter&#8220; mit der Therme Erding unterschrieben.<\/p>\n<p>Auf IG gab die Therme am Montagnachmittag bekannt, auch in diesem Jahr wieder zu den Top 10 Reisezielen in Deutschland zu geh\u00f6ren (Platz 9).<\/p>\n<p><a href=\"https:\/\/www.germany.travel\/de\/top-100\/sehenswuerdigkeiten.html\">https:\/\/www.germany.travel\/de\/top-100\/sehenswuerdigkeiten.html<\/a><\/p>\n<p><a href=\"https:\/\/www.instagram.com\/thermeerding\/\">https:\/\/www.instagram.com\/thermeerding\/<\/a><\/p>\n<p><a href=\"https:\/\/www.therme-erding.de\/therme-sauna\/markenbotschafter-thomas-mueller\/\">https:\/\/www.therme-erding.de\/therme-sauna\/markenbotschafter-thomas-mueller\/<\/a><\/p>\n<p><a href=\"https:\/\/www.merkur.de\/lokales\/erding\/erding-ort28651\/erding-thomas-mueller-wird-thermen-markenbotschafter-93039161.html\">https:\/\/www.merkur.de\/lokales\/erding\/erding-ort28651\/erding-thomas-mueller-wird-thermen-markenbotschafter-93039161.html<\/a><\/p>\n<p><a href=\"https:\/\/www.n-tv.de\/sport\/fussball\/Scheppert-in-der-Birne-FC-Bayern-Star-Thomas-Mueller-platzt-nach-Spiel-fuer-die-Ewigkeit-vor-Stolz-article25197551.html\">https:\/\/www.n-tv.de\/sport\/fussball\/Scheppert-in-der-Birne-FC-Bayern-Star-Thomas-Mueller-platzt-nach-Spiel-fuer-die-Ewigkeit-vor-Stolz-article25197551.html<\/a><\/p>\n<p><a href=\"https:\/\/www.facebook.com\/es.muellert\/\">https:\/\/www.facebook.com\/es.muellert\/<\/a><\/p>\n<p><a href=\"https:\/\/www.esmuellert.de\">https:\/\/www.esmuellert.de<\/a><\/p>[\/et_pb_text][et_pb_divider color=&#8220;#CABB9F&#8220; divider_weight=&#8220;1px&#8220; _builder_version=&#8220;4.17.4&#8243; _module_preset=&#8220;default&#8220; width=&#8220;70%&#8220; global_colors_info=&#8220;{}&#8220;][\/et_pb_divider][\/et_pb_column][\/et_pb_row][\/et_pb_section]\n","protected":false},"excerpt":{"rendered":"<p>Update v. 24. Okt: 152. Folge &#8222;Abenteuer Wellness&#8220; Podcast (24:52 Min.) Saunafestival 25 Jahre Therme Erding https:\/\/open.spotify.com\/episode\/0UtsodxcdcgkyRiJpvEs6f Update v. 20. Okt, 19:30 Uhr: Gewinner der &#8222;Goldenen Kelle&#8220;: Mark Badura (Tschechien) 2. Platz: Adela Cervena (Tschechien) https:\/\/www.instagram.com\/thermeerding\/ https:\/\/www.facebook.com\/ThermeErding\/ https:\/\/www.instagram.com\/pure_nature_oil\/ https:\/\/www.facebook.com\/Purenatureoil\/ https:\/\/www.instagram.com\/m.hetzel\/ https:\/\/www.facebook.com\/marcel.hetzel (SISU Update v. 2. September:) Anl\u00e4sslich des 25-j\u00e4hrigen Bestehens der Therme Erding, wird in [&hellip;]<\/p>\n","protected":false},"author":1,"featured_media":0,"comment_status":"closed","ping_status":"closed","sticky":false,"template":"","format":"standard","meta":{"_et_pb_use_builder":"on","_et_pb_old_content":"","_et_gb_content_width":"","iawp_total_views":0,"footnotes":""},"categories":[13,6,14],"tags":[],"class_list":["post-29142","post","type-post","status-publish","format-standard","hentry","category-news","category-leute","category-anlagen"],"_links":{"self":[{"href":"http:\/\/sauna-wellness-update.de\/en\/wp-json\/wp\/v2\/posts\/29142","targetHints":{"allow":["GET"]}}],"collection":[{"href":"http:\/\/sauna-wellness-update.de\/en\/wp-json\/wp\/v2\/posts"}],"about":[{"href":"http:\/\/sauna-wellness-update.de\/en\/wp-json\/wp\/v2\/types\/post"}],"author":[{"embeddable":true,"href":"http:\/\/sauna-wellness-update.de\/en\/wp-json\/wp\/v2\/users\/1"}],"replies":[{"embeddable":true,"href":"http:\/\/sauna-wellness-update.de\/en\/wp-json\/wp\/v2\/comments?post=29142"}],"version-history":[{"count":54,"href":"http:\/\/sauna-wellness-update.de\/en\/wp-json\/wp\/v2\/posts\/29142\/revisions"}],"predecessor-version":[{"id":32880,"href":"http:\/\/sauna-wellness-update.de\/en\/wp-json\/wp\/v2\/posts\/29142\/revisions\/32880"}],"wp:attachment":[{"href":"http:\/\/sauna-wellness-update.de\/en\/wp-json\/wp\/v2\/media?parent=29142"}],"wp:term":[{"taxonomy":"category","embeddable":true,"href":"http:\/\/sauna-wellness-update.de\/en\/wp-json\/wp\/v2\/categories?post=29142"},{"taxonomy":"post_tag","embeddable":true,"href":"http:\/\/sauna-wellness-update.de\/en\/wp-json\/wp\/v2\/tags?post=29142"}],"curies":[{"name":"wp","href":"https:\/\/api.w.org\/{rel}","templated":true}]}}