{"id":42306,"date":"2026-01-14T08:56:00","date_gmt":"2026-01-14T07:56:00","guid":{"rendered":"https:\/\/sauna-wellness-update.de\/?p=42306"},"modified":"2026-01-14T11:33:21","modified_gmt":"2026-01-14T10:33:21","slug":"schwimmen-wird-fuer-viele-teurer","status":"publish","type":"post","link":"http:\/\/sauna-wellness-update.de\/en\/2026\/01\/14\/schwimmen-wird-fuer-viele-teurer\/","title":{"rendered":"R\u00fcckblick: ARD Tagesschau &#8222;Faktenfinder&#8220;: &#8222;Kriminalit\u00e4t in B\u00e4dern konstant &#8211; Stimmungsmache mit der Angst&#8220;"},"content":{"rendered":"\n[et_pb_section fb_built=&#8220;1&#8243; _builder_version=&#8220;4.17.4&#8243; _module_preset=&#8220;default&#8220; custom_margin=&#8220;0px||0px||true|false&#8220; custom_padding=&#8220;0px||0px||true|false&#8220; border_color_all=&#8220;rgba(86,116,125,0.5)&#8220; border_color_bottom=&#8220;RGBA(255,255,255,0)&#8220; global_colors_info=&#8220;{}&#8220;][et_pb_row _builder_version=&#8220;4.17.4&#8243; _module_preset=&#8220;default&#8220; custom_margin=&#8220;0px||0px||true|false&#8220; custom_padding=&#8220;0px||0px||true|&#8220; global_colors_info=&#8220;{}&#8220;][et_pb_column type=&#8220;4_4&#8243; _builder_version=&#8220;4.17.4&#8243; _module_preset=&#8220;default&#8220; custom_padding=&#8220;0px||0px||true|false&#8220; global_colors_info=&#8220;{}&#8220;][et_pb_text _builder_version=&#8220;4.27.4&#8243; _module_preset=&#8220;default&#8220; hover_enabled=&#8220;0&#8243; global_colors_info=&#8220;{}&#8220; sticky_enabled=&#8220;0&#8243;]<p><strong>Update, 30. Jul<\/strong><\/p>\n<p><strong><span class=\"seitenkopf__topline\">ARD Tagesschau Faktenfinder: &#8222;Kriminalit\u00e4t in B\u00e4dern konstant<\/span> <span class=\"seitenkopf__headline--text\">Stimmungsmache mit der Angst&#8220;<\/span><\/strong><\/p>\n<p><span class=\"seitenkopf__headline--text\"><a href=\"https:\/\/www.tagesschau.de\/faktenfinder\/schwimmbaeder-straftaten-100.html\">https:\/\/www.tagesschau.de\/faktenfinder\/schwimmbaeder-straftaten-100.html<\/a><\/span><\/p>\n<p><span class=\"seitenkopf__headline--text\">+++<\/span><\/p>\n<p>Update, 17. Jun: DGfdB Gesch\u00e4ftsf\u00fchrer Christian Mankel heute im ARD MOMA Morgenmagazin zur Lage der Freib\u00e4der in Deutschland:<\/p>\n<p>Link zum 5:43 Min. Beitrag: <a href=\"https:\/\/www.facebook.com\/DieDGfdB\/\">https:\/\/www.facebook.com\/DieDGfdB\/<\/a><\/p>\n<p><a href=\"https:\/\/www.daserste.de\/information\/politik-weltgeschehen\/morgenmagazin\/berichte-und-interviews\/privates-Freibad-Christian-Mankel-Geschaeftsfuehrer-Deutsche-Gesellschaft-fuer-das-Badewese-100.html?fbclid=IwY2xjawK-Mm9leHRuA2FlbQIxMAABHm1tjjvkc5XyBSTfifCISYiH0B4aBEv4jUVgMEXS6Koprj1UN6vLeZdRfTeu_aem_1AL1cgfePP9awShr8DwyNA\">https:\/\/www.daserste.de\/information\/politik-weltgeschehen\/morgenmagazin\/berichte-und-interviews\/privates-Freibad-Christian-Mankel-Geschaeftsfuehrer-Deutsche-Gesellschaft-fuer-das-Badewese-100.html<\/a><\/p>\n<p>&#8222;Fr<span class=\"article__headline\">eibadbesuche sind deutlich teurer als im Vorjahr&#8220;<\/span><\/p>\n<p><a href=\"https:\/\/www.n-tv.de\/wirtschaft\/Freibadbesuche-sind-deutlich-teurer-als-im-Vorjahr-article25839143.html\">https:\/\/www.n-tv.de\/wirtschaft\/Freibadbesuche-sind-deutlich-teurer-als-im-Vorjahr-article25839143.html<\/a><\/p>\n<p><strong>+++<\/strong><\/p>\n<p>Update, 23. Mai: Christian Mankel, Gesch\u00e4ftsf\u00fchrer der DGfdB Deutschen Geselllschaft f\u00fcr das Badewesen, hat heute Mittag in der Tagesschau ein (aufgezeichnetes ) Kurz-Statement zur teils prek\u00e4ren Lage der \u00f6ffentlichen (Frei-) B\u00e4der abgegeben und sich f\u00fcr deren Erhaltung stark gemacht.<\/p>\n<p><strong>In dem Beitrag ist von gegenw\u00e4rtig 2.800 \u00f6ffentlichen Freib\u00e4dern in Deutschland die Rede.<\/strong><\/p>\n<p><a href=\"https:\/\/www.facebook.com\/DieDGfdB\/\"><\/a>ab Min. 5:51: <a href=\"https:\/\/www.ardmediathek.de\/video\/tagesschau\/tagesschau-14-00-uhr-23-05-2025\/das-erste\/Y3JpZDovL3RhZ2Vzc2NoYXUuZGUvMTI0NTEzNGQtNGUwNy00OGZlLWEyMzUtMjJmMmFkODVjMTg3LVNFTkRVTkdTVklERU8\">https:\/\/www.ardmediathek.de\/video\/tagesschau\/tagesschau-14-00-uhr-23-05-2025\/das-erste\/Y3JpZDovL3RhZ2Vzc2NoYXUuZGUvMTI0NTEzNGQtNGUwNy00OGZlLWEyMzUtMjJmMmFkODVjMTg3LVNFTkRVTkdTVklERU8<\/a><\/p>\n<p>+++<\/p>\n<p>SISU, 17. Mai: &#8222;Schwimmen wird f\u00fcr viele teurer&#8220;, ergibt eine aktuelle VKU Verband kommunaler Unternehmen unter Badbetreibern. &#8222;Trotz der Preissteigerung rechnen viele Einrichtungen mit zunehmenden finanziellen Schwierigkeiten.&#8220; Als Probleme werden &#8222;der Fachkr\u00e4ftemangel, der Sanierungsstau und fehlende finanzielle Mittel&#8220; genannt. <strong><\/strong><\/p>\n<p><a href=\"https:\/\/www.t-online.de\/finanzen\/aktuelles\/wirtschaft\/id_100726760\/umfrage-viele-schwimmbadbetreiber-erhoehen-die-preise.html\">https:\/\/www.t-online.de\/finanzen\/aktuelles\/wirtschaft\/id_100726760\/umfrage-viele-schwimmbadbetreiber-erhoehen-die-preise.html<\/a><\/p>[\/et_pb_text][et_pb_divider color=&#8220;#CABB9F&#8220; divider_weight=&#8220;1px&#8220; _builder_version=&#8220;4.17.4&#8243; _module_preset=&#8220;default&#8220; width=&#8220;70%&#8220; global_colors_info=&#8220;{}&#8220;][\/et_pb_divider][\/et_pb_column][\/et_pb_row][\/et_pb_section]\n","protected":false},"excerpt":{"rendered":"<p>Update, 30. Jul ARD Tagesschau Faktenfinder: &#8222;Kriminalit\u00e4t in B\u00e4dern konstant Stimmungsmache mit der Angst&#8220; https:\/\/www.tagesschau.de\/faktenfinder\/schwimmbaeder-straftaten-100.html +++ Update, 17. Jun: DGfdB Gesch\u00e4ftsf\u00fchrer Christian Mankel heute im ARD MOMA Morgenmagazin zur Lage der Freib\u00e4der in Deutschland: Link zum 5:43 Min. Beitrag: https:\/\/www.facebook.com\/DieDGfdB\/ https:\/\/www.daserste.de\/information\/politik-weltgeschehen\/morgenmagazin\/berichte-und-interviews\/privates-Freibad-Christian-Mankel-Geschaeftsfuehrer-Deutsche-Gesellschaft-fuer-das-Badewese-100.html &#8222;Freibadbesuche sind deutlich teurer als im Vorjahr&#8220; https:\/\/www.n-tv.de\/wirtschaft\/Freibadbesuche-sind-deutlich-teurer-als-im-Vorjahr-article25839143.html +++ Update, 23. Mai: Christian Mankel, [&hellip;]<\/p>\n","protected":false},"author":1,"featured_media":0,"comment_status":"closed","ping_status":"closed","sticky":false,"template":"","format":"standard","meta":{"_et_pb_use_builder":"on","_et_pb_old_content":"","_et_gb_content_width":"","iawp_total_views":0,"footnotes":""},"categories":[13],"tags":[],"class_list":["post-42306","post","type-post","status-publish","format-standard","hentry","category-news"],"_links":{"self":[{"href":"http:\/\/sauna-wellness-update.de\/en\/wp-json\/wp\/v2\/posts\/42306","targetHints":{"allow":["GET"]}}],"collection":[{"href":"http:\/\/sauna-wellness-update.de\/en\/wp-json\/wp\/v2\/posts"}],"about":[{"href":"http:\/\/sauna-wellness-update.de\/en\/wp-json\/wp\/v2\/types\/post"}],"author":[{"embeddable":true,"href":"http:\/\/sauna-wellness-update.de\/en\/wp-json\/wp\/v2\/users\/1"}],"replies":[{"embeddable":true,"href":"http:\/\/sauna-wellness-update.de\/en\/wp-json\/wp\/v2\/comments?post=42306"}],"version-history":[{"count":24,"href":"http:\/\/sauna-wellness-update.de\/en\/wp-json\/wp\/v2\/posts\/42306\/revisions"}],"predecessor-version":[{"id":54940,"href":"http:\/\/sauna-wellness-update.de\/en\/wp-json\/wp\/v2\/posts\/42306\/revisions\/54940"}],"wp:attachment":[{"href":"http:\/\/sauna-wellness-update.de\/en\/wp-json\/wp\/v2\/media?parent=42306"}],"wp:term":[{"taxonomy":"category","embeddable":true,"href":"http:\/\/sauna-wellness-update.de\/en\/wp-json\/wp\/v2\/categories?post=42306"},{"taxonomy":"post_tag","embeddable":true,"href":"http:\/\/sauna-wellness-update.de\/en\/wp-json\/wp\/v2\/tags?post=42306"}],"curies":[{"name":"wp","href":"https:\/\/api.w.org\/{rel}","templated":true}]}}