{"id":55024,"date":"2026-01-18T08:57:00","date_gmt":"2026-01-18T07:57:00","guid":{"rendered":"https:\/\/sauna-wellness-update.de\/?p=55024"},"modified":"2026-01-18T13:18:56","modified_gmt":"2026-01-18T12:18:56","slug":"70-jahre-apotheken-umschau-70-jahre-medizingeschichte-neu-am-kiosk-magazin-medicus","status":"publish","type":"post","link":"http:\/\/sauna-wellness-update.de\/en\/2026\/01\/18\/70-jahre-apotheken-umschau-70-jahre-medizingeschichte-neu-am-kiosk-magazin-medicus\/","title":{"rendered":"70 Jahre Apotheken Umschau &#8211; &#8222;70 Jahre Medizingeschichte&#8220; &#8211; Neu am Kiosk: Magazin Medicus"},"content":{"rendered":"\n[et_pb_section fb_built=&#8220;1&#8243; _builder_version=&#8220;4.17.4&#8243; _module_preset=&#8220;default&#8220; custom_margin=&#8220;0px||0px||true|false&#8220; custom_padding=&#8220;0px||0px||true|false&#8220; border_color_all=&#8220;rgba(86,116,125,0.5)&#8220; border_color_bottom=&#8220;RGBA(255,255,255,0)&#8220; global_colors_info=&#8220;{}&#8220;][et_pb_row _builder_version=&#8220;4.17.4&#8243; _module_preset=&#8220;default&#8220; custom_margin=&#8220;0px||0px||true|false&#8220; custom_padding=&#8220;0px||0px||true|&#8220; global_colors_info=&#8220;{}&#8220;][et_pb_column type=&#8220;4_4&#8243; _builder_version=&#8220;4.17.4&#8243; _module_preset=&#8220;default&#8220; custom_padding=&#8220;0px||0px||true|false&#8220; global_colors_info=&#8220;{}&#8220;][et_pb_text _builder_version=&#8220;4.27.5&#8243; _module_preset=&#8220;default&#8220; hover_enabled=&#8220;0&#8243; global_colors_info=&#8220;{}&#8220; sticky_enabled=&#8220;0&#8243;]<p><strong>SISU, 16. Jan<\/strong><\/p>\n<p><strong>Seit gestern gibt es das 90-seitige Jubli\u00e4umsheft 70 Jahre Apotheken Umschau, &#8222;70 Jahre Medizingeschichte&#8220;. Darin wird auch auf das ab sofort am Kiosk erh\u00e4ltliche Magazin Medicus hingewiesen, &#8222;mit spannendem Geschichten und Pers\u00f6nlichkeiten aus der Medizingeschichte&#8220;. Beide Magazine erscheinen im M\u00fcnchner Wort &amp; Bild Verlag Konradsh\u00f6he.<\/strong><\/p>\n<p><strong>Die Gesamtauflage der zweimal monatlich erscheinenden Apotheken Umschau d\u00fcrfte &#8211; laut KI Perplexity &#8211; bei circa f\u00fcnf Millionen liegen, bei einer Leser-Reichweite von circa 15 Millionen.<\/strong><\/p>\n<p><strong>Es gibt eine beachtliche Medienberichterstattung zum Jublil\u00e4um der &#8222;Rentner-Bravo&#8220;.<\/strong><\/p>\n<p><a href=\"https:\/\/www.apotheken-umschau.de\/unsere-marken\/apotheken-umschau\/70-jahre-apotheken-umschau-wie-sich-medizin-und-gesundheit-veraendert-haben-1458289.html\">https:\/\/www.apotheken-umschau.de\/unsere-marken\/apotheken-umschau\/70-jahre-apotheken-umschau-wie-sich-medizin-und-gesundheit-veraendert-haben-1458289.html<\/a><\/p>\n<p><a href=\"https:\/\/www.instagram.com\/p\/DTh5m0KCULE\/\">https:\/\/www.instagram.com\/p\/DTh5m0KCULE\/<\/a><\/p>[\/et_pb_text][et_pb_divider color=&#8220;#CABB9F&#8220; divider_weight=&#8220;1px&#8220; _builder_version=&#8220;4.17.4&#8243; _module_preset=&#8220;default&#8220; width=&#8220;70%&#8220; global_colors_info=&#8220;{}&#8220;][\/et_pb_divider][\/et_pb_column][\/et_pb_row][\/et_pb_section]\n","protected":false},"excerpt":{"rendered":"<p>SISU, 16. Jan Seit gestern gibt es das 90-seitige Jubli\u00e4umsheft 70 Jahre Apotheken Umschau, &#8222;70 Jahre Medizingeschichte&#8220;. Darin wird auch auf das ab sofort am Kiosk erh\u00e4ltliche Magazin Medicus hingewiesen, &#8222;mit spannendem Geschichten und Pers\u00f6nlichkeiten aus der Medizingeschichte&#8220;. Beide Magazine erscheinen im M\u00fcnchner Wort &amp; Bild Verlag Konradsh\u00f6he. Die Gesamtauflage der zweimal monatlich erscheinenden Apotheken [&hellip;]<\/p>\n","protected":false},"author":1,"featured_media":0,"comment_status":"closed","ping_status":"closed","sticky":false,"template":"","format":"standard","meta":{"_et_pb_use_builder":"on","_et_pb_old_content":"","_et_gb_content_width":"","iawp_total_views":1,"footnotes":""},"categories":[13],"tags":[],"class_list":["post-55024","post","type-post","status-publish","format-standard","hentry","category-news"],"_links":{"self":[{"href":"http:\/\/sauna-wellness-update.de\/en\/wp-json\/wp\/v2\/posts\/55024","targetHints":{"allow":["GET"]}}],"collection":[{"href":"http:\/\/sauna-wellness-update.de\/en\/wp-json\/wp\/v2\/posts"}],"about":[{"href":"http:\/\/sauna-wellness-update.de\/en\/wp-json\/wp\/v2\/types\/post"}],"author":[{"embeddable":true,"href":"http:\/\/sauna-wellness-update.de\/en\/wp-json\/wp\/v2\/users\/1"}],"replies":[{"embeddable":true,"href":"http:\/\/sauna-wellness-update.de\/en\/wp-json\/wp\/v2\/comments?post=55024"}],"version-history":[{"count":8,"href":"http:\/\/sauna-wellness-update.de\/en\/wp-json\/wp\/v2\/posts\/55024\/revisions"}],"predecessor-version":[{"id":55041,"href":"http:\/\/sauna-wellness-update.de\/en\/wp-json\/wp\/v2\/posts\/55024\/revisions\/55041"}],"wp:attachment":[{"href":"http:\/\/sauna-wellness-update.de\/en\/wp-json\/wp\/v2\/media?parent=55024"}],"wp:term":[{"taxonomy":"category","embeddable":true,"href":"http:\/\/sauna-wellness-update.de\/en\/wp-json\/wp\/v2\/categories?post=55024"},{"taxonomy":"post_tag","embeddable":true,"href":"http:\/\/sauna-wellness-update.de\/en\/wp-json\/wp\/v2\/tags?post=55024"}],"curies":[{"name":"wp","href":"https:\/\/api.w.org\/{rel}","templated":true}]}}