{"id":55795,"date":"2026-02-04T08:43:00","date_gmt":"2026-02-04T07:43:00","guid":{"rendered":"https:\/\/sauna-wellness-update.de\/?p=55795"},"modified":"2026-02-04T18:24:17","modified_gmt":"2026-02-04T17:24:17","slug":"marode-schwimmbaeder-wdr-5-tagesgespraech-gast-hon-prof-dr-christian-kuhn-dgfdb","status":"publish","type":"post","link":"http:\/\/sauna-wellness-update.de\/en\/2026\/02\/04\/marode-schwimmbaeder-wdr-5-tagesgespraech-gast-hon-prof-dr-christian-kuhn-dgfdb\/","title":{"rendered":"&#8222;Marode Schwimmb\u00e4der&#8220; &#8211; WDR 5 Tagesgespr\u00e4ch &#8211; Gast: Hon.-Prof. Dr. Christian Kuhn, DGfdB"},"content":{"rendered":"\n[et_pb_section fb_built=&#8220;1&#8243; _builder_version=&#8220;4.17.4&#8243; _module_preset=&#8220;default&#8220; custom_margin=&#8220;0px||0px||true|false&#8220; custom_padding=&#8220;0px||0px||true|false&#8220; border_color_all=&#8220;rgba(86,116,125,0.5)&#8220; border_color_bottom=&#8220;RGBA(255,255,255,0)&#8220; global_colors_info=&#8220;{}&#8220; theme_builder_area=&#8220;post_content&#8220;][et_pb_row _builder_version=&#8220;4.17.4&#8243; _module_preset=&#8220;default&#8220; custom_margin=&#8220;0px||0px||true|false&#8220; custom_padding=&#8220;0px||0px||true|&#8220; global_colors_info=&#8220;{}&#8220; theme_builder_area=&#8220;post_content&#8220;][et_pb_column type=&#8220;4_4&#8243; _builder_version=&#8220;4.17.4&#8243; _module_preset=&#8220;default&#8220; custom_padding=&#8220;0px||0px||true|false&#8220; global_colors_info=&#8220;{}&#8220; theme_builder_area=&#8220;post_content&#8220;][et_pb_text _builder_version=&#8220;4.27.5&#8243; _module_preset=&#8220;default&#8220; hover_enabled=&#8220;0&#8243; global_colors_info=&#8220;{}&#8220; theme_builder_area=&#8220;post_content&#8220; sticky_enabled=&#8220;0&#8243;]<p><strong>SISU, 4. Feb<\/strong><\/p>\n<p><strong>WDR 5 Tagesgespr\u00e4ch zum Thema &#8222;Marode Schwimmb\u00e4der&#8220; (44:47 Min.). Gast: Hon.-Prof. Dr. Christian Kuhn, Vorstandsvorsitzender der DGfdB Deutsche Gesellschaft f\u00fcr das Badewesen und Sprecher des Lobby-Verbands B\u00e4derallianz. <\/strong><\/p>\n<p><strong>Heute gab es Landtag von NRW eine Sachverst\u00e4ndigenanh\u00f6rung auf Antrag der SPD. <br \/><\/strong><\/p>\n<p><a href=\"https:\/\/www.spd-fraktion-nrw.de\/pressemeldung\/nrw-braucht-endlich-eine-echte-schwimm-offensive\/\">https:\/\/www.spd-fraktion-nrw.de\/pressemeldung\/nrw-braucht-endlich-eine-echte-schwimm-offensive\/<\/a><\/p>\n<p><strong>Die NRW &#8222;<span class=\"hyphenate\">Landesregierung <\/span>will 200 Millionen Euro bereitstellen&#8230;speziell f\u00fcr den Neubau oder die Sanierung von Schwimmb\u00e4dern&#8220;. <\/strong><\/p>\n<p><a href=\"https:\/\/www.tagesschau.de\/inland\/regional\/nordrheinwestfalen\/wdr-wdr-datenrecherche-so-ausgebucht-sind-schwimmkurse-in-nrw-100.html\">https:\/\/www.tagesschau.de\/inland\/regional\/nordrheinwestfalen\/wdr-wdr-datenrecherche-so-ausgebucht-sind-schwimmkurse-in-nrw-100.html<\/a><\/p>\n<p><a href=\"https:\/\/www.facebook.com\/DieDGfdB\/\">https:\/\/www.facebook.com\/DieDGfdB\/<\/a><\/p>\n<p><a href=\"https:\/\/www.baederallianz.de\/\">https:\/\/www.baederallianz.de\/<\/a><\/p>\n<p><a href=\"https:\/\/www1.wdr.de\/radio\/wdr5\/sendungen\/tagesgespraech\/schwimmbaeder-situation-100.html\">https:\/\/www1.wdr.de\/radio\/wdr5\/sendungen\/tagesgespraech\/schwimmbaeder-situation-100.html<\/a><\/p>[\/et_pb_text][et_pb_divider color=&#8220;#CABB9F&#8220; divider_weight=&#8220;1px&#8220; _builder_version=&#8220;4.17.4&#8243; _module_preset=&#8220;default&#8220; width=&#8220;70%&#8220; global_colors_info=&#8220;{}&#8220; theme_builder_area=&#8220;post_content&#8220;][\/et_pb_divider][\/et_pb_column][\/et_pb_row][\/et_pb_section]\n","protected":false},"excerpt":{"rendered":"<p>SISU, 4. Feb WDR 5 Tagesgespr\u00e4ch zum Thema &#8222;Marode Schwimmb\u00e4der&#8220; (44:47 Min.). Gast: Hon.-Prof. Dr. Christian Kuhn, Vorstandsvorsitzender der DGfdB Deutsche Gesellschaft f\u00fcr das Badewesen und Sprecher des Lobby-Verbands B\u00e4derallianz. Heute gab es Landtag von NRW eine Sachverst\u00e4ndigenanh\u00f6rung auf Antrag der SPD. https:\/\/www.spd-fraktion-nrw.de\/pressemeldung\/nrw-braucht-endlich-eine-echte-schwimm-offensive\/ Die NRW &#8222;Landesregierung will 200 Millionen Euro bereitstellen&#8230;speziell f\u00fcr den Neubau oder [&hellip;]<\/p>\n","protected":false},"author":1,"featured_media":0,"comment_status":"closed","ping_status":"closed","sticky":false,"template":"","format":"standard","meta":{"_et_pb_use_builder":"on","_et_pb_old_content":"","_et_gb_content_width":"","iawp_total_views":0,"footnotes":""},"categories":[13,6,12],"tags":[],"class_list":["post-55795","post","type-post","status-publish","format-standard","hentry","category-news","category-leute","category-unternehmen"],"_links":{"self":[{"href":"http:\/\/sauna-wellness-update.de\/en\/wp-json\/wp\/v2\/posts\/55795","targetHints":{"allow":["GET"]}}],"collection":[{"href":"http:\/\/sauna-wellness-update.de\/en\/wp-json\/wp\/v2\/posts"}],"about":[{"href":"http:\/\/sauna-wellness-update.de\/en\/wp-json\/wp\/v2\/types\/post"}],"author":[{"embeddable":true,"href":"http:\/\/sauna-wellness-update.de\/en\/wp-json\/wp\/v2\/users\/1"}],"replies":[{"embeddable":true,"href":"http:\/\/sauna-wellness-update.de\/en\/wp-json\/wp\/v2\/comments?post=55795"}],"version-history":[{"count":4,"href":"http:\/\/sauna-wellness-update.de\/en\/wp-json\/wp\/v2\/posts\/55795\/revisions"}],"predecessor-version":[{"id":55800,"href":"http:\/\/sauna-wellness-update.de\/en\/wp-json\/wp\/v2\/posts\/55795\/revisions\/55800"}],"wp:attachment":[{"href":"http:\/\/sauna-wellness-update.de\/en\/wp-json\/wp\/v2\/media?parent=55795"}],"wp:term":[{"taxonomy":"category","embeddable":true,"href":"http:\/\/sauna-wellness-update.de\/en\/wp-json\/wp\/v2\/categories?post=55795"},{"taxonomy":"post_tag","embeddable":true,"href":"http:\/\/sauna-wellness-update.de\/en\/wp-json\/wp\/v2\/tags?post=55795"}],"curies":[{"name":"wp","href":"https:\/\/api.w.org\/{rel}","templated":true}]}}