{"id":10249,"date":"2023-06-21T05:24:00","date_gmt":"2023-06-21T03:24:00","guid":{"rendered":"https:\/\/sauna-wellness-update.de\/?p=10249"},"modified":"2025-07-14T11:29:47","modified_gmt":"2025-07-14T09:29:47","slug":"grossbrand-im-europa-park-rust","status":"publish","type":"post","link":"https:\/\/sauna-wellness-update.de\/de_de\/2023\/06\/21\/grossbrand-im-europa-park-rust\/","title":{"rendered":"Schaden in Millionenh\u00f6he nach Brand im Europa-Park Rust"},"content":{"rendered":"\n\n[et_pb_section fb_built=&#8220;1&#8243; _builder_version=&#8220;4.17.4&#8243; _module_preset=&#8220;default&#8220; custom_margin=&#8220;0px||0px||true|false&#8220; custom_padding=&#8220;0px||0px||true|false&#8220; border_color_all=&#8220;rgba(86,116,125,0.5)&#8220; border_color_bottom=&#8220;RGBA(255,255,255,0)&#8220; global_colors_info=&#8220;{}&#8220;][et_pb_row _builder_version=&#8220;4.17.4&#8243; _module_preset=&#8220;default&#8220; custom_margin=&#8220;0px||0px||true|false&#8220; custom_padding=&#8220;0px||0px||true|&#8220; global_colors_info=&#8220;{}&#8220;][et_pb_column type=&#8220;4_4&#8243; _builder_version=&#8220;4.17.4&#8243; _module_preset=&#8220;default&#8220; custom_padding=&#8220;0px||0px||true|false&#8220; global_colors_info=&#8220;{}&#8220;][et_pb_text _builder_version=&#8220;4.21.0&#8243; _module_preset=&#8220;default&#8220; hover_enabled=&#8220;0&#8243; global_colors_info=&#8220;{}&#8220; sticky_enabled=&#8220;0&#8243;]<p>Am Montagnachmittag brach im Europa-Park Rust (Baden-W\u00fcrttemberg) ein gr\u00f6\u00dferes Feuer aus,\u00a0 das von circa 400 Feuerwehrleuten inzwischen gel\u00f6scht werden konnte. 25.000 G\u00e4ste mussten evakuiert werden. Es ist ein Schaden in Millionenh\u00f6he entstanden. Als wahrscheinliche Ursache wird ein technischer Defekt vermutet. Gestern,\u00a0 Dienstag, \u00f6ffnete der Freizeitpark bereits wieder &#8211; wenn auch mit Einschr\u00e4nkungen. Die (\u00fcber)regionalen Medien berichteten breit \u00fcber das Ereignis. <\/p>\n<p>Vor f\u00fcnf Jahren, im Mai 2018, hatte es schon einmal einen Gro\u00dfbrand in Deutschlands gr\u00f6\u00dftem &#8211; auch international bekannten &#8211; Freizeitpark gegeben. 2022 besuchten mehr als sechs Millionen Menschen den 1975 er\u00f6ffneten Europa-Park Rust, der n\u00f6rdlich von Freiburg liegt. Das Traditionsunternehmen ist im Besitz der Familie Mack.<\/p>\n<p><a href=\"http:\/\/www.spiegel.de\">www.spiegel.de<\/a><\/p>\n<p><a href=\"http:\/\/www.swr.de\">www.swr.de<\/a><\/p>\n<p><a href=\"http:\/\/www.bild.de\">www.bild.de<\/a><a href=\"http:\/\/www.h2o-herford.de\"><\/a><\/p>\n<p><a href=\"http:\/\/www.welt.de\">www.welt.de<\/a><\/p>\n<p><a href=\"https:\/\/www.europapark.de\/de\">https:\/\/www.europapark.de\/de<\/a><\/p>[\/et_pb_text][et_pb_divider color=&#8220;#CABB9F&#8220; divider_weight=&#8220;1px&#8220; _builder_version=&#8220;4.17.4&#8243; _module_preset=&#8220;default&#8220; width=&#8220;70%&#8220; global_colors_info=&#8220;{}&#8220;][\/et_pb_divider][\/et_pb_column][\/et_pb_row][\/et_pb_section]\n\n","protected":false},"excerpt":{"rendered":"<p>Am Montagnachmittag brach im Europa-Park Rust (Baden-W\u00fcrttemberg) ein gr\u00f6\u00dferes Feuer aus,\u00a0 das von circa 400 Feuerwehrleuten inzwischen gel\u00f6scht werden konnte. 25.000 G\u00e4ste mussten evakuiert werden. Es ist ein Schaden in Millionenh\u00f6he entstanden. Als wahrscheinliche Ursache wird ein technischer Defekt vermutet. Gestern,\u00a0 Dienstag, \u00f6ffnete der Freizeitpark bereits wieder &#8211; wenn auch mit Einschr\u00e4nkungen. Die (\u00fcber)regionalen Medien [&hellip;]<\/p>\n","protected":false},"author":1,"featured_media":0,"comment_status":"closed","ping_status":"closed","sticky":false,"template":"","format":"standard","meta":{"_et_pb_use_builder":"on","_et_pb_old_content":"","_et_gb_content_width":"","iawp_total_views":0,"footnotes":""},"categories":[13,12],"tags":[],"class_list":["post-10249","post","type-post","status-publish","format-standard","hentry","category-news","category-unternehmen"],"_links":{"self":[{"href":"https:\/\/sauna-wellness-update.de\/de_de\/wp-json\/wp\/v2\/posts\/10249","targetHints":{"allow":["GET"]}}],"collection":[{"href":"https:\/\/sauna-wellness-update.de\/de_de\/wp-json\/wp\/v2\/posts"}],"about":[{"href":"https:\/\/sauna-wellness-update.de\/de_de\/wp-json\/wp\/v2\/types\/post"}],"author":[{"embeddable":true,"href":"https:\/\/sauna-wellness-update.de\/de_de\/wp-json\/wp\/v2\/users\/1"}],"replies":[{"embeddable":true,"href":"https:\/\/sauna-wellness-update.de\/de_de\/wp-json\/wp\/v2\/comments?post=10249"}],"version-history":[{"count":29,"href":"https:\/\/sauna-wellness-update.de\/de_de\/wp-json\/wp\/v2\/posts\/10249\/revisions"}],"predecessor-version":[{"id":10329,"href":"https:\/\/sauna-wellness-update.de\/de_de\/wp-json\/wp\/v2\/posts\/10249\/revisions\/10329"}],"wp:attachment":[{"href":"https:\/\/sauna-wellness-update.de\/de_de\/wp-json\/wp\/v2\/media?parent=10249"}],"wp:term":[{"taxonomy":"category","embeddable":true,"href":"https:\/\/sauna-wellness-update.de\/de_de\/wp-json\/wp\/v2\/categories?post=10249"},{"taxonomy":"post_tag","embeddable":true,"href":"https:\/\/sauna-wellness-update.de\/de_de\/wp-json\/wp\/v2\/tags?post=10249"}],"curies":[{"name":"wp","href":"https:\/\/api.w.org\/{rel}","templated":true}]}}