{"id":13516,"date":"2024-05-14T08:36:00","date_gmt":"2024-05-14T06:36:00","guid":{"rendered":"https:\/\/sauna-wellness-update.de\/?p=13516"},"modified":"2024-05-14T09:16:47","modified_gmt":"2024-05-14T07:16:47","slug":"grossbrand-bei-bergila-suedtirol","status":"publish","type":"post","link":"https:\/\/sauna-wellness-update.de\/de_de\/2024\/05\/14\/grossbrand-bei-bergila-suedtirol\/","title":{"rendered":"Brennerei Bergila S\u00fcdtirol: Wiederaufbau abgeschlossen"},"content":{"rendered":"\n[et_pb_section fb_built=&#8220;1&#8243; _builder_version=&#8220;4.17.4&#8243; _module_preset=&#8220;default&#8220; custom_margin=&#8220;0px||0px||true|false&#8220; custom_padding=&#8220;0px||0px||true|false&#8220; border_color_all=&#8220;rgba(86,116,125,0.5)&#8220; border_color_bottom=&#8220;RGBA(255,255,255,0)&#8220; global_colors_info=&#8220;{}&#8220;][et_pb_row _builder_version=&#8220;4.17.4&#8243; _module_preset=&#8220;default&#8220; custom_margin=&#8220;0px||0px||true|false&#8220; custom_padding=&#8220;0px||0px||true|&#8220; global_colors_info=&#8220;{}&#8220;][et_pb_column type=&#8220;4_4&#8243; _builder_version=&#8220;4.17.4&#8243; _module_preset=&#8220;default&#8220; custom_padding=&#8220;0px||0px||true|false&#8220; global_colors_info=&#8220;{}&#8220;][et_pb_text _builder_version=&#8220;4.25.1&#8243; _module_preset=&#8220;default&#8220; hover_enabled=&#8220;0&#8243; global_colors_info=&#8220;{}&#8220; sticky_enabled=&#8220;0&#8243;]<p><strong>Update v. 13. Mai<\/strong><\/p>\n<p><strong>&#8222;Er\u00f6ffnung und Wiederaufbau abgeschlossen. Bergila feiert!&#8220;, teilte das S\u00fcdtiroler Unternehmen gestern auf FB mit und nahm dabei Bezug auf die Er\u00f6ffnungsfeier Anfang Mai.<\/strong><\/p>\n<p><a href=\"https:\/\/www.facebook.com\/Bergila1912\/\">https:\/\/www.facebook.com\/Bergila1912\/<\/a><\/p>\n<p>&nbsp;<\/p>\n<p><strong>SISU\u00a0 Throwback 2023<\/strong><\/p>\n<p>Update v 17. Nov: Auf FB teilt Bergila mit, &#8222;dass die Produktion \u00e4therischer \u00d6le in unserer Brennerei wieder aktiv ist&#8220;.<\/p>\n<p>Update v. 24. Aug: <a href=\"https:\/\/aromapraxis.de\/2023\/08\/23\/glueck-im-unglueck-historische-destille-bei-bergila-abgebrannt\/\">https:\/\/aromapraxis.de\/2023\/08\/23\/glueck-im-unglueck-historische-destille-bei-bergila-abgebrannt\/<\/a><\/p>\n<p>Update v. 23. Aug: &#8222;Schadensbilanz: Gro\u00dfbrand zerst\u00f6rt seinen Betrieb: Wie geht es weiter?&#8220; (Paywall-Artikel)<\/p>\n<p><a href=\"https:\/\/www.stol.it\/artikel\/chronik\/grossbrand-zerstoert-seinen-betrieb-wie-geht-es-weiter\">https:\/\/www.stol.it\/artikel\/chronik\/grossbrand-zerstoert-seinen-betrieb-wie-geht-es-weiter<\/a><\/p>\n<p>Update, 22. August, 11.30 Uhr: Familie Niederkofler und Team melden sich am heutigen Vormittag auf FB und erl\u00e4utern die Umst\u00e4nde des Brandes. Man ist aber zuversichtlich, die Brennerei bereits zur n\u00e4chsten Saison neu in Betrieb nehmen zu k\u00f6nnen. Das mehr als 110-j\u00e4hrige Unternehmen dankt f\u00fcr die Hilfe bei der Brandbek\u00e4mpfung und f\u00fcr die &#8222;\u00fcberw\u00e4ltigende Solidarit\u00e4t&#8230;in diesen schweren Stunden&#8220; .<\/p>\n<p><a href=\"https:\/\/www.facebook.com\/Bergila1912\/\">https:\/\/www.facebook.com\/Bergila1912\/<\/a><\/p>\n<p>Bergila ist einer der Silver Sponsors bei der AUFGUSS WM Mitte September im SATAMA in Brandenburg\/Deutschland. Inzwischen gibt es auf FB zahlreiche anteilnehmende Reaktionen aus der internationalen Aufguss-Community.<\/p>\n<p><a href=\"https:\/\/www.instagram.com\/satama.saunapark\/\">https:\/\/www.instagram.com\/satama.saunapark\/<\/a><\/p>\n<p>Die Fakten, soweit bekannt:<\/p>\n<p>Alarm am Montagabend gegen 20 Uhr +++ \u00fcber 200 Feuerwehrleute im Einsatz+++ \u00fcber 100 Jahre alte Latschen\u00f6lbrennerei (Betriebsgeb\u00e4ude) komplett abgebrannt+++ hoher Sachschaden+++keine Verletzten+++ Brandursache unklar+++seit Tagen herrschen in S\u00fcdtirol sehr hohe Temperaturen um die 35 Grad Celsius; ab heute gilt daher die Warnstufe Rot+++<\/p>\n<p><a href=\"https:\/\/www.suedtirolnews.it\/chronik\/latschenbrennerei-in-issing-komplett-abgebrannt\">https:\/\/www.suedtirolnews.it\/chronik\/latschenbrennerei-in-issing-komplett-abgebrannt<\/a><\/p>\n<p><a href=\"https:\/\/www.rainews.it\/tgr\/tagesschau\/articoli\/2023\/08\/grossbrand-in-latschenbrennerei-in-issing-3e30ab7f-533c-47ef-a02c-8da5743ee149.html\">https:\/\/www.rainews.it\/tgr\/tagesschau\/articoli\/2023\/08\/grossbrand-in-latschenbrennerei-in-issing-3e30ab7f-533c-47ef-a02c-8da5743ee149.html<\/a><\/p>\n<p><a href=\"https:\/\/www.stol.it\/artikel\/chronik\/grossbrand-in-issing-brennerei-in-flammen\">https:\/\/www.stol.it\/artikel\/chronik\/grossbrand-in-issing-brennerei-in-flammen<\/a><\/p>\n<p><a href=\"https:\/\/www.dererker.it\/de\/news\/25908-zahlreiche-feuerwehren-im-einsatz.html\">https:\/\/www.dererker.it\/de\/news\/25908-zahlreiche-feuerwehren-im-einsatz.html<\/a><\/p>\n<p><a href=\"https:\/\/www.tageszeitung.it\/2023\/08\/21\/bergila-brennerei-in-flammen\/\">https:\/\/www.tageszeitung.it\/2023\/08\/21\/bergila-brennerei-in-flammen\/<\/a><\/p>\n<p><a href=\"http:\/\/www.bergila.com\">www.bergila.com<\/a><strong><\/strong><strong><\/strong><strong><\/strong><strong><\/strong><\/p>[\/et_pb_text][et_pb_divider color=&#8220;#CABB9F&#8220; divider_weight=&#8220;1px&#8220; _builder_version=&#8220;4.17.4&#8243; _module_preset=&#8220;default&#8220; width=&#8220;70%&#8220; global_colors_info=&#8220;{}&#8220;][\/et_pb_divider][\/et_pb_column][\/et_pb_row][\/et_pb_section]\n","protected":false},"excerpt":{"rendered":"<p>Update v. 13. Mai &#8222;Er\u00f6ffnung und Wiederaufbau abgeschlossen. Bergila feiert!&#8220;, teilte das S\u00fcdtiroler Unternehmen gestern auf FB mit und nahm dabei Bezug auf die Er\u00f6ffnungsfeier Anfang Mai. https:\/\/www.facebook.com\/Bergila1912\/ &nbsp; SISU\u00a0 Throwback 2023 Update v 17. Nov: Auf FB teilt Bergila mit, &#8222;dass die Produktion \u00e4therischer \u00d6le in unserer Brennerei wieder aktiv ist&#8220;. Update v. 24. [&hellip;]<\/p>\n","protected":false},"author":1,"featured_media":0,"comment_status":"closed","ping_status":"closed","sticky":false,"template":"","format":"standard","meta":{"_et_pb_use_builder":"on","_et_pb_old_content":"","_et_gb_content_width":"","iawp_total_views":0,"footnotes":""},"categories":[13,6,12],"tags":[],"class_list":["post-13516","post","type-post","status-publish","format-standard","hentry","category-news","category-leute","category-unternehmen"],"_links":{"self":[{"href":"https:\/\/sauna-wellness-update.de\/de_de\/wp-json\/wp\/v2\/posts\/13516","targetHints":{"allow":["GET"]}}],"collection":[{"href":"https:\/\/sauna-wellness-update.de\/de_de\/wp-json\/wp\/v2\/posts"}],"about":[{"href":"https:\/\/sauna-wellness-update.de\/de_de\/wp-json\/wp\/v2\/types\/post"}],"author":[{"embeddable":true,"href":"https:\/\/sauna-wellness-update.de\/de_de\/wp-json\/wp\/v2\/users\/1"}],"replies":[{"embeddable":true,"href":"https:\/\/sauna-wellness-update.de\/de_de\/wp-json\/wp\/v2\/comments?post=13516"}],"version-history":[{"count":46,"href":"https:\/\/sauna-wellness-update.de\/de_de\/wp-json\/wp\/v2\/posts\/13516\/revisions"}],"predecessor-version":[{"id":24631,"href":"https:\/\/sauna-wellness-update.de\/de_de\/wp-json\/wp\/v2\/posts\/13516\/revisions\/24631"}],"wp:attachment":[{"href":"https:\/\/sauna-wellness-update.de\/de_de\/wp-json\/wp\/v2\/media?parent=13516"}],"wp:term":[{"taxonomy":"category","embeddable":true,"href":"https:\/\/sauna-wellness-update.de\/de_de\/wp-json\/wp\/v2\/categories?post=13516"},{"taxonomy":"post_tag","embeddable":true,"href":"https:\/\/sauna-wellness-update.de\/de_de\/wp-json\/wp\/v2\/tags?post=13516"}],"curies":[{"name":"wp","href":"https:\/\/api.w.org\/{rel}","templated":true}]}}