{"id":1509,"date":"2022-10-29T05:30:00","date_gmt":"2022-10-29T03:30:00","guid":{"rendered":"https:\/\/sauna-wellness-update.de\/?p=1509"},"modified":"2022-10-29T12:05:47","modified_gmt":"2022-10-29T10:05:47","slug":"deutscher-sauna-bund","status":"publish","type":"post","link":"https:\/\/sauna-wellness-update.de\/de_de\/2022\/10\/29\/deutscher-sauna-bund\/","title":{"rendered":"Contra Sauna Shaming"},"content":{"rendered":"\n[et_pb_section fb_built=&#8220;1&#8243; _builder_version=&#8220;4.17.4&#8243; _module_preset=&#8220;default&#8220; custom_margin=&#8220;0px||0px||true|false&#8220; custom_padding=&#8220;0px||0px||true|false&#8220; border_color_all=&#8220;rgba(86,116,125,0.5)&#8220; border_color_bottom=&#8220;RGBA(255,255,255,0)&#8220; global_colors_info=&#8220;{}&#8220;][et_pb_row _builder_version=&#8220;4.17.4&#8243; _module_preset=&#8220;default&#8220; custom_margin=&#8220;0px||0px||true|false&#8220; custom_padding=&#8220;0px||0px||true|&#8220; global_colors_info=&#8220;{}&#8220;][et_pb_column type=&#8220;4_4&#8243; _builder_version=&#8220;4.17.4&#8243; _module_preset=&#8220;default&#8220; custom_padding=&#8220;0px||0px||true|false&#8220; global_colors_info=&#8220;{}&#8220;][et_pb_text _builder_version=&#8220;4.17.4&#8243; _module_preset=&#8220;default&#8220; hover_enabled=&#8220;0&#8243; global_colors_info=&#8220;{}&#8220; sticky_enabled=&#8220;0&#8243;]<p>Vor dem Auftakt des 18. ISC Internationalen Sauna Kongresses, der am 27. Oktober im Rahmen der interbad-Messe in Stuttgart zu Ende ging, hatte der Gesch\u00e4ftsf\u00fchrer des Deutschen Sauna-Bundes, Martin Niederstein, in einem Gespr\u00e4ch mit dpa Deutsche Presse-Agentur Position bezogen. Forderungen aus dem politischen Raum nach Schlie\u00dfung oder Meidung von Saunas, um Strom zu sparen, seien unangemessen und falsch. Jeder Euro sei gut investiert, wenn es um die pers\u00f6nliche Gesundheitsvorsorge gehe. Deshalb sei es moralisch auch komplett vertretbar in die Sauna zu gehen. Zeit Online titelte dazu: &#8222;In Energie baden? Wenn das Saunieren zur Gewissensfrage wird&#8220;.<\/p>\n<p>&nbsp;<\/p>\n<p><a href=\"http:\/\/www.zeit.de\">www.zeit.de<\/a><\/p>\n<p><a href=\"http:\/\/www.stern.de\">www.stern.de<\/a><\/p>\n<p><a href=\"http:\/\/www.sauna-bund.de\">www.sauna-bund.de<\/a><\/p>\n<p><a href=\"http:\/\/www.isc-2022.com\">www.isc-2022.com<\/a><\/p>[\/et_pb_text][\/et_pb_column][\/et_pb_row][\/et_pb_section]\n","protected":false},"excerpt":{"rendered":"<p>Vor dem Auftakt des 18. ISC Internationalen Sauna Kongresses, der am 27. Oktober im Rahmen der interbad-Messe in Stuttgart zu Ende ging, hatte der Gesch\u00e4ftsf\u00fchrer des Deutschen Sauna-Bundes, Martin Niederstein, in einem Gespr\u00e4ch mit dpa Deutsche Presse-Agentur Position bezogen. Forderungen aus dem politischen Raum nach Schlie\u00dfung oder Meidung von Saunas, um Strom zu sparen, seien [&hellip;]<\/p>\n","protected":false},"author":1,"featured_media":0,"comment_status":"open","ping_status":"open","sticky":false,"template":"","format":"standard","meta":{"_et_pb_use_builder":"on","_et_pb_old_content":"","_et_gb_content_width":"","iawp_total_views":1,"footnotes":""},"categories":[13,6],"tags":[],"class_list":["post-1509","post","type-post","status-publish","format-standard","hentry","category-news","category-leute"],"_links":{"self":[{"href":"https:\/\/sauna-wellness-update.de\/de_de\/wp-json\/wp\/v2\/posts\/1509","targetHints":{"allow":["GET"]}}],"collection":[{"href":"https:\/\/sauna-wellness-update.de\/de_de\/wp-json\/wp\/v2\/posts"}],"about":[{"href":"https:\/\/sauna-wellness-update.de\/de_de\/wp-json\/wp\/v2\/types\/post"}],"author":[{"embeddable":true,"href":"https:\/\/sauna-wellness-update.de\/de_de\/wp-json\/wp\/v2\/users\/1"}],"replies":[{"embeddable":true,"href":"https:\/\/sauna-wellness-update.de\/de_de\/wp-json\/wp\/v2\/comments?post=1509"}],"version-history":[{"count":11,"href":"https:\/\/sauna-wellness-update.de\/de_de\/wp-json\/wp\/v2\/posts\/1509\/revisions"}],"predecessor-version":[{"id":1615,"href":"https:\/\/sauna-wellness-update.de\/de_de\/wp-json\/wp\/v2\/posts\/1509\/revisions\/1615"}],"wp:attachment":[{"href":"https:\/\/sauna-wellness-update.de\/de_de\/wp-json\/wp\/v2\/media?parent=1509"}],"wp:term":[{"taxonomy":"category","embeddable":true,"href":"https:\/\/sauna-wellness-update.de\/de_de\/wp-json\/wp\/v2\/categories?post=1509"},{"taxonomy":"post_tag","embeddable":true,"href":"https:\/\/sauna-wellness-update.de\/de_de\/wp-json\/wp\/v2\/tags?post=1509"}],"curies":[{"name":"wp","href":"https:\/\/api.w.org\/{rel}","templated":true}]}}