{"id":173,"date":"2022-06-06T13:11:00","date_gmt":"2022-06-06T11:11:00","guid":{"rendered":"https:\/\/sauna-wellness-update.de\/?p=173"},"modified":"2022-06-22T16:53:30","modified_gmt":"2022-06-22T14:53:30","slug":"gaspreise","status":"publish","type":"post","link":"https:\/\/sauna-wellness-update.de\/de_de\/2022\/06\/06\/gaspreise\/","title":{"rendered":"Gaspreise"},"content":{"rendered":"<p>[et_pb_section fb_built=&#8220;1&#8243; _builder_version=&#8220;4.17.4&#8243; _module_preset=&#8220;default&#8220; custom_margin=&#8220;0px||0px||true|false&#8220; custom_padding=&#8220;0px||0px||true|false&#8220; global_colors_info=&#8220;{}&#8220; theme_builder_area=&#8220;post_content&#8220;][et_pb_row _builder_version=&#8220;4.17.4&#8243; _module_preset=&#8220;default&#8220; custom_margin=&#8220;0px||0px||true|false&#8220; custom_padding=&#8220;0px||0px||true|&#8220; global_colors_info=&#8220;{}&#8220; theme_builder_area=&#8220;post_content&#8220;][et_pb_column type=&#8220;4_4&#8243; _builder_version=&#8220;4.17.4&#8243; _module_preset=&#8220;default&#8220; custom_padding=&#8220;0px||0px||true|false&#8220; global_colors_info=&#8220;{}&#8220; theme_builder_area=&#8220;post_content&#8220;][et_pb_text _builder_version=&#8220;4.17.4&#8243; _module_preset=&#8220;default&#8220; hover_enabled=&#8220;0&#8243; global_colors_info=&#8220;{}&#8220; theme_builder_area=&#8220;post_content&#8220; sticky_enabled=&#8220;0&#8243;]<\/p>\n<p>Klaus M\u00fcller (Gr\u00fcne), Chef der Bundesnetzagentur, hat in einem Interview mit dem Tagesspiegel vor noch h\u00f6heren Gaspreisen gewarnt. In einem fr\u00fcheren Interview im Deutschlandfunk hatte er Unternehmen und private Haushalte zum effizienten Einsparen von Gas aufgerufen. Notfalls k\u00f6nne es zu Abschaltungen kommen, etwa im Freizeitbereich (\u201cbei privaten Saunen\u201d).<\/p>\n<p><a href=\"http:\/\/www.ntv.de\">www.ntv.de<\/a><br \/><a href=\"http:\/\/www.zdf.de\">www.zdf.de<\/a><br \/><a href=\"http:\/\/www.deutschlandfunk.de\">www.deutschlandfunk.de<\/a><\/p>\n<p>[\/et_pb_text][\/et_pb_column][\/et_pb_row][\/et_pb_section]<\/p>\n","protected":false},"excerpt":{"rendered":"<p>Klaus M\u00fcller (Gr\u00fcne), Chef der Bundesnetzagentur, hat in einem Interview mit dem Tagesspiegel vor noch h\u00f6heren Gaspreisen gewarnt. In einem fr\u00fcheren Interview im Deutschlandfunk hatte er Unternehmen und private Haushalte zum effizienten Einsparen von Gas aufgerufen. Notfalls k\u00f6nne es zu Abschaltungen kommen, etwa im Freizeitbereich (\u201cbei privaten Saunen\u201d). www.ntv.dewww.zdf.dewww.deutschlandfunk.de<\/p>\n","protected":false},"author":1,"featured_media":0,"comment_status":"open","ping_status":"open","sticky":false,"template":"","format":"standard","meta":{"_et_pb_use_builder":"on","_et_pb_old_content":"","_et_gb_content_width":"","iawp_total_views":1,"footnotes":""},"categories":[13],"tags":[],"class_list":["post-173","post","type-post","status-publish","format-standard","hentry","category-news"],"_links":{"self":[{"href":"https:\/\/sauna-wellness-update.de\/de_de\/wp-json\/wp\/v2\/posts\/173","targetHints":{"allow":["GET"]}}],"collection":[{"href":"https:\/\/sauna-wellness-update.de\/de_de\/wp-json\/wp\/v2\/posts"}],"about":[{"href":"https:\/\/sauna-wellness-update.de\/de_de\/wp-json\/wp\/v2\/types\/post"}],"author":[{"embeddable":true,"href":"https:\/\/sauna-wellness-update.de\/de_de\/wp-json\/wp\/v2\/users\/1"}],"replies":[{"embeddable":true,"href":"https:\/\/sauna-wellness-update.de\/de_de\/wp-json\/wp\/v2\/comments?post=173"}],"version-history":[{"count":2,"href":"https:\/\/sauna-wellness-update.de\/de_de\/wp-json\/wp\/v2\/posts\/173\/revisions"}],"predecessor-version":[{"id":175,"href":"https:\/\/sauna-wellness-update.de\/de_de\/wp-json\/wp\/v2\/posts\/173\/revisions\/175"}],"wp:attachment":[{"href":"https:\/\/sauna-wellness-update.de\/de_de\/wp-json\/wp\/v2\/media?parent=173"}],"wp:term":[{"taxonomy":"category","embeddable":true,"href":"https:\/\/sauna-wellness-update.de\/de_de\/wp-json\/wp\/v2\/categories?post=173"},{"taxonomy":"post_tag","embeddable":true,"href":"https:\/\/sauna-wellness-update.de\/de_de\/wp-json\/wp\/v2\/tags?post=173"}],"curies":[{"name":"wp","href":"https:\/\/api.w.org\/{rel}","templated":true}]}}