{"id":18328,"date":"2024-05-18T07:15:00","date_gmt":"2024-05-18T05:15:00","guid":{"rendered":"https:\/\/sauna-wellness-update.de\/?p=18328"},"modified":"2024-05-18T13:40:17","modified_gmt":"2024-05-18T11:40:17","slug":"teenager-des-mordes-verdaechtigt-leiche-im-waldstueck-nahe-der-holsten-therme-kaltenkirchen-gefunden","status":"publish","type":"post","link":"https:\/\/sauna-wellness-update.de\/de_de\/2024\/05\/18\/teenager-des-mordes-verdaechtigt-leiche-im-waldstueck-nahe-der-holsten-therme-kaltenkirchen-gefunden\/","title":{"rendered":"Anklage wegen Totschlags &#8211; T\u00e4ter und Opfer in Drogengesch\u00e4fte verwickelt &#8211; Leiche lag nahe der Holsten Therme Kaltenkirchen"},"content":{"rendered":"\n[et_pb_section fb_built=&#8220;1&#8243; _builder_version=&#8220;4.17.4&#8243; _module_preset=&#8220;default&#8220; custom_margin=&#8220;0px||0px||true|false&#8220; custom_padding=&#8220;0px||0px||true|false&#8220; border_color_all=&#8220;rgba(86,116,125,0.5)&#8220; border_color_bottom=&#8220;RGBA(255,255,255,0)&#8220; global_colors_info=&#8220;{}&#8220;][et_pb_row _builder_version=&#8220;4.17.4&#8243; _module_preset=&#8220;default&#8220; custom_margin=&#8220;0px||0px||true|false&#8220; custom_padding=&#8220;0px||0px||true|&#8220; global_colors_info=&#8220;{}&#8220;][et_pb_column type=&#8220;4_4&#8243; _builder_version=&#8220;4.17.4&#8243; _module_preset=&#8220;default&#8220; custom_padding=&#8220;0px||0px||true|false&#8220; global_colors_info=&#8220;{}&#8220;][et_pb_text _builder_version=&#8220;4.25.1&#8243; _module_preset=&#8220;default&#8220; hover_enabled=&#8220;0&#8243; global_colors_info=&#8220;{}&#8220; sticky_enabled=&#8220;0&#8243;]<p><strong>Update v. 18. Mai<\/strong><\/p>\n<p><strong>Aktueller Stand: Anklage wegen Totschlags (Paywall-Artikel)<br \/><\/strong><\/p>\n<p><strong> <a href=\"https:\/\/www.abendblatt.de\/region\/pinneberg\/article242362020\/Kopfschuss-Leiche-Sauna-Paradies-Anklage-in-ominoesem-Fall.html\">https:\/\/www.abendblatt.de\/region\/pinneberg\/article242362020\/Kopfschuss-Leiche-Sauna-Paradies-Anklage-in-ominoesem-Fall.html<\/a><\/strong><\/p>\n<p>&nbsp;<\/p>\n<p><strong>SISU Throwback 2023<\/strong><\/p>\n<p>Update v. 10. Dez: Nach Ansicht der Staatsanwaltschaft ist der 17-J\u00e4hrige in U-Haft sitzende Albaner der T\u00e4ter. Inzwischen ist auch sein Name bekannt. Die Begleitumst\u00e4nde des Mordes sind nach wie vor ungekl\u00e4rt, obwohl sich laut BILD Hinweise auf Drogengesch\u00e4fte bei T\u00e4ter und Opfer verdichtet haben.<\/p>\n<p>Update v. 28. Nov: BILD meldet am Dienstagvormittag, dass es sich bei dem Mordopfer ebenfalls um einen (27-j\u00e4hrigen) Albaner handelt. Weiter hei\u00dft es, &#8222;dass der Fundort nicht der Tatort gewesen sein kann&#8220;.<\/p>\n<p>&#8222;Mord am Sauna-Paradies!&#8220; titelte BILD online heute, Montagvormittag. Danach wurde in der Nacht zu Samstag an einem Zaun angrenzend an den Parkplatz der Holsten Therme Kaltenkirchen (Schleswig-Holstein) die Leiche eines noch nicht identifizierten Mannes gefunden. Des Mordes &#8211; nach BILD Informationen durch Kopfschuss &#8211; verd\u00e4chtigt wird ein 17-j\u00e4hriger albanischer Teenager, der gestern per richterlichem Haftbefehl festgenommen wurde. Die Polizei in Itzehoe ermittelt die Hintergr\u00fcnde. Wom\u00f6glich k\u00f6nnte &#8222;ein Streit um Drogengesch\u00e4fte&#8220; ein Motiv gewesen sein.<\/p>\n<p><a href=\"http:\/\/www.bild.de\">www.bild.de<\/a><\/p>[\/et_pb_text][et_pb_text _builder_version=&#8220;4.23.1&#8243; _module_preset=&#8220;default&#8220; global_colors_info=&#8220;{}&#8220;]<p><strong>Update v. 10. Dez<\/strong><\/p>\n<p><strong>Nach Ansicht der Staatsanwaltschaft ist der 17-J\u00e4hrige in U-Haft sitzende Albaner der T\u00e4ter. Inzwischen ist auch sein Name bekannt. Die Begleitumst\u00e4nde des Mordes sind nach wie vor ungekl\u00e4rt, obwohl sich laut BILD Hinweise auf Drogengesch\u00e4fte bei T\u00e4ter und Opfer verdichtet haben.<\/strong><\/p>\n<p>Update v. 28. Nov: BILD meldet am Dienstagvormittag, dass es sich bei dem Mordopfer ebenfalls um einen (27-j\u00e4hrigen) Albaner handelt. Weiter hei\u00dft es, &#8222;dass der Fundort nicht der Tatort gewesen sein kann&#8220;.<\/p>\n<p>&#8222;Mord am Sauna-Paradies!&#8220; titelte BILD online heute, Montagvormittag. Danach wurde in der Nacht zu Samstag an einem Zaun angrenzend an den Parkplatz der Holsten Therme Kaltenkirchen (Schleswig-Holstein) die Leiche eines noch nicht identifizierten Mannes gefunden. Des Mordes &#8211; nach BILD Informationen durch Kopfschuss &#8211; verd\u00e4chtigt wird ein 17-j\u00e4hriger albanischer Teenager, der gestern per richterlichem Haftbefehl festgenommen wurde. Die Polizei in Itzehoe ermittelt die Hintergr\u00fcnde. Wom\u00f6glich k\u00f6nnte &#8222;ein Streit um Drogengesch\u00e4fte&#8220; ein Motiv gewesen sein.<\/p>\n<p><a href=\"http:\/\/www.bild.de\">www.bild.de<\/a><\/p>[\/et_pb_text][et_pb_divider color=&#8220;#CABB9F&#8220; divider_weight=&#8220;1px&#8220; _builder_version=&#8220;4.17.4&#8243; _module_preset=&#8220;default&#8220; width=&#8220;70%&#8220; global_colors_info=&#8220;{}&#8220;][\/et_pb_divider][\/et_pb_column][\/et_pb_row][\/et_pb_section]\n","protected":false},"excerpt":{"rendered":"<p>Update v. 18. Mai Aktueller Stand: Anklage wegen Totschlags (Paywall-Artikel) https:\/\/www.abendblatt.de\/region\/pinneberg\/article242362020\/Kopfschuss-Leiche-Sauna-Paradies-Anklage-in-ominoesem-Fall.html &nbsp; SISU Throwback 2023 Update v. 10. Dez: Nach Ansicht der Staatsanwaltschaft ist der 17-J\u00e4hrige in U-Haft sitzende Albaner der T\u00e4ter. Inzwischen ist auch sein Name bekannt. Die Begleitumst\u00e4nde des Mordes sind nach wie vor ungekl\u00e4rt, obwohl sich laut BILD Hinweise auf Drogengesch\u00e4fte bei [&hellip;]<\/p>\n","protected":false},"author":1,"featured_media":0,"comment_status":"closed","ping_status":"closed","sticky":false,"template":"","format":"standard","meta":{"_et_pb_use_builder":"on","_et_pb_old_content":"","_et_gb_content_width":"","iawp_total_views":0,"footnotes":""},"categories":[13,14],"tags":[],"class_list":["post-18328","post","type-post","status-publish","format-standard","hentry","category-news","category-anlagen"],"_links":{"self":[{"href":"https:\/\/sauna-wellness-update.de\/de_de\/wp-json\/wp\/v2\/posts\/18328","targetHints":{"allow":["GET"]}}],"collection":[{"href":"https:\/\/sauna-wellness-update.de\/de_de\/wp-json\/wp\/v2\/posts"}],"about":[{"href":"https:\/\/sauna-wellness-update.de\/de_de\/wp-json\/wp\/v2\/types\/post"}],"author":[{"embeddable":true,"href":"https:\/\/sauna-wellness-update.de\/de_de\/wp-json\/wp\/v2\/users\/1"}],"replies":[{"embeddable":true,"href":"https:\/\/sauna-wellness-update.de\/de_de\/wp-json\/wp\/v2\/comments?post=18328"}],"version-history":[{"count":22,"href":"https:\/\/sauna-wellness-update.de\/de_de\/wp-json\/wp\/v2\/posts\/18328\/revisions"}],"predecessor-version":[{"id":24762,"href":"https:\/\/sauna-wellness-update.de\/de_de\/wp-json\/wp\/v2\/posts\/18328\/revisions\/24762"}],"wp:attachment":[{"href":"https:\/\/sauna-wellness-update.de\/de_de\/wp-json\/wp\/v2\/media?parent=18328"}],"wp:term":[{"taxonomy":"category","embeddable":true,"href":"https:\/\/sauna-wellness-update.de\/de_de\/wp-json\/wp\/v2\/categories?post=18328"},{"taxonomy":"post_tag","embeddable":true,"href":"https:\/\/sauna-wellness-update.de\/de_de\/wp-json\/wp\/v2\/tags?post=18328"}],"curies":[{"name":"wp","href":"https:\/\/api.w.org\/{rel}","templated":true}]}}