{"id":18790,"date":"2025-12-06T12:50:00","date_gmt":"2025-12-06T11:50:00","guid":{"rendered":"https:\/\/sauna-wellness-update.de\/?p=18790"},"modified":"2025-12-07T10:57:02","modified_gmt":"2025-12-07T09:57:02","slug":"nationalfeiertag-in-finnland","status":"publish","type":"post","link":"https:\/\/sauna-wellness-update.de\/de_de\/2025\/12\/06\/nationalfeiertag-in-finnland\/","title":{"rendered":"108. finnischer Unabh\u00e4ngigkeitstag Itsen\u00e4isyysp\u00e4iv\u00e4 &#8211; &#8222;Finnland nun Teil von US-gef\u00fchrtem NATO-Kommando&#8220;"},"content":{"rendered":"\n[et_pb_section fb_built=&#8220;1&#8243; _builder_version=&#8220;4.17.4&#8243; _module_preset=&#8220;default&#8220; custom_margin=&#8220;0px||0px||true|false&#8220; custom_padding=&#8220;0px||0px||true|false&#8220; border_color_all=&#8220;rgba(86,116,125,0.5)&#8220; border_color_bottom=&#8220;RGBA(255,255,255,0)&#8220; global_colors_info=&#8220;{}&#8220;][et_pb_row _builder_version=&#8220;4.17.4&#8243; _module_preset=&#8220;default&#8220; custom_margin=&#8220;0px||0px||true|false&#8220; custom_padding=&#8220;0px||0px||true|&#8220; global_colors_info=&#8220;{}&#8220;][et_pb_column type=&#8220;4_4&#8243; _builder_version=&#8220;4.17.4&#8243; _module_preset=&#8220;default&#8220; custom_padding=&#8220;0px||0px||true|false&#8220; global_colors_info=&#8220;{}&#8220;][et_pb_text _builder_version=&#8220;4.27.5&#8243; _module_preset=&#8220;default&#8220; hover_enabled=&#8220;0&#8243; global_colors_info=&#8220;{}&#8220; sticky_enabled=&#8220;0&#8243;]<p><strong>Update, 6. Dez<\/strong><\/p>\n<p><strong>&#8222;Finnland ist nun offiziell Teil des NATO Joint Force Command Norfolk.&#8220; Suomi trat 2023 der NATO bei; es\u00a0 hat eine 1.340 km lange Grenze zu Russland. Von gut ein Dutzend US-St\u00fctzpunkten in Finnland ist die Rede.<br \/><\/strong><\/p>\n<p><a href=\"https:\/\/www.nordisch.info\/finnland\/nun-teil-von-us-gefuehrtem-nato-kommando\/\">https:\/\/www.nordisch.info\/finnland\/nun-teil-von-us-gefuehrtem-nato-kommando\/<\/a><\/p>\n<p>SISU, 3. Dez: Itsen\u00e4isyysp\u00e4iv\u00e4: Am 6. Dezember 1917 erlangte Finnland als ehemaliges Gro\u00dff\u00fcrstentum die Unabh\u00e4ngigkeit von Russland. Es gibt zahlreiche politisch-patriotische\u00a0 und private Events;\u00a0 blauwei\u00dfe Kerzen werden in die Fenster gestellt.<strong><br \/><\/strong><\/p>\n<p><a href=\"https:\/\/finlandabroad.fi\/web\/deu\/startseite\">https:\/\/finlandabroad.fi\/web\/deu\/startseite<\/a><\/p>\n<p><a href=\"https:\/\/www.visitfinland.com\/de\/artikel\/traditionelle-finnische-feierlichkeiten-und-feste\/\">https:\/\/www.visitfinland.com\/de\/artikel\/traditionelle-finnische-feierlichkeiten-und-feste\/<\/a><strong><\/strong><strong><\/strong><\/p>[\/et_pb_text][et_pb_divider color=&#8220;#CABB9F&#8220; divider_weight=&#8220;1px&#8220; _builder_version=&#8220;4.17.4&#8243; _module_preset=&#8220;default&#8220; width=&#8220;70%&#8220; global_colors_info=&#8220;{}&#8220;][\/et_pb_divider][\/et_pb_column][\/et_pb_row][\/et_pb_section]\n","protected":false},"excerpt":{"rendered":"<p>Update, 6. Dez &#8222;Finnland ist nun offiziell Teil des NATO Joint Force Command Norfolk.&#8220; Suomi trat 2023 der NATO bei; es\u00a0 hat eine 1.340 km lange Grenze zu Russland. Von gut ein Dutzend US-St\u00fctzpunkten in Finnland ist die Rede. https:\/\/www.nordisch.info\/finnland\/nun-teil-von-us-gefuehrtem-nato-kommando\/ SISU, 3. Dez: Itsen\u00e4isyysp\u00e4iv\u00e4: Am 6. Dezember 1917 erlangte Finnland als ehemaliges Gro\u00dff\u00fcrstentum die Unabh\u00e4ngigkeit [&hellip;]<\/p>\n","protected":false},"author":1,"featured_media":0,"comment_status":"closed","ping_status":"closed","sticky":false,"template":"","format":"standard","meta":{"_et_pb_use_builder":"on","_et_pb_old_content":"","_et_gb_content_width":"","iawp_total_views":0,"footnotes":""},"categories":[13,5],"tags":[],"class_list":["post-18790","post","type-post","status-publish","format-standard","hentry","category-news","category-events"],"_links":{"self":[{"href":"https:\/\/sauna-wellness-update.de\/de_de\/wp-json\/wp\/v2\/posts\/18790","targetHints":{"allow":["GET"]}}],"collection":[{"href":"https:\/\/sauna-wellness-update.de\/de_de\/wp-json\/wp\/v2\/posts"}],"about":[{"href":"https:\/\/sauna-wellness-update.de\/de_de\/wp-json\/wp\/v2\/types\/post"}],"author":[{"embeddable":true,"href":"https:\/\/sauna-wellness-update.de\/de_de\/wp-json\/wp\/v2\/users\/1"}],"replies":[{"embeddable":true,"href":"https:\/\/sauna-wellness-update.de\/de_de\/wp-json\/wp\/v2\/comments?post=18790"}],"version-history":[{"count":16,"href":"https:\/\/sauna-wellness-update.de\/de_de\/wp-json\/wp\/v2\/posts\/18790\/revisions"}],"predecessor-version":[{"id":53659,"href":"https:\/\/sauna-wellness-update.de\/de_de\/wp-json\/wp\/v2\/posts\/18790\/revisions\/53659"}],"wp:attachment":[{"href":"https:\/\/sauna-wellness-update.de\/de_de\/wp-json\/wp\/v2\/media?parent=18790"}],"wp:term":[{"taxonomy":"category","embeddable":true,"href":"https:\/\/sauna-wellness-update.de\/de_de\/wp-json\/wp\/v2\/categories?post=18790"},{"taxonomy":"post_tag","embeddable":true,"href":"https:\/\/sauna-wellness-update.de\/de_de\/wp-json\/wp\/v2\/tags?post=18790"}],"curies":[{"name":"wp","href":"https:\/\/api.w.org\/{rel}","templated":true}]}}