{"id":19403,"date":"2024-12-24T10:45:00","date_gmt":"2024-12-24T09:45:00","guid":{"rendered":"https:\/\/sauna-wellness-update.de\/?p=19403"},"modified":"2024-12-24T10:48:48","modified_gmt":"2024-12-24T09:48:48","slug":"bundespraesident-steinmeier-mehr-mut-und-miteinander","status":"publish","type":"post","link":"https:\/\/sauna-wellness-update.de\/de_de\/2024\/12\/24\/bundespraesident-steinmeier-mehr-mut-und-miteinander\/","title":{"rendered":"Bundespr\u00e4sident Steinmeier 2023: Mehr Mut und Miteinander"},"content":{"rendered":"\n[et_pb_section fb_built=&#8220;1&#8243; _builder_version=&#8220;4.17.4&#8243; _module_preset=&#8220;default&#8220; custom_margin=&#8220;0px||0px||true|false&#8220; custom_padding=&#8220;0px||0px||true|false&#8220; border_color_all=&#8220;rgba(86,116,125,0.5)&#8220; border_color_bottom=&#8220;RGBA(255,255,255,0)&#8220; global_colors_info=&#8220;{}&#8220;][et_pb_row _builder_version=&#8220;4.17.4&#8243; _module_preset=&#8220;default&#8220; custom_margin=&#8220;0px||0px||true|false&#8220; custom_padding=&#8220;0px||0px||true|&#8220; global_colors_info=&#8220;{}&#8220;][et_pb_column type=&#8220;4_4&#8243; _builder_version=&#8220;4.17.4&#8243; _module_preset=&#8220;default&#8220; custom_padding=&#8220;0px||0px||true|false&#8220; global_colors_info=&#8220;{}&#8220;][et_pb_text _builder_version=&#8220;4.27.4&#8243; _module_preset=&#8220;default&#8220; hover_enabled=&#8220;0&#8243; global_colors_info=&#8220;{}&#8220; sticky_enabled=&#8220;0&#8243;]<p><strong>R\u00fcckschau <\/strong><strong>SISU v. 26. Dezember 2023<\/strong><\/p>\n<p>In seiner Weihnachtsansprache hat Bundespr\u00e4sident Frank-Walter Steinmeiner die B\u00fcrger zu mehr Mut und Miteinander aufgerufen. Er forderte sie auf, &#8222;das Gemeinsame \u00fcber das Trennende zu stellen&#8220;. Steinmeier: &#8222;Verschwenden wir nicht unsere Kraft im t\u00e4glichen Gegeneinander. Sondern vertrauen wir der St\u00e4rke und der Erfahrung, die in uns steckt.&#8220; Der Bundespr\u00e4sident erinnerte daran, dass 2024 das Grundgesetz 75 Jahre alt wird.<\/p>\n<p><a href=\"https:\/\/www.tagesschau.de\/inland\/gesellschaft\/steinmeier-weihnachtsansprache-118.html\">https:\/\/www.tagesschau.de\/inland\/gesellschaft\/steinmeier-weihnachtsansprache-118.html<\/a><\/p>[\/et_pb_text][et_pb_divider color=&#8220;#CABB9F&#8220; divider_weight=&#8220;1px&#8220; _builder_version=&#8220;4.17.4&#8243; _module_preset=&#8220;default&#8220; width=&#8220;70%&#8220; global_colors_info=&#8220;{}&#8220;][\/et_pb_divider][\/et_pb_column][\/et_pb_row][\/et_pb_section]\n","protected":false},"excerpt":{"rendered":"<p>R\u00fcckschau SISU v. 26. Dezember 2023 In seiner Weihnachtsansprache hat Bundespr\u00e4sident Frank-Walter Steinmeiner die B\u00fcrger zu mehr Mut und Miteinander aufgerufen. Er forderte sie auf, &#8222;das Gemeinsame \u00fcber das Trennende zu stellen&#8220;. Steinmeier: &#8222;Verschwenden wir nicht unsere Kraft im t\u00e4glichen Gegeneinander. Sondern vertrauen wir der St\u00e4rke und der Erfahrung, die in uns steckt.&#8220; Der Bundespr\u00e4sident [&hellip;]<\/p>\n","protected":false},"author":1,"featured_media":0,"comment_status":"closed","ping_status":"closed","sticky":false,"template":"","format":"standard","meta":{"_et_pb_use_builder":"on","_et_pb_old_content":"","_et_gb_content_width":"","iawp_total_views":0,"footnotes":""},"categories":[13,6],"tags":[],"class_list":["post-19403","post","type-post","status-publish","format-standard","hentry","category-news","category-leute"],"_links":{"self":[{"href":"https:\/\/sauna-wellness-update.de\/de_de\/wp-json\/wp\/v2\/posts\/19403","targetHints":{"allow":["GET"]}}],"collection":[{"href":"https:\/\/sauna-wellness-update.de\/de_de\/wp-json\/wp\/v2\/posts"}],"about":[{"href":"https:\/\/sauna-wellness-update.de\/de_de\/wp-json\/wp\/v2\/types\/post"}],"author":[{"embeddable":true,"href":"https:\/\/sauna-wellness-update.de\/de_de\/wp-json\/wp\/v2\/users\/1"}],"replies":[{"embeddable":true,"href":"https:\/\/sauna-wellness-update.de\/de_de\/wp-json\/wp\/v2\/comments?post=19403"}],"version-history":[{"count":7,"href":"https:\/\/sauna-wellness-update.de\/de_de\/wp-json\/wp\/v2\/posts\/19403\/revisions"}],"predecessor-version":[{"id":34597,"href":"https:\/\/sauna-wellness-update.de\/de_de\/wp-json\/wp\/v2\/posts\/19403\/revisions\/34597"}],"wp:attachment":[{"href":"https:\/\/sauna-wellness-update.de\/de_de\/wp-json\/wp\/v2\/media?parent=19403"}],"wp:term":[{"taxonomy":"category","embeddable":true,"href":"https:\/\/sauna-wellness-update.de\/de_de\/wp-json\/wp\/v2\/categories?post=19403"},{"taxonomy":"post_tag","embeddable":true,"href":"https:\/\/sauna-wellness-update.de\/de_de\/wp-json\/wp\/v2\/tags?post=19403"}],"curies":[{"name":"wp","href":"https:\/\/api.w.org\/{rel}","templated":true}]}}