{"id":2119,"date":"2022-11-11T13:11:12","date_gmt":"2022-11-11T12:11:12","guid":{"rendered":"https:\/\/sauna-wellness-update.de\/?p=2119"},"modified":"2022-11-11T13:35:30","modified_gmt":"2022-11-11T12:35:30","slug":"corona-isolationspflicht","status":"publish","type":"post","link":"https:\/\/sauna-wellness-update.de\/de_de\/2022\/11\/11\/corona-isolationspflicht\/","title":{"rendered":"Corona-Isolationspflicht"},"content":{"rendered":"\n[et_pb_section fb_built=&#8220;1&#8243; _builder_version=&#8220;4.17.4&#8243; _module_preset=&#8220;default&#8220; custom_margin=&#8220;0px||0px||true|false&#8220; custom_padding=&#8220;0px||0px||true|false&#8220; border_color_all=&#8220;rgba(86,116,125,0.5)&#8220; border_color_bottom=&#8220;RGBA(255,255,255,0)&#8220; global_colors_info=&#8220;{}&#8220;][et_pb_row _builder_version=&#8220;4.17.4&#8243; _module_preset=&#8220;default&#8220; custom_margin=&#8220;0px||0px||true|false&#8220; custom_padding=&#8220;0px||0px||true|&#8220; global_colors_info=&#8220;{}&#8220;][et_pb_column type=&#8220;4_4&#8243; _builder_version=&#8220;4.17.4&#8243; _module_preset=&#8220;default&#8220; custom_padding=&#8220;0px||0px||true|false&#8220; global_colors_info=&#8220;{}&#8220;][et_pb_text _builder_version=&#8220;4.17.4&#8243; _module_preset=&#8220;default&#8220; hover_enabled=&#8220;0&#8243; global_colors_info=&#8220;{}&#8220; sticky_enabled=&#8220;0&#8243;]<p>Weil derzeit auf Bundesebene der politische Wille fehlt, die bestehende Corona-Isolationspflicht von f\u00fcnf Tagen einheitlich aufzuheben, wollen die L\u00e4nder Schleswig-Holstein, Bayern, Baden-W\u00fcrttemberg und Hessen diese &#8222;zeitnah&#8220; abschaffen. Das hat der Ministerpr\u00e4sident von Schleswig-Holstein, Daniel G\u00fcnther, am Freitag bekanntgegeben. Da die Pandemie in einen endemische Lage \u00fcbergehe, k\u00f6nne man weitere Schritte in Richtung Normalit\u00e4t wagen und st\u00e4rker auf das Prinzip Eigenverantwortung setzen. Allerdings werde es weiter Verhaltensregeln f\u00fcr positiv Getestete geben m\u00fcssen, etwa in pflegerischen oder medizinischen Einrichtungen, zum Beispiel Betretungsverbote und Maskenpflicht.<\/p>\n<p>Gesundheitsminister Karl Lauterbach reagierte mit Kritik und sprach von einem Flickenteppich: &#8222;Ich kann das nicht akzeptieren.&#8220; (Gen.)<\/p>\n<p><a href=\"http:\/\/www.web.de\">www.web.de<\/a><\/p>[\/et_pb_text][\/et_pb_column][\/et_pb_row][\/et_pb_section]\n","protected":false},"excerpt":{"rendered":"<p>Weil derzeit auf Bundesebene der politische Wille fehlt, die bestehende Corona-Isolationspflicht von f\u00fcnf Tagen einheitlich aufzuheben, wollen die L\u00e4nder Schleswig-Holstein, Bayern, Baden-W\u00fcrttemberg und Hessen diese &#8222;zeitnah&#8220; abschaffen. Das hat der Ministerpr\u00e4sident von Schleswig-Holstein, Daniel G\u00fcnther, am Freitag bekanntgegeben. Da die Pandemie in einen endemische Lage \u00fcbergehe, k\u00f6nne man weitere Schritte in Richtung Normalit\u00e4t wagen und [&hellip;]<\/p>\n","protected":false},"author":1,"featured_media":0,"comment_status":"open","ping_status":"open","sticky":false,"template":"","format":"standard","meta":{"_et_pb_use_builder":"on","_et_pb_old_content":"","_et_gb_content_width":"","iawp_total_views":3,"footnotes":""},"categories":[13],"tags":[],"class_list":["post-2119","post","type-post","status-publish","format-standard","hentry","category-news"],"_links":{"self":[{"href":"https:\/\/sauna-wellness-update.de\/de_de\/wp-json\/wp\/v2\/posts\/2119","targetHints":{"allow":["GET"]}}],"collection":[{"href":"https:\/\/sauna-wellness-update.de\/de_de\/wp-json\/wp\/v2\/posts"}],"about":[{"href":"https:\/\/sauna-wellness-update.de\/de_de\/wp-json\/wp\/v2\/types\/post"}],"author":[{"embeddable":true,"href":"https:\/\/sauna-wellness-update.de\/de_de\/wp-json\/wp\/v2\/users\/1"}],"replies":[{"embeddable":true,"href":"https:\/\/sauna-wellness-update.de\/de_de\/wp-json\/wp\/v2\/comments?post=2119"}],"version-history":[{"count":10,"href":"https:\/\/sauna-wellness-update.de\/de_de\/wp-json\/wp\/v2\/posts\/2119\/revisions"}],"predecessor-version":[{"id":2132,"href":"https:\/\/sauna-wellness-update.de\/de_de\/wp-json\/wp\/v2\/posts\/2119\/revisions\/2132"}],"wp:attachment":[{"href":"https:\/\/sauna-wellness-update.de\/de_de\/wp-json\/wp\/v2\/media?parent=2119"}],"wp:term":[{"taxonomy":"category","embeddable":true,"href":"https:\/\/sauna-wellness-update.de\/de_de\/wp-json\/wp\/v2\/categories?post=2119"},{"taxonomy":"post_tag","embeddable":true,"href":"https:\/\/sauna-wellness-update.de\/de_de\/wp-json\/wp\/v2\/tags?post=2119"}],"curies":[{"name":"wp","href":"https:\/\/api.w.org\/{rel}","templated":true}]}}