{"id":2369,"date":"2022-11-17T14:21:36","date_gmt":"2022-11-17T13:21:36","guid":{"rendered":"https:\/\/sauna-wellness-update.de\/?p=2369"},"modified":"2022-11-17T14:37:31","modified_gmt":"2022-11-17T13:37:31","slug":"zitat-des-tages-11","status":"publish","type":"post","link":"https:\/\/sauna-wellness-update.de\/de_de\/2022\/11\/17\/zitat-des-tages-11\/","title":{"rendered":"Zitat des Tages"},"content":{"rendered":"\n[et_pb_section fb_built=&#8220;1&#8243; _builder_version=&#8220;4.17.4&#8243; _module_preset=&#8220;default&#8220; custom_margin=&#8220;0px||0px||true|false&#8220; custom_padding=&#8220;0px||0px||true|false&#8220; border_color_all=&#8220;rgba(86,116,125,0.5)&#8220; border_color_bottom=&#8220;RGBA(255,255,255,0)&#8220; global_colors_info=&#8220;{}&#8220;][et_pb_row _builder_version=&#8220;4.17.4&#8243; _module_preset=&#8220;default&#8220; custom_margin=&#8220;0px||0px||true|false&#8220; custom_padding=&#8220;0px||0px||true|&#8220; global_colors_info=&#8220;{}&#8220;][et_pb_column type=&#8220;4_4&#8243; _builder_version=&#8220;4.17.4&#8243; _module_preset=&#8220;default&#8220; custom_padding=&#8220;0px||0px||true|false&#8220; global_colors_info=&#8220;{}&#8220;][et_pb_text _builder_version=&#8220;4.17.4&#8243; _module_preset=&#8220;default&#8220; hover_enabled=&#8220;0&#8243; global_colors_info=&#8220;{}&#8220; sticky_enabled=&#8220;0&#8243;]<p>&#8222;Die Sauna ist die deutsche Energiewende im Kleinma\u00dfstab.&#8220;<\/p>\n<p>Andr\u00e9 D. Thess, Professor f\u00fcr Energiespeicherung an der Universit\u00e4t Stuttgart, Direktor des Instituts f\u00fcr Technische Thermodynamik am Deutschen Zentrum f\u00fcr Luft- und Raumfahrt (DLR), zitiert von ZEIT ONLINE im Rahmen einer &#8222;Saunascham&#8220;-Reportage \u00fcber die Therme Erding.<\/p>\n<p><a href=\"http:\/\/www.zeit.de\">www.zeit.de<\/a><\/p>\n<p><a href=\"http:\/\/www.h2o-herford.de\"><\/a><\/p>[\/et_pb_text][\/et_pb_column][\/et_pb_row][\/et_pb_section]\n","protected":false},"excerpt":{"rendered":"<p>&#8222;Die Sauna ist die deutsche Energiewende im Kleinma\u00dfstab.&#8220; Andr\u00e9 D. Thess, Professor f\u00fcr Energiespeicherung an der Universit\u00e4t Stuttgart, Direktor des Instituts f\u00fcr Technische Thermodynamik am Deutschen Zentrum f\u00fcr Luft- und Raumfahrt (DLR), zitiert von ZEIT ONLINE im Rahmen einer &#8222;Saunascham&#8220;-Reportage \u00fcber die Therme Erding. www.zeit.de<\/p>\n","protected":false},"author":1,"featured_media":0,"comment_status":"open","ping_status":"open","sticky":false,"template":"","format":"standard","meta":{"_et_pb_use_builder":"on","_et_pb_old_content":"","_et_gb_content_width":"","iawp_total_views":0,"footnotes":""},"categories":[13,6],"tags":[],"class_list":["post-2369","post","type-post","status-publish","format-standard","hentry","category-news","category-leute"],"_links":{"self":[{"href":"https:\/\/sauna-wellness-update.de\/de_de\/wp-json\/wp\/v2\/posts\/2369","targetHints":{"allow":["GET"]}}],"collection":[{"href":"https:\/\/sauna-wellness-update.de\/de_de\/wp-json\/wp\/v2\/posts"}],"about":[{"href":"https:\/\/sauna-wellness-update.de\/de_de\/wp-json\/wp\/v2\/types\/post"}],"author":[{"embeddable":true,"href":"https:\/\/sauna-wellness-update.de\/de_de\/wp-json\/wp\/v2\/users\/1"}],"replies":[{"embeddable":true,"href":"https:\/\/sauna-wellness-update.de\/de_de\/wp-json\/wp\/v2\/comments?post=2369"}],"version-history":[{"count":6,"href":"https:\/\/sauna-wellness-update.de\/de_de\/wp-json\/wp\/v2\/posts\/2369\/revisions"}],"predecessor-version":[{"id":2376,"href":"https:\/\/sauna-wellness-update.de\/de_de\/wp-json\/wp\/v2\/posts\/2369\/revisions\/2376"}],"wp:attachment":[{"href":"https:\/\/sauna-wellness-update.de\/de_de\/wp-json\/wp\/v2\/media?parent=2369"}],"wp:term":[{"taxonomy":"category","embeddable":true,"href":"https:\/\/sauna-wellness-update.de\/de_de\/wp-json\/wp\/v2\/categories?post=2369"},{"taxonomy":"post_tag","embeddable":true,"href":"https:\/\/sauna-wellness-update.de\/de_de\/wp-json\/wp\/v2\/tags?post=2369"}],"curies":[{"name":"wp","href":"https:\/\/api.w.org\/{rel}","templated":true}]}}