{"id":244,"date":"2022-06-15T16:05:00","date_gmt":"2022-06-15T14:05:00","guid":{"rendered":"https:\/\/sauna-wellness-update.de\/?p=244"},"modified":"2022-06-22T16:48:23","modified_gmt":"2022-06-22T14:48:23","slug":"omikron-sommerwelle","status":"publish","type":"post","link":"https:\/\/sauna-wellness-update.de\/de_de\/2022\/06\/15\/omikron-sommerwelle\/","title":{"rendered":"Omikron-Sommerwelle"},"content":{"rendered":"\n[et_pb_section fb_built=&#8220;1&#8243; _builder_version=&#8220;4.17.4&#8243; _module_preset=&#8220;default&#8220; custom_margin=&#8220;0px||0px||true|false&#8220; custom_padding=&#8220;0px||0px||true|false&#8220; global_colors_info=&#8220;{}&#8220; theme_builder_area=&#8220;post_content&#8220;][et_pb_row _builder_version=&#8220;4.17.4&#8243; _module_preset=&#8220;default&#8220; custom_margin=&#8220;0px||0px||true|false&#8220; custom_padding=&#8220;0px||0px||true|&#8220; global_colors_info=&#8220;{}&#8220; theme_builder_area=&#8220;post_content&#8220;][et_pb_column type=&#8220;4_4&#8243; _builder_version=&#8220;4.17.4&#8243; _module_preset=&#8220;default&#8220; custom_padding=&#8220;0px||0px||true|false&#8220; global_colors_info=&#8220;{}&#8220; theme_builder_area=&#8220;post_content&#8220;][et_pb_text _builder_version=&#8220;4.17.4&#8243; _module_preset=&#8220;default&#8220; hover_enabled=&#8220;0&#8243; global_colors_info=&#8220;{}&#8220; theme_builder_area=&#8220;post_content&#8220; sticky_enabled=&#8220;0&#8243;]<p>Die Omikron-Sublinien BA.4 und BA.5 f\u00fchren auch in Deutschland wieder zu steigenden Covid-Fallzahlen. Das Robert Koch-Institut warnt deshalb vor einem \u201eerneut verst\u00e4rkten Infektionsdruck schon im Sommer\u201d.<\/p>\n<p>Laut Bundesgesundheitsminister Prof. Karl Lauterbach ist die angek\u00fcndigte Sommerwelle bereits da und verspricht in den n\u00e4chsten Wochen wenig Entspannung. Er k\u00fcndigte neue Impfstoffe ab September an. Auch der Virologe Prof. Christian Drosten von der Charit\u00e9 in Berlin warnt vor einer langen Infektionswelle im kommenden Herbst und Winter, sp\u00e4testens ab Oktober bis M\u00e4rz 2023.<\/p>\n<p><a href=\"http:\/\/www.boersen-zeitung.de\">www.boersen-zeitung.de<\/a><br \/><a href=\"http:\/\/www.ntv.de\">www.ntv.de<\/a><br \/><a href=\"http:\/\/www.t-online.de\">www.t-online.de<\/a><\/p>[\/et_pb_text][\/et_pb_column][\/et_pb_row][\/et_pb_section]\n","protected":false},"excerpt":{"rendered":"<p>Die Omikron-Sublinien BA.4 und BA.5 f\u00fchren auch in Deutschland wieder zu steigenden Covid-Fallzahlen. Das Robert Koch-Institut warnt deshalb vor einem \u201eerneut verst\u00e4rkten Infektionsdruck schon im Sommer\u201d. Laut Bundesgesundheitsminister Prof. Karl Lauterbach ist die angek\u00fcndigte Sommerwelle bereits da und verspricht in den n\u00e4chsten Wochen wenig Entspannung. Er k\u00fcndigte neue Impfstoffe ab September an. Auch der Virologe [&hellip;]<\/p>\n","protected":false},"author":1,"featured_media":0,"comment_status":"open","ping_status":"open","sticky":false,"template":"","format":"standard","meta":{"_et_pb_use_builder":"on","_et_pb_old_content":"","_et_gb_content_width":"","iawp_total_views":0,"footnotes":""},"categories":[13],"tags":[],"class_list":["post-244","post","type-post","status-publish","format-standard","hentry","category-news"],"_links":{"self":[{"href":"https:\/\/sauna-wellness-update.de\/de_de\/wp-json\/wp\/v2\/posts\/244","targetHints":{"allow":["GET"]}}],"collection":[{"href":"https:\/\/sauna-wellness-update.de\/de_de\/wp-json\/wp\/v2\/posts"}],"about":[{"href":"https:\/\/sauna-wellness-update.de\/de_de\/wp-json\/wp\/v2\/types\/post"}],"author":[{"embeddable":true,"href":"https:\/\/sauna-wellness-update.de\/de_de\/wp-json\/wp\/v2\/users\/1"}],"replies":[{"embeddable":true,"href":"https:\/\/sauna-wellness-update.de\/de_de\/wp-json\/wp\/v2\/comments?post=244"}],"version-history":[{"count":3,"href":"https:\/\/sauna-wellness-update.de\/de_de\/wp-json\/wp\/v2\/posts\/244\/revisions"}],"predecessor-version":[{"id":295,"href":"https:\/\/sauna-wellness-update.de\/de_de\/wp-json\/wp\/v2\/posts\/244\/revisions\/295"}],"wp:attachment":[{"href":"https:\/\/sauna-wellness-update.de\/de_de\/wp-json\/wp\/v2\/media?parent=244"}],"wp:term":[{"taxonomy":"category","embeddable":true,"href":"https:\/\/sauna-wellness-update.de\/de_de\/wp-json\/wp\/v2\/categories?post=244"},{"taxonomy":"post_tag","embeddable":true,"href":"https:\/\/sauna-wellness-update.de\/de_de\/wp-json\/wp\/v2\/tags?post=244"}],"curies":[{"name":"wp","href":"https:\/\/api.w.org\/{rel}","templated":true}]}}