{"id":2891,"date":"2022-12-05T19:45:00","date_gmt":"2022-12-05T18:45:00","guid":{"rendered":"https:\/\/sauna-wellness-update.de\/?p=2891"},"modified":"2022-12-05T23:24:21","modified_gmt":"2022-12-05T22:24:21","slug":"klafs-wieder-doppelspitze","status":"publish","type":"post","link":"https:\/\/sauna-wellness-update.de\/de_de\/2022\/12\/05\/klafs-wieder-doppelspitze\/","title":{"rendered":"KLAFS: Wieder Doppelspitze"},"content":{"rendered":"\n[et_pb_section fb_built=&#8220;1&#8243; _builder_version=&#8220;4.17.4&#8243; _module_preset=&#8220;default&#8220; custom_margin=&#8220;0px||0px||true|false&#8220; custom_padding=&#8220;0px||0px||true|false&#8220; border_color_all=&#8220;rgba(86,116,125,0.5)&#8220; border_color_bottom=&#8220;RGBA(255,255,255,0)&#8220; global_colors_info=&#8220;{}&#8220;][et_pb_row _builder_version=&#8220;4.17.4&#8243; _module_preset=&#8220;default&#8220; custom_margin=&#8220;0px||0px||true|false&#8220; custom_padding=&#8220;0px||0px||true|&#8220; global_colors_info=&#8220;{}&#8220;][et_pb_column type=&#8220;4_4&#8243; _builder_version=&#8220;4.17.4&#8243; _module_preset=&#8220;default&#8220; custom_padding=&#8220;0px||0px||true|false&#8220; global_colors_info=&#8220;{}&#8220;][et_pb_text _builder_version=&#8220;4.17.4&#8243; _module_preset=&#8220;default&#8220; hover_enabled=&#8220;0&#8243; global_colors_info=&#8220;{}&#8220; sticky_enabled=&#8220;0&#8243;]<p>Jens Friedrich (42) verst\u00e4rkt seit vergangenen Donnerstag, 1. Dezember, als &#8222;Chief Financial Officer&#8220; (CFO) die Gesch\u00e4ftsf\u00fchrung der international ausgerichteten KLAFS Gruppe in Schw\u00e4bisch Hall (Baden-W\u00fcrttemberg). Phillip Rock bleibt als &#8222;Chief Executive Officer&#8220;(CEO) Gesch\u00e4ftsf\u00fchrer und Sprecher, verantwortet Marketing und Vertrieb, Produktentwicklung, Design und Produktion. Co-Gesch\u00e4ftsf\u00fchrer Friedrich \u00fcbernimmt die kaufm\u00e4nnischen Bereiche Finanzen, Personal, IT und Service. Vor seinem Berufswechsel war Friedrich Prokurist beim baden-w\u00fcrttembergischen, international agierenden Traditionsunternehmen H\u00e4ndle Group Maschinen und Anlagenbau in M\u00fchlacker.<\/p>\n<p>Seit Mitte des Jahres arbeitet KLAFS als &#8222;weltweit f\u00fchrender Sauna-, Pool- und Spa-Hersteller&#8220; mit einer vereinfachten Gesellschaftsstruktur als GmbH. F\u00fcr die aktuellen Trends Gesundheit, Wohlbefinden und Nachhaltigkeit sieht man sich gut aufgestellt. Phillip Rock: &#8222;Geplant sind umfassende Initiativen und Digitalisierungsma\u00dfnahmen.&#8220;<\/p>\n<p>Nach einem Intermezzo von nur neun Monaten hatte Gernot Mang, in\u00a0 dieser Zeitspannne Co-Gesch\u00e4ftsf\u00fchrer von KLAFS neben Phillip Rock, das Unternehmen zum Ende des zweiten Quartals 2022, bereits wieder verlassen. Mang war in Schw\u00e4bisch Hall f\u00fcr Marketing, Vertrieb und Design zust\u00e4ndig. Mehrheitsgesellschafter bei KLAFS ist seit Anfang 2021 die Private Equity Gesellschaft Egeria. Vor gut einem Jahr, im September 2021, war KLAFS Gesch\u00e4ftsf\u00fchrer Stefan Sch\u00f6llhammer &#8211; Phillip Rock war damals bereits Co-Gesch\u00e4ftsf\u00fchrer &#8211; altersbedingt nach 30 Jahren in den Ruhestand gegangen, bleibt dem Unternehmen aber verbunden. (s. SISU v. 10. Oktober). Die KLAFS Gruppe erzielte 2021 nach eigenen Angaben einen Jahresumsatz von 135 Millionen Euro, bei 800 Mitarbeitern.<\/p>\n<p><a href=\"http:\/\/www.klafs.de\">www.klafs.de<\/a><\/p>\n<p><a href=\"http:\/\/www.egeriagroup.com\">www.egeriagroup.com<\/a><\/p>\n<p>&nbsp;<\/p>[\/et_pb_text][\/et_pb_column][\/et_pb_row][\/et_pb_section]\n","protected":false},"excerpt":{"rendered":"<p>Jens Friedrich (42) verst\u00e4rkt seit vergangenen Donnerstag, 1. Dezember, als &#8222;Chief Financial Officer&#8220; (CFO) die Gesch\u00e4ftsf\u00fchrung der international ausgerichteten KLAFS Gruppe in Schw\u00e4bisch Hall (Baden-W\u00fcrttemberg). Phillip Rock bleibt als &#8222;Chief Executive Officer&#8220;(CEO) Gesch\u00e4ftsf\u00fchrer und Sprecher, verantwortet Marketing und Vertrieb, Produktentwicklung, Design und Produktion. Co-Gesch\u00e4ftsf\u00fchrer Friedrich \u00fcbernimmt die kaufm\u00e4nnischen Bereiche Finanzen, Personal, IT und Service. Vor [&hellip;]<\/p>\n","protected":false},"author":1,"featured_media":0,"comment_status":"open","ping_status":"open","sticky":false,"template":"","format":"standard","meta":{"_et_pb_use_builder":"on","_et_pb_old_content":"","_et_gb_content_width":"","iawp_total_views":2,"footnotes":""},"categories":[13,6,12],"tags":[],"class_list":["post-2891","post","type-post","status-publish","format-standard","hentry","category-news","category-leute","category-unternehmen"],"_links":{"self":[{"href":"https:\/\/sauna-wellness-update.de\/de_de\/wp-json\/wp\/v2\/posts\/2891","targetHints":{"allow":["GET"]}}],"collection":[{"href":"https:\/\/sauna-wellness-update.de\/de_de\/wp-json\/wp\/v2\/posts"}],"about":[{"href":"https:\/\/sauna-wellness-update.de\/de_de\/wp-json\/wp\/v2\/types\/post"}],"author":[{"embeddable":true,"href":"https:\/\/sauna-wellness-update.de\/de_de\/wp-json\/wp\/v2\/users\/1"}],"replies":[{"embeddable":true,"href":"https:\/\/sauna-wellness-update.de\/de_de\/wp-json\/wp\/v2\/comments?post=2891"}],"version-history":[{"count":25,"href":"https:\/\/sauna-wellness-update.de\/de_de\/wp-json\/wp\/v2\/posts\/2891\/revisions"}],"predecessor-version":[{"id":2925,"href":"https:\/\/sauna-wellness-update.de\/de_de\/wp-json\/wp\/v2\/posts\/2891\/revisions\/2925"}],"wp:attachment":[{"href":"https:\/\/sauna-wellness-update.de\/de_de\/wp-json\/wp\/v2\/media?parent=2891"}],"wp:term":[{"taxonomy":"category","embeddable":true,"href":"https:\/\/sauna-wellness-update.de\/de_de\/wp-json\/wp\/v2\/categories?post=2891"},{"taxonomy":"post_tag","embeddable":true,"href":"https:\/\/sauna-wellness-update.de\/de_de\/wp-json\/wp\/v2\/tags?post=2891"}],"curies":[{"name":"wp","href":"https:\/\/api.w.org\/{rel}","templated":true}]}}