{"id":3005,"date":"2022-12-08T21:06:37","date_gmt":"2022-12-08T20:06:37","guid":{"rendered":"https:\/\/sauna-wellness-update.de\/?p=3005"},"modified":"2022-12-08T21:14:08","modified_gmt":"2022-12-08T20:14:08","slug":"energie-haertefallfonds-fuer-kmu","status":"publish","type":"post","link":"https:\/\/sauna-wellness-update.de\/de_de\/2022\/12\/08\/energie-haertefallfonds-fuer-kmu\/","title":{"rendered":"Energie-H\u00e4rtefallfonds f\u00fcr KMU"},"content":{"rendered":"\n[et_pb_section fb_built=&#8220;1&#8243; _builder_version=&#8220;4.17.4&#8243; _module_preset=&#8220;default&#8220; custom_margin=&#8220;0px||0px||true|false&#8220; custom_padding=&#8220;0px||0px||true|false&#8220; border_color_all=&#8220;rgba(86,116,125,0.5)&#8220; border_color_bottom=&#8220;RGBA(255,255,255,0)&#8220; global_colors_info=&#8220;{}&#8220;][et_pb_row _builder_version=&#8220;4.17.4&#8243; _module_preset=&#8220;default&#8220; custom_margin=&#8220;0px||0px||true|false&#8220; custom_padding=&#8220;0px||0px||true|&#8220; global_colors_info=&#8220;{}&#8220;][et_pb_column type=&#8220;4_4&#8243; _builder_version=&#8220;4.17.4&#8243; _module_preset=&#8220;default&#8220; custom_padding=&#8220;0px||0px||true|false&#8220; global_colors_info=&#8220;{}&#8220;][et_pb_text _builder_version=&#8220;4.17.4&#8243; _module_preset=&#8220;default&#8220; hover_enabled=&#8220;0&#8243; global_colors_info=&#8220;{}&#8220; sticky_enabled=&#8220;0&#8243;]<p>Auch KMU kleine und mittlere Unternehmen sollen vom geplanten Energie-H\u00e4rtefallfonds profitieren k\u00f6nnen. Die L\u00e4nder werden die Bundes-Mittel in diesem Fonds mit eigenen erg\u00e4nzen. Das gab Bundeskanzler Scholz heute Abend, Donnerstag, nach der Bund-L\u00e4nder Konferenz bekannt. Konkrete Details wie beispielsweise Modalit\u00e4ten der Antragstellung gibt es noch nicht.<\/p>\n<p><a href=\"http:\/\/www.boersen-zeitung.de\">www.boersen-zeitung.de<\/a><a href=\"http:\/\/www.h2o-herford.de\"><\/a><\/p>[\/et_pb_text][et_pb_divider color=&#8220;#CABB9F&#8220; divider_weight=&#8220;1px&#8220; _builder_version=&#8220;4.17.4&#8243; _module_preset=&#8220;default&#8220; width=&#8220;70%&#8220; global_colors_info=&#8220;{}&#8220;][\/et_pb_divider][\/et_pb_column][\/et_pb_row][\/et_pb_section]\n","protected":false},"excerpt":{"rendered":"<p>Auch KMU kleine und mittlere Unternehmen sollen vom geplanten Energie-H\u00e4rtefallfonds profitieren k\u00f6nnen. Die L\u00e4nder werden die Bundes-Mittel in diesem Fonds mit eigenen erg\u00e4nzen. Das gab Bundeskanzler Scholz heute Abend, Donnerstag, nach der Bund-L\u00e4nder Konferenz bekannt. Konkrete Details wie beispielsweise Modalit\u00e4ten der Antragstellung gibt es noch nicht. www.boersen-zeitung.de<\/p>\n","protected":false},"author":1,"featured_media":0,"comment_status":"open","ping_status":"open","sticky":false,"template":"","format":"standard","meta":{"_et_pb_use_builder":"on","_et_pb_old_content":"","_et_gb_content_width":"","iawp_total_views":0,"footnotes":""},"categories":[13],"tags":[],"class_list":["post-3005","post","type-post","status-publish","format-standard","hentry","category-news"],"_links":{"self":[{"href":"https:\/\/sauna-wellness-update.de\/de_de\/wp-json\/wp\/v2\/posts\/3005","targetHints":{"allow":["GET"]}}],"collection":[{"href":"https:\/\/sauna-wellness-update.de\/de_de\/wp-json\/wp\/v2\/posts"}],"about":[{"href":"https:\/\/sauna-wellness-update.de\/de_de\/wp-json\/wp\/v2\/types\/post"}],"author":[{"embeddable":true,"href":"https:\/\/sauna-wellness-update.de\/de_de\/wp-json\/wp\/v2\/users\/1"}],"replies":[{"embeddable":true,"href":"https:\/\/sauna-wellness-update.de\/de_de\/wp-json\/wp\/v2\/comments?post=3005"}],"version-history":[{"count":7,"href":"https:\/\/sauna-wellness-update.de\/de_de\/wp-json\/wp\/v2\/posts\/3005\/revisions"}],"predecessor-version":[{"id":3015,"href":"https:\/\/sauna-wellness-update.de\/de_de\/wp-json\/wp\/v2\/posts\/3005\/revisions\/3015"}],"wp:attachment":[{"href":"https:\/\/sauna-wellness-update.de\/de_de\/wp-json\/wp\/v2\/media?parent=3005"}],"wp:term":[{"taxonomy":"category","embeddable":true,"href":"https:\/\/sauna-wellness-update.de\/de_de\/wp-json\/wp\/v2\/categories?post=3005"},{"taxonomy":"post_tag","embeddable":true,"href":"https:\/\/sauna-wellness-update.de\/de_de\/wp-json\/wp\/v2\/tags?post=3005"}],"curies":[{"name":"wp","href":"https:\/\/api.w.org\/{rel}","templated":true}]}}