{"id":3133,"date":"2023-12-22T03:03:00","date_gmt":"2023-12-22T02:03:00","guid":{"rendered":"https:\/\/sauna-wellness-update.de\/?p=3133"},"modified":"2023-12-22T10:31:01","modified_gmt":"2023-12-22T09:31:01","slug":"sauna-week-im-andreus-suedtirol","status":"publish","type":"post","link":"https:\/\/sauna-wellness-update.de\/de_de\/2023\/12\/22\/sauna-week-im-andreus-suedtirol\/","title":{"rendered":"&#8222;Aufguss next Level&#8220; mit Rob Keijzer &#8211; World Class Sauna Weeks im Andreus S\u00fcdtirol"},"content":{"rendered":"\n[et_pb_section fb_built=&#8220;1&#8243; _builder_version=&#8220;4.17.4&#8243; _module_preset=&#8220;default&#8220; custom_margin=&#8220;0px||0px||true|false&#8220; custom_padding=&#8220;0px||0px||true|false&#8220; border_color_all=&#8220;rgba(86,116,125,0.5)&#8220; border_color_bottom=&#8220;RGBA(255,255,255,0)&#8220; global_colors_info=&#8220;{}&#8220;][et_pb_row _builder_version=&#8220;4.17.4&#8243; _module_preset=&#8220;default&#8220; custom_margin=&#8220;0px||0px||true|false&#8220; custom_padding=&#8220;0px||0px||true|&#8220; global_colors_info=&#8220;{}&#8220;][et_pb_column type=&#8220;4_4&#8243; _builder_version=&#8220;4.17.4&#8243; _module_preset=&#8220;default&#8220; custom_padding=&#8220;0px||0px||true|false&#8220; global_colors_info=&#8220;{}&#8220;][et_pb_text _builder_version=&#8220;4.23.1&#8243; _module_preset=&#8220;default&#8220; hover_enabled=&#8220;0&#8243; global_colors_info=&#8220;{}&#8220; sticky_enabled=&#8220;0&#8243;]<p><strong>Update v. 16. Dez<\/strong><\/p>\n<p><strong><a href=\"https:\/\/www.facebook.com\/Andreus.Golf.Wellnessresort\/\">https:\/\/www.facebook.com\/Andreus.Golf.Wellnessresort\/<\/a><\/strong><\/p>\n<p><strong><a href=\"https:\/\/www.instagram.com\/andreus_hotel\/\">https:\/\/www.instagram.com\/andreus_hotel\/<\/a><\/strong><\/p>\n<p>&#8222;Aufguss next Level&#8220;: Am 13. November begannen die SAUNA WEEKS im weithin bekannten 5 Sterne Wellnesshotel Andreus, St. Leonard in Passeier (S\u00fcdtirol\/Italien). Zum Sauna Team geh\u00f6ren &#8222;Helli&#8220; Haller und Sarah Niederkofler, zwei auch international bekannte &#8222;Toppers&#8220; in der Showaufguss-Community.<\/p>\n<p>Termin-Auszug aus dem FB Eintrag Andreus v. 27. Sep:<\/p>\n<div class=\"x11i5rnm xat24cr x1mh8g0r x1vvkbs xtlvy1s x126k92a\">\n<div dir=\"auto\" style=\"text-align: start;\">\u2022 13.11. &#8211; 15.11.2023<\/div>\n<div dir=\"auto\" style=\"text-align: start;\"><a tabindex=\"-1\"><\/a>MATTEO GARBOSSA &amp; OLIMPIA BODGAN<\/div>\n<div dir=\"auto\" style=\"text-align: start;\">Italienmeister im Team<\/div>\n<div dir=\"auto\" style=\"text-align: start;\">Vize Weltmeister 2015<\/div>\n<\/div>\n<div class=\"x11i5rnm xat24cr x1mh8g0r x1vvkbs xtlvy1s x126k92a\">\n<div dir=\"auto\" style=\"text-align: start;\">\u2022 16.11. &#8211; 17.11.2023<\/div>\n<div dir=\"auto\" style=\"text-align: start;\">MASSIMO GELLI &amp; SIMONE MANNELLI<\/div>\n<div dir=\"auto\" style=\"text-align: start;\">Weltmeister 2022 im Team<\/div>\n<\/div>\n<div class=\"x11i5rnm xat24cr x1mh8g0r x1vvkbs xtlvy1s x126k92a\">\n<div dir=\"auto\" style=\"text-align: start;\">\u2022 19.11. &#8211; 21.11.2023<\/div>\n<div dir=\"auto\" style=\"text-align: start;\">MICHAEL NIEDERMAIR &amp; KATARZYNA KLAJN<\/div>\n<div dir=\"auto\" style=\"text-align: start;\">Vize Weltmeister 2023<\/div>\n<div dir=\"auto\" style=\"text-align: start;\">Vize Weltmeister 2023 im Team<\/div>\n<\/div>\n<div class=\"x11i5rnm xat24cr x1mh8g0r x1vvkbs xtlvy1s x126k92a\">\n<div dir=\"auto\" style=\"text-align: start;\">\u2022 22.11. &#8211; 25.11.2023<\/div>\n<div dir=\"auto\" style=\"text-align: start;\">DANIEL GUFLER UND GUIDO ESPINOZA<\/div>\n<div dir=\"auto\" style=\"text-align: start;\">Schweizer Meister 2023 Team<\/div>\n<div dir=\"auto\" style=\"text-align: start;\">Vize Schweizer Meister 2023<\/div>\n<div dir=\"auto\" style=\"text-align: start;\"><\/div>\n<\/div>\n<div class=\"x11i5rnm xat24cr x1mh8g0r x1vvkbs xtlvy1s x126k92a\">\n<div dir=\"auto\" style=\"text-align: start;\"><strong>\u2022 17.12. &#8211; 23.12.2023<\/strong><\/div>\n<div dir=\"auto\" style=\"text-align: start;\"><strong>ROB KEIJZER<\/strong><\/div>\n<div dir=\"auto\" style=\"text-align: start;\"><strong>3facher Weltmeister und internationaler Aufguss-Trainer<\/strong><\/div>\n<\/div>\n<p>Update v. 28. Sep: Das Andreus k\u00fcndigt WORLD CLASS SAUNA WEEKS an, im November u.a. mit Massimo Gelli &amp;\u00a0 Simone Mannelli und Michael Niedermair &amp;. Katarzyna Klajn (amtierende Vize-Aufgussweltmeister Team) sowie im<strong> Dezember, 17. bis 23.12., mit Rob Keijzer, dreimaliger niederl\u00e4ndischer Aufgussweltmeister 2016, 2015 und 2014.<\/strong><\/p>\n<p>SISU THROWBACK v. 8. Dez 2022: Vom 18. bis zum 23. Dezember 2022\u00a0 war wieder &#8222;Sauna Week&#8220; im weithin bekannten 5 Sterne Wellnesshotel Andreus, St. Leonard in Passeier (S\u00fcdtirol\/Italien). &#8222;Special Guest&#8220; war\u00a0 der dreifache Aufgussweltmeister Rob Keijzer aus den Niederlanden.<\/p>\n<p>Highlight der 2.000 qm Sauna World &#8211; Leitung Helmuth &#8222;Helli&#8220; Haller, Aufguss Italienmeister und Aufguss-Weltmeister 2011 &#8211; im Andreus ist die neue Eventsauna DOME, &#8222;Sauna next Level&#8220;. Der Panorama Show-Room mit ausklappbaren LED-Walls ist \u00fcber 85 qm gro\u00df und hat eine gew\u00f6lbte Spezialdecke von 4,75 Metern und ausgefeilter L\u00fcftungstechnik. Die Eventsauna-Planung stammt von creAtelier by Kofler, St. Pankraz in Bozen (Italien).<\/p>\n<p><a href=\"https:\/\/www.facebook.com\/rob.keijzer.37\">https:\/\/www.facebook.com\/rob.keijzer.37<\/a><\/p>\n<p><a href=\"http:\/\/www.towell.nl\">www.towell.nl<\/a><\/p>\n<p><a href=\"http:\/\/www.aufguss-wcf.com\">www.aufguss-wcf.com\u00a0<\/a><\/p>\n<p><a href=\"https:\/\/www.andreus-resorts.it\/wellness-spa\">https:\/\/www.andreus-resorts.it\/wellness-spa<\/a><\/p>\n<p><a href=\"https:\/\/www.createlier.net\/\">https:\/\/www.createlier.net<\/a><\/p>[\/et_pb_text][et_pb_divider color=&#8220;#CABB9F&#8220; divider_weight=&#8220;1px&#8220; _builder_version=&#8220;4.17.4&#8243; _module_preset=&#8220;default&#8220; width=&#8220;70%&#8220; global_colors_info=&#8220;{}&#8220;][\/et_pb_divider][\/et_pb_column][\/et_pb_row][\/et_pb_section]\n","protected":false},"excerpt":{"rendered":"<p>Update v. 16. Dez https:\/\/www.facebook.com\/Andreus.Golf.Wellnessresort\/ https:\/\/www.instagram.com\/andreus_hotel\/ &#8222;Aufguss next Level&#8220;: Am 13. November begannen die SAUNA WEEKS im weithin bekannten 5 Sterne Wellnesshotel Andreus, St. Leonard in Passeier (S\u00fcdtirol\/Italien). Zum Sauna Team geh\u00f6ren &#8222;Helli&#8220; Haller und Sarah Niederkofler, zwei auch international bekannte &#8222;Toppers&#8220; in der Showaufguss-Community. Termin-Auszug aus dem FB Eintrag Andreus v. 27. Sep: \u2022 [&hellip;]<\/p>\n","protected":false},"author":1,"featured_media":0,"comment_status":"open","ping_status":"open","sticky":false,"template":"","format":"standard","meta":{"_et_pb_use_builder":"on","_et_pb_old_content":"","_et_gb_content_width":"","iawp_total_views":2,"footnotes":""},"categories":[13,5,6,12],"tags":[],"class_list":["post-3133","post","type-post","status-publish","format-standard","hentry","category-news","category-events","category-leute","category-unternehmen"],"_links":{"self":[{"href":"https:\/\/sauna-wellness-update.de\/de_de\/wp-json\/wp\/v2\/posts\/3133","targetHints":{"allow":["GET"]}}],"collection":[{"href":"https:\/\/sauna-wellness-update.de\/de_de\/wp-json\/wp\/v2\/posts"}],"about":[{"href":"https:\/\/sauna-wellness-update.de\/de_de\/wp-json\/wp\/v2\/types\/post"}],"author":[{"embeddable":true,"href":"https:\/\/sauna-wellness-update.de\/de_de\/wp-json\/wp\/v2\/users\/1"}],"replies":[{"embeddable":true,"href":"https:\/\/sauna-wellness-update.de\/de_de\/wp-json\/wp\/v2\/comments?post=3133"}],"version-history":[{"count":37,"href":"https:\/\/sauna-wellness-update.de\/de_de\/wp-json\/wp\/v2\/posts\/3133\/revisions"}],"predecessor-version":[{"id":19266,"href":"https:\/\/sauna-wellness-update.de\/de_de\/wp-json\/wp\/v2\/posts\/3133\/revisions\/19266"}],"wp:attachment":[{"href":"https:\/\/sauna-wellness-update.de\/de_de\/wp-json\/wp\/v2\/media?parent=3133"}],"wp:term":[{"taxonomy":"category","embeddable":true,"href":"https:\/\/sauna-wellness-update.de\/de_de\/wp-json\/wp\/v2\/categories?post=3133"},{"taxonomy":"post_tag","embeddable":true,"href":"https:\/\/sauna-wellness-update.de\/de_de\/wp-json\/wp\/v2\/tags?post=3133"}],"curies":[{"name":"wp","href":"https:\/\/api.w.org\/{rel}","templated":true}]}}