{"id":31456,"date":"2024-10-25T09:45:00","date_gmt":"2024-10-25T07:45:00","guid":{"rendered":"https:\/\/sauna-wellness-update.de\/?p=31456"},"modified":"2024-11-01T18:55:52","modified_gmt":"2024-11-01T17:55:52","slug":"ewa-neuer-vorstand-gewaehlt","status":"publish","type":"post","link":"https:\/\/sauna-wellness-update.de\/de_de\/2024\/10\/25\/ewa-neuer-vorstand-gewaehlt\/","title":{"rendered":"EWA: Neuer Vorstand auf der interbad gew\u00e4hlt"},"content":{"rendered":"\n[et_pb_section fb_built=&#8220;1&#8243; _builder_version=&#8220;4.17.4&#8243; _module_preset=&#8220;default&#8220; custom_margin=&#8220;0px||0px||true|false&#8220; custom_padding=&#8220;0px||0px||true|false&#8220; border_color_all=&#8220;rgba(86,116,125,0.5)&#8220; border_color_bottom=&#8220;RGBA(255,255,255,0)&#8220; global_colors_info=&#8220;{}&#8220;][et_pb_row _builder_version=&#8220;4.17.4&#8243; _module_preset=&#8220;default&#8220; custom_margin=&#8220;0px||0px||true|false&#8220; custom_padding=&#8220;0px||0px||true|&#8220; global_colors_info=&#8220;{}&#8220;][et_pb_column type=&#8220;4_4&#8243; _builder_version=&#8220;4.17.4&#8243; _module_preset=&#8220;default&#8220; custom_padding=&#8220;0px||0px||true|false&#8220; global_colors_info=&#8220;{}&#8220;][et_pb_text _builder_version=&#8220;4.27.2&#8243; _module_preset=&#8220;default&#8220; hover_enabled=&#8220;0&#8243; global_colors_info=&#8220;{}&#8220; sticky_enabled=&#8220;0&#8243;]<p>SISU v. 24. Oktober: Auf der MV Mitgliederversammlung der EWA European Waterpark Association im Rahmen der Messe interbad in Stuttgart wurde ein neuer Vorstand gew\u00e4hlt. Neue Pr\u00e4sidentin ist Jutta Kleiber vom Erlebnisbad Les Thermes in Luxemburg, Vizepr\u00e4sidenten sind Harald Gabrieil GMF und Andreas Ramsauer, Silvretta Therme Ischgl\/\u00d6sterreich.<\/p>\n<p><a href=\"https:\/\/www.eap-magazin.de\/Nachricht\/Neuer-Vorstand-der-European-Waterpark-Association.html\">https:\/\/www.eap-magazin.de\/Nachricht\/Neuer-Vorstand-der-European-Waterpark-Association.html<\/a><\/p>\n<p><a href=\"https:\/\/www.european-waterparks.com\">https:\/\/www.european-waterparks.com<\/a><\/p>[\/et_pb_text][et_pb_divider color=&#8220;#CABB9F&#8220; divider_weight=&#8220;1px&#8220; _builder_version=&#8220;4.17.4&#8243; _module_preset=&#8220;default&#8220; width=&#8220;70%&#8220; global_colors_info=&#8220;{}&#8220;][\/et_pb_divider][\/et_pb_column][\/et_pb_row][\/et_pb_section]\n","protected":false},"excerpt":{"rendered":"<p>SISU v. 24. Oktober: Auf der MV Mitgliederversammlung der EWA European Waterpark Association im Rahmen der Messe interbad in Stuttgart wurde ein neuer Vorstand gew\u00e4hlt. Neue Pr\u00e4sidentin ist Jutta Kleiber vom Erlebnisbad Les Thermes in Luxemburg, Vizepr\u00e4sidenten sind Harald Gabrieil GMF und Andreas Ramsauer, Silvretta Therme Ischgl\/\u00d6sterreich. https:\/\/www.eap-magazin.de\/Nachricht\/Neuer-Vorstand-der-European-Waterpark-Association.html https:\/\/www.european-waterparks.com<\/p>\n","protected":false},"author":1,"featured_media":0,"comment_status":"closed","ping_status":"closed","sticky":false,"template":"","format":"standard","meta":{"_et_pb_use_builder":"on","_et_pb_old_content":"","_et_gb_content_width":"","iawp_total_views":1,"footnotes":""},"categories":[13,6,12],"tags":[],"class_list":["post-31456","post","type-post","status-publish","format-standard","hentry","category-news","category-leute","category-unternehmen"],"_links":{"self":[{"href":"https:\/\/sauna-wellness-update.de\/de_de\/wp-json\/wp\/v2\/posts\/31456","targetHints":{"allow":["GET"]}}],"collection":[{"href":"https:\/\/sauna-wellness-update.de\/de_de\/wp-json\/wp\/v2\/posts"}],"about":[{"href":"https:\/\/sauna-wellness-update.de\/de_de\/wp-json\/wp\/v2\/types\/post"}],"author":[{"embeddable":true,"href":"https:\/\/sauna-wellness-update.de\/de_de\/wp-json\/wp\/v2\/users\/1"}],"replies":[{"embeddable":true,"href":"https:\/\/sauna-wellness-update.de\/de_de\/wp-json\/wp\/v2\/comments?post=31456"}],"version-history":[{"count":8,"href":"https:\/\/sauna-wellness-update.de\/de_de\/wp-json\/wp\/v2\/posts\/31456\/revisions"}],"predecessor-version":[{"id":31556,"href":"https:\/\/sauna-wellness-update.de\/de_de\/wp-json\/wp\/v2\/posts\/31456\/revisions\/31556"}],"wp:attachment":[{"href":"https:\/\/sauna-wellness-update.de\/de_de\/wp-json\/wp\/v2\/media?parent=31456"}],"wp:term":[{"taxonomy":"category","embeddable":true,"href":"https:\/\/sauna-wellness-update.de\/de_de\/wp-json\/wp\/v2\/categories?post=31456"},{"taxonomy":"post_tag","embeddable":true,"href":"https:\/\/sauna-wellness-update.de\/de_de\/wp-json\/wp\/v2\/tags?post=31456"}],"curies":[{"name":"wp","href":"https:\/\/api.w.org\/{rel}","templated":true}]}}