{"id":33677,"date":"2024-12-13T10:30:00","date_gmt":"2024-12-13T09:30:00","guid":{"rendered":"https:\/\/sauna-wellness-update.de\/?p=33677"},"modified":"2024-12-14T10:57:12","modified_gmt":"2024-12-14T09:57:12","slug":"richtig-schwitzen-tipps-fuer-saunaanfaenger-von-prof-dr-med-ludwig-resch-und-saunameister-olaf-wimmer","status":"publish","type":"post","link":"https:\/\/sauna-wellness-update.de\/de_de\/2024\/12\/13\/richtig-schwitzen-tipps-fuer-saunaanfaenger-von-prof-dr-med-ludwig-resch-und-saunameister-olaf-wimmer\/","title":{"rendered":"&#8222;Richtig schwitzen&#8220; &#8211; &#8222;Experten-Tipps&#8220; f\u00fcr Saunaanf\u00e4nger von Prof. Dr. med. Karl-Ludwig Resch und Saunameister Olaf Wimmer"},"content":{"rendered":"\n[et_pb_section fb_built=&#8220;1&#8243; _builder_version=&#8220;4.17.4&#8243; _module_preset=&#8220;default&#8220; custom_margin=&#8220;0px||0px||true|false&#8220; custom_padding=&#8220;0px||0px||true|false&#8220; border_color_all=&#8220;rgba(86,116,125,0.5)&#8220; border_color_bottom=&#8220;RGBA(255,255,255,0)&#8220; global_colors_info=&#8220;{}&#8220;][et_pb_row _builder_version=&#8220;4.17.4&#8243; _module_preset=&#8220;default&#8220; custom_margin=&#8220;0px||0px||true|false&#8220; custom_padding=&#8220;0px||0px||true|&#8220; global_colors_info=&#8220;{}&#8220;][et_pb_column type=&#8220;4_4&#8243; _builder_version=&#8220;4.17.4&#8243; _module_preset=&#8220;default&#8220; custom_padding=&#8220;0px||0px||true|false&#8220; global_colors_info=&#8220;{}&#8220;][et_pb_text _builder_version=&#8220;4.27.4&#8243; _module_preset=&#8220;default&#8220; hover_enabled=&#8220;0&#8243; global_colors_info=&#8220;{}&#8220; sticky_enabled=&#8220;0&#8243;]<div class=\"header-title justify-start text-start\" data-v-5f6fda91=\"\" data-v-9000454a=\"\">SISU v. 7. Dezember: &#8222;Richtig schwitzen: So vermeiden Sie Sauna-Fettn\u00e4pfchen&#8220;, ist ein l\u00e4ngerer dpa Artikel mit &#8222;Experten-Tipps&#8220; f\u00fcr Saunaanf\u00e4nger in der FAZ &#8211; und in zahlreichen anderen Medien &#8211; \u00fcberschrieben. Als Experten werden genannt: Prof. Dr. med., Dr. med. habil. Karl-Ludwig Resch, Co-Vizepr\u00e4sident des Verbandes deutscher Bade\u00e4rzte und Gesch\u00e4ftsf\u00fchrer des Deutschen Instituts f\u00fcr Gesundheitsforschung Hof (Saale) zitiert, ebenso wie &#8222;Saunameister Olaf Wimmer, Trainer und Dozent beim Deutschen Sauna-Bund&#8220; und in der J\u00e4rveSauna der Statdtwerke G\u00fctersloh (Nordrhein-Westfalen) besch\u00e4ftigt.<\/div>\n<div class=\"header-title justify-start text-start\" data-v-5f6fda91=\"\" data-v-9000454a=\"\"><\/div>\n<div class=\"header-title justify-start text-start\" data-v-5f6fda91=\"\" data-v-9000454a=\"\"><a href=\"https:\/\/www.n-tv.de\/ratgeber\/Richtig-schwitzen-So-vermeidet-man-Sauna-Fettnaepfchen-article25414778.html\">https:\/\/www.n-tv.de\/ratgeber\/Richtig-schwitzen-So-vermeidet-man-Sauna-Fettnaepfchen-article25414778.html<\/a><\/div>\n<p><a href=\"https:\/\/www.faz.net\/agenturmeldungen\/dpa\/richtig-schwitzen-so-vermeiden-sie-sauna-fettnaepfchen-110157337.html\">https:\/\/www.faz.net\/agenturmeldungen\/dpa\/richtig-schwitzen-so-vermeiden-sie-sauna-fettnaepfchen-110157337.html<\/a><\/p>\n<p><a href=\"https:\/\/www.badeaerzteverband.de\/\">https:\/\/www.badeaerzteverband.de\/<\/a><\/p>\n<p><a href=\"https:\/\/www.jaervesauna-guetersloh.de\/\">https:\/\/www.jaervesauna-guetersloh.de\/<\/a><\/p>[\/et_pb_text][et_pb_divider color=&#8220;#CABB9F&#8220; divider_weight=&#8220;1px&#8220; _builder_version=&#8220;4.17.4&#8243; _module_preset=&#8220;default&#8220; width=&#8220;70%&#8220; global_colors_info=&#8220;{}&#8220;][\/et_pb_divider][\/et_pb_column][\/et_pb_row][\/et_pb_section]\n","protected":false},"excerpt":{"rendered":"<p>SISU v. 7. Dezember: &#8222;Richtig schwitzen: So vermeiden Sie Sauna-Fettn\u00e4pfchen&#8220;, ist ein l\u00e4ngerer dpa Artikel mit &#8222;Experten-Tipps&#8220; f\u00fcr Saunaanf\u00e4nger in der FAZ &#8211; und in zahlreichen anderen Medien &#8211; \u00fcberschrieben. Als Experten werden genannt: Prof. Dr. med., Dr. med. habil. Karl-Ludwig Resch, Co-Vizepr\u00e4sident des Verbandes deutscher Bade\u00e4rzte und Gesch\u00e4ftsf\u00fchrer des Deutschen Instituts f\u00fcr Gesundheitsforschung Hof [&hellip;]<\/p>\n","protected":false},"author":1,"featured_media":0,"comment_status":"closed","ping_status":"closed","sticky":false,"template":"","format":"standard","meta":{"_et_pb_use_builder":"on","_et_pb_old_content":"","_et_gb_content_width":"","iawp_total_views":0,"footnotes":""},"categories":[13,6,12],"tags":[],"class_list":["post-33677","post","type-post","status-publish","format-standard","hentry","category-news","category-leute","category-unternehmen"],"_links":{"self":[{"href":"https:\/\/sauna-wellness-update.de\/de_de\/wp-json\/wp\/v2\/posts\/33677","targetHints":{"allow":["GET"]}}],"collection":[{"href":"https:\/\/sauna-wellness-update.de\/de_de\/wp-json\/wp\/v2\/posts"}],"about":[{"href":"https:\/\/sauna-wellness-update.de\/de_de\/wp-json\/wp\/v2\/types\/post"}],"author":[{"embeddable":true,"href":"https:\/\/sauna-wellness-update.de\/de_de\/wp-json\/wp\/v2\/users\/1"}],"replies":[{"embeddable":true,"href":"https:\/\/sauna-wellness-update.de\/de_de\/wp-json\/wp\/v2\/comments?post=33677"}],"version-history":[{"count":18,"href":"https:\/\/sauna-wellness-update.de\/de_de\/wp-json\/wp\/v2\/posts\/33677\/revisions"}],"predecessor-version":[{"id":34167,"href":"https:\/\/sauna-wellness-update.de\/de_de\/wp-json\/wp\/v2\/posts\/33677\/revisions\/34167"}],"wp:attachment":[{"href":"https:\/\/sauna-wellness-update.de\/de_de\/wp-json\/wp\/v2\/media?parent=33677"}],"wp:term":[{"taxonomy":"category","embeddable":true,"href":"https:\/\/sauna-wellness-update.de\/de_de\/wp-json\/wp\/v2\/categories?post=33677"},{"taxonomy":"post_tag","embeddable":true,"href":"https:\/\/sauna-wellness-update.de\/de_de\/wp-json\/wp\/v2\/tags?post=33677"}],"curies":[{"name":"wp","href":"https:\/\/api.w.org\/{rel}","templated":true}]}}