{"id":44513,"date":"2026-09-03T10:43:00","date_gmt":"2026-09-03T08:43:00","guid":{"rendered":"https:\/\/sauna-wellness-update.de\/?p=44513"},"modified":"2026-09-03T22:50:42","modified_gmt":"2026-09-03T20:50:42","slug":"top-baederallianz-stellt-deutschen-schwimmbadplan-vor-forderung-jaehrlich-eine-milliarde-euro-fuer-die-baeder","status":"publish","type":"post","link":"https:\/\/sauna-wellness-update.de\/de_de\/2026\/09\/03\/top-baederallianz-stellt-deutschen-schwimmbadplan-vor-forderung-jaehrlich-eine-milliarde-euro-fuer-die-baeder\/","title":{"rendered":"Kanu-Olympionike Roland &#8222;Ronny&#8220; Rauhe neuer Staatsminister f\u00fcr Sport und Ehrenamt &#8211; B\u00e4derallianz Aktionstag Mitte September"},"content":{"rendered":"\n[et_pb_section fb_built=&#8220;1&#8243; _builder_version=&#8220;4.17.4&#8243; _module_preset=&#8220;default&#8220; custom_margin=&#8220;0px||0px||true|false&#8220; custom_padding=&#8220;0px||0px||true|false&#8220; border_color_all=&#8220;rgba(86,116,125,0.5)&#8220; border_color_bottom=&#8220;RGBA(255,255,255,0)&#8220; global_colors_info=&#8220;{}&#8220;][et_pb_row _builder_version=&#8220;4.17.4&#8243; _module_preset=&#8220;default&#8220; custom_margin=&#8220;0px||0px||true|false&#8220; custom_padding=&#8220;0px||0px||true|&#8220; global_colors_info=&#8220;{}&#8220;][et_pb_column type=&#8220;4_4&#8243; _builder_version=&#8220;4.17.4&#8243; _module_preset=&#8220;default&#8220; custom_padding=&#8220;0px||0px||true|false&#8220; global_colors_info=&#8220;{}&#8220;][et_pb_text _builder_version=&#8220;4.27.8&#8243; _module_preset=&#8220;default&#8220; hover_enabled=&#8220;0&#8243; global_colors_info=&#8220;{}&#8220; sticky_enabled=&#8220;0&#8243;]<p><strong>Update, 3. Sep<\/strong><\/p>\n<p><strong>Kanu-Olympiasieger Roland &#8222;Ronny&#8220; Rauhe (44) neuer Staatsminister f\u00fcr Sport und Ehrenamt <\/strong><strong><\/strong><\/p>\n<p><strong>Sportsoldat im Rang Hauptfeldwebel, hat Sportmarketing studiert<\/strong><\/p>\n<p><a href=\"https:\/\/www.tagesschau.de\/inland\/innenpolitik\/rauhe-sport-staatsminister-100.html\">https:\/\/www.tagesschau.de\/inland\/innenpolitik\/rauhe-sport-staatsminister-100.html<\/a><\/p>\n<p><a href=\"https:\/\/www.instagram.com\/ronald.rauhe\/\">https:\/\/www.instagram.com\/ronald.rauhe\/<\/a><\/p>\n<p><a href=\"https:\/\/ronaldrauhe.de\/\">https:\/\/ronaldrauhe.de\/<\/a><strong><\/strong><\/p>\n<p><strong>+++<\/strong><\/p>\n<p>Update, 1. Sep: &#8222;Noch immer keine Schenderlein-Nachfolge bekannt&#8220; &#8211; Neues B\u00e4derallianz Motiv: &#8222;Retten wir die B\u00e4der &#8211; F\u00fcr Reha statt Aua.&#8220; &#8211; Aktionstag Mitte September<\/p>\n<p><a href=\"https:\/\/www.sportschau.de\/noch-immer-keine-schenderlein-nachfolge-bekannt,sportpolitik-noch-immer-keine-scheinderlein-nachfolge-bekannt-100.html\">https:\/\/www.sportschau.de\/noch-immer-keine-schenderlein-nachfolge-bekannt,sportpolitik-noch-immer-keine-scheinderlein-nachfolge-bekannt-100.html<\/a><\/p>\n<p><a href=\"https:\/\/retten-wir-die-b\u00e4der.de\/\">https:\/\/retten-wir-die-b\u00e4der.de\/<\/a><\/p>\n<p><a href=\"https:\/\/www.baederallianz.de\/\">https:\/\/www.baederallianz.de\/<\/a><\/p>\n<p><strong>+++<\/strong><\/p>\n<p>Update, 21. Aug: BILD exklusiv: &#8222;Merz-Favoritin (Nadine Ke\u00dfler) sagt f\u00fcr Spitzenposition ab&#8220;<\/p>\n<p><a href=\"https:\/\/www.bild.de\">https:\/\/www.bild.de<\/a><\/p>\n<p>+<\/p>\n<p>Die B\u00e4derallianz Deutschland gratuliert Johannes Liebmann &#8222;zum sensationellen Weltrekord \u00fcber 1.500 Meter Freistil.&#8220;<\/p>\n<p><a href=\"https:\/\/www.facebook.com\/baederallianz\">https:\/\/www.facebook.com\/baederallianz<\/a><\/p>\n<p><a href=\"https:\/\/www.ndr.de\/sport\/mehr_sport\/wieder-gold-johannes-liebmann-wird-in-elmshorn-geehrt,liebmann-138.html\">https:\/\/www.ndr.de\/sport\/mehr_sport\/wieder-gold-johannes-liebmann-wird-in-elmshorn-geehrt,liebmann-138.html<\/a><\/p>\n<p>+++<\/p>\n<p><strong>Neue Staatsministerin f\u00fcr Sport und Ehrenamt gesucht &#8211; B\u00e4derallianz gratuliert Johannes Liebmann zum Freistil-Weltrekord &#8211; Geplanter Aktionstag der B\u00e4derallianz Mitte September\u00a0<\/strong><\/p>\n<p>Update, 14. Aug: Vorschau: Geplanter Aktionstag &#8222;Retten wir die B\u00e4der!&#8220; der B\u00e4derallianz Mitte September &#8211; Wer wird neue B\u00e4derallianz Ansprechpartnerin im Staatsministerium f\u00fcr Sport und Ehrenamt?<\/p>\n<p>Dr. Christiane Schenderlein (44) (CDU) wechselt auf Betreiben von Bundeskanzler Merz als parlamentarische Staatssekret\u00e4rin ins Gesundheitsministerum. Als neue Staatsministerin wird &#8211; laut KI Gemini und STERN &#8211; die bekannte fr\u00fchere Weltfu\u00dfballerin und UEFA-Funktion\u00e4rin Nadine Ke\u00dfler (38) gehandelt, alternativ vielleicht auch Speerwerferin Silke Renk-Lange<!--TgQPHd|||[]-->.<\/p>\n<p><a href=\"https:\/\/www.bundesgesundheitsministerium.de\/ministerium\/minister-und-staatssekretaere\/dr-christiane-schenderlein\">https:\/\/www.bundesgesundheitsministerium.de\/ministerium\/minister-und-staatssekretaere\/dr-christiane-schenderlein<\/a><\/p>\n<p><a href=\"https:\/\/www.instagram.com\/_.nadinekessler._\/\">https:\/\/www.instagram.com\/_.nadinekessler._\/<\/a><\/p>\n<p><a href=\"https:\/\/www.t-online.de\/nachrichten\/deutschland\/innenpolitik\/id_101388710\/christiane-schenderlein-ex-staatsministerin-redet-nach-merz-rauswurf.html?utm_source=firefox-newtab-de-de\">https:\/\/www.t-online.de\/nachrichten\/deutschland\/innenpolitik\/id_101388710\/christiane-schenderlein-ex-staatsministerin-redet-nach-merz-rauswurf.html?utm_source=firefox-newtab-de-de<\/a><\/p>\n<p><a href=\"https:\/\/www.stern.de\/\">https:\/\/www.stern.de\/<\/a><\/p>\n<p><strong>+++<\/strong><\/p>\n<p>Update, 22. Jun: TOP: \u201eRetten wir die Kommunen, damit die B\u00e4der nicht aussterben!\u201c \u2013 Deutschlandweiter Aktionstag der kommunalen Spitzenverb\u00e4nde \u2013 B\u00e4derallianz beklagt Sanierungsstau<\/p>\n<p><a href=\"https:\/\/kommunenamlimit.de\/\">https:\/\/kommunenamlimit.de\/<\/a><\/p>\n<p><a href=\"https:\/\/www.facebook.com\/profile.php?id=61590614573675\">https:\/\/www.facebook.com\/profile.php?id=61590614573675<\/a><\/p>\n<p>+<\/p>\n<p><a href=\"https:\/\/www.facebook.com\/DieDGfdB\/\">https:\/\/www.facebook.com\/DieDGfdB\/<\/a><\/p>\n<p>+++<strong><\/strong><\/p>\n<p>Update, 29. Mai: Jetzt auch auf Facebook: B\u00e4derallianz Deutschland &#8211; Plakat-Kampagne &#8222;Retten wir die B\u00e4der!&#8220; l\u00e4uft bis 18. Juni &#8211; <strong>Aktionstag Mitte September<\/strong><\/p>\n<p><strong>+<\/strong><\/p>\n<p>Update, 27. Mai: <strong>&#8222;B\u00e4derallianz Deutschland fordert eine Milliarde Euro pro Jahr&#8220;<\/strong><\/p>\n<p>Editorial zum Kampagnestart &#8222;Retten wir die B\u00e4der!&#8220; am 26. Mai &#8211; bis 18. Juni (gut drei Wochen) &#8211; in der Juni-Ausgabe des AB Achiv des Badesewsens der DGfdB Deutschen Gesellschaft f\u00fcr das Badewesen:<\/p>\n<p><a href=\"https:\/\/www.dgfdb.de\/fileadmin\/user_upload\/Editorial_AB_06-2026.pdf\">https:\/\/www.dgfdb.de\/fileadmin\/user_upload\/Editorial_AB_06-2026.pdf<\/a><\/p>\n<p><a href=\"https:\/\/www.lifepr.de\/pressemitteilung\/deutsche-gesellschaft-fuer-das-badewesen-ev\/nationale-plakat-kampagne-zur-rettung-der-bder-gestartet\/boxid\/1061699\">https:\/\/www.lifepr.de\/pressemitteilung\/deutsche-gesellschaft-fuer-das-badewesen-ev\/nationale-plakat-kampagne-zur-rettung-der-bder-gestartet\/boxid\/1061699<\/a><\/p>\n<p><strong>Ausweislich der Kampagnen-Website geh\u00f6rt der DSB Deutsche Sauna-Bund nicht zu den &#8222;Unterst\u00fctzern&#8220;.<\/strong><\/p>\n<p><a href=\"https:\/\/retten-wir-die-b\u00e4der.de\/\">https:\/\/retten-wir-die-b\u00e4der.de\/<\/a><\/p>\n<p>+++<\/p>\n<p>Update, 29. Apr: Kampagnenstart 20. Mai &#8211; &#8222;Retten wir die B\u00e4der!&#8220; &#8211; Aktionstag 15. September (Dienstag)<\/p>\n<p>Unterst\u00fctzer u.a.: Krieger Architekten, monte mare, geising+b\u00f6ker, Constrata<\/p>\n<p>Achtung! F\u00fcr die spezielle Kampagnen-Website wird eine Phishing-Warnung angezeigt!<\/p>\n<p><a href=\"https:\/\/www.baederallianz.de\/\">https:\/\/www.baederallianz.de\/<\/a><\/p>\n<p><a href=\"https:\/\/www.stroeer-direkt.de\/\">https:\/\/www.stroeer-direkt.de\/<\/a><\/p>\n<p>+++<\/p>\n<p>Update, 24. Mrz: &#8222;Last call f\u00fcr B\u00e4der-Retter\/-innen!&#8220; &#8211; Editorial in der AB April-Ausgabe<\/p>\n<p><a href=\"https:\/\/www.dgfdb.de\/fileadmin\/user_upload\/Editorial_AB_04-2026.pdf\">https:\/\/www.dgfdb.de\/fileadmin\/user_upload\/Editorial_AB_04-2026.pdf<\/a><\/p>\n<p>+++<\/p>\n<p>Update, 24. Feb: Aktuelles Foto:<a href=\"https:\/\/www.facebook.com\/DieDGfdB\/\" title=\"https:\/\/www.facebook.com\/DieDGfdB\/\"> https:\/\/www.facebook.com\/DieDGfdB\/<\/a><\/p>\n<p>Die B\u00e4derallianz tagt heute, 24. Februar, im hessischen Friedrichsdorf (Taunus) bei Frankfurt\/M.<\/p>\n<p><a href=\"https:\/\/www.baederallianz.de\/\">https:\/\/www.baederallianz.de\/<\/a><\/p>\n<p>+++<\/p>\n<p>Update, 10. Feb<strong>: \u201e3 Fragen, 3 Minuten\u201c: Fach Q&amp;A mit Hon.-Prof. Dr. Christian Kuhn und Christian Mankel (beide DGfdB Deutsche Gesellschaft f\u00fcr das Badewesen) auf YT YouTube (3:23 Min.) \u2013 Promotion Anschubfinanzierung Kampagne \u201eRetten wir die B\u00e4der\u201c (Zielmarke 100.000 Euro, Wunschmarke 400.000 Eur0).<\/strong><\/p>\n<p>Bis zum Nachmittag gab es 30 Aufrufe auf YT.<\/p>\n<p><a href=\"https:\/\/www.youtube.com\/watch?v=R0bMIyr8n4g\">https:\/\/www.youtube.com\/watch?v=R0bMIyr8n4g<\/a><\/p>\n<p><a href=\"https:\/\/www.facebook.com\/DieDGfdB\/\">https:\/\/www.facebook.com\/DieDGfdB\/<\/a><\/p>\n<p><a href=\"https:\/\/www.baederallianz.de\/\"><\/a>+<\/p>\n<p>Update, 4. Feb: &#8222;Retten wir die B\u00e4der&#8220; &#8211; B\u00e4derallianz und Str\u00f6er Media Deutschland ver\u00f6ffentlichten am 29. Januar Teaser-Video (2:21 Min.) auf YT YouTube. Bis heute, Mittwochabend,\u00a0 gab es dort 463 Aufrufe (Nachtrag 10. Feb: 494).<\/p>\n<p><a href=\"https:\/\/www.youtube.com\/@B%C3%A4derallianz_Deutschland\">https:\/\/www.youtube.com\/@B%C3%A4derallianz_Deutschland<\/a><\/p>\n<p>+++<\/p>\n<p>SISU, 6. Sep: &#8222;Eine Milliarde Euro f\u00fcr Sportst\u00e4tten&#8220;, titelt der DOSB Deutsche Olympische Sportbund in einer aktuellen Mitteilung. Die &#8222;Sportmilliarde&#8220; soll ab August 2026 bis zum Ende der Legislaturperiode 2029 Vereinen und Kommunen zur Verf\u00fcgung stehen.<strong><br \/><\/strong><\/p>\n<p><a href=\"https:\/\/www.dosb.de\/aktuelles\/news\/detail\/eine-milliarde-euro-fuer-sportstaetten\">https:\/\/www.dosb.de\/aktuelles\/news\/detail\/eine-milliarde-euro-fuer-sportstaetten<\/a><\/p>\n<p>+<\/p>\n<p><strong>&#8222;<span class=\"tevc803 hhhtovw\">Schwimmbad-Sanierung: Wer zahlt die Kosten?&#8220;<\/span><\/strong><\/p>\n<p><span class=\"tevc803 hhhtovw\"><a href=\"https:\/\/www.zdfheute.de\/politik\/deutschland\/schwimmbaeder-sanierung-kosten-investition-100.html\">https:\/\/www.zdfheute.de\/politik\/deutschland\/schwimmbaeder-sanierung-kosten-investition-100.html<\/a><\/span><\/p>\n<p><span class=\"tevc803 hhhtovw\">Was wird aus der B\u00e4derallianz Forderung: &#8222;J\u00e4hrlich eine Milliarde f\u00fcr die B\u00e4der&#8220;? N\u00e4chste Sitzung der B\u00e4derallianz: 28. Oktober in K\u00f6ln (parallel zu den Fachmessen aquanale\/FSB).<\/span><strong><span class=\"tevc803 hhhtovw\"><br \/><\/span><\/strong><\/p>\n<p>+++<\/p>\n<p>SISU, 3. Jul: Der Sprecher der B\u00e4derallianz, Hon.-Prof. Dr. Christian Kuhn, zugleich Vorstandsvorsitzender der DGfdB Deutschen Gesellschaft f\u00fcr das Badewesen, hat heute Vormittag in Hannover den &#8222;deutschen Schwimmbadplan&#8220; vorgestellt. In diesem Kontext wird unter anderem gefordert, &#8222;j\u00e4hrlich eine Milliarde Euro f\u00fcr die B\u00e4der&#8220; &#8211; \u00fcber zw\u00f6lf Jahre &#8211; bereitzustellen. Die Art der (Kredit-) Finanzierung &#8211; die Haushalte von Bund, L\u00e4ndern und Kommunen w\u00e4ren betroffen &#8211; wird nicht weiter thematisiert.<\/p>\n<p>Es gibt bereits eine erste beachtlichtliche Medienresonanz auf die Lobby-Initiative.<\/p>\n<p>Nota: Der DSB Deutsche Sauna-Bund geh\u00f6rt der B\u00e4derallianz mit ihren derzeit 15 Mitgliedern nicht an. Im &#8222;Deutschen Schwimmbadplan&#8220; findet die Thematik Sauna &amp; Wellness keine Erw\u00e4hnung, obwohl dieses Segment regelm\u00e4\u00dfig substanzielle Kostendeckungsbeitr\u00e4ge in vielen defizit\u00e4ren B\u00e4dern erwirtschaftet.<strong><br \/><\/strong><\/p>\n<p><a href=\"https:\/\/www.instagram.com\/die_dgfdb\/\">https:\/\/www.instagram.com\/die_dgfdb\/<\/a><\/p>\n<p><a href=\"https:\/\/www.dgfdb.de\/unsere-themen\/news\/details\/deutscher-schwimmbadplan-praesentation-am-3-juli-in-hannover-1\">https:\/\/www.dgfdb.de\/unsere-themen\/news\/details\/deutscher-schwimmbadplan-praesentation-am-3-juli-in-hannover-1<\/a><\/p>\n<p><a href=\"https:\/\/www.dgfdb.de\/presse\/detail\/ausweg-aus-der-misere-schwimmbadplan-der-baederallianz-deutschland\">https:\/\/www.dgfdb.de\/presse\/detail\/ausweg-aus-der-misere-schwimmbadplan-der-baederallianz-deutschland<\/a><\/p>\n<p><a href=\"https:\/\/www.dgfdb.de\/fileadmin\/user_upload\/Pressemitteilung_Schwimmbadplan_Juli_2025.pdf\">https:\/\/www.dgfdb.de\/fileadmin\/user_upload\/Pressemitteilung_Schwimmbadplan_Juli_2025.pdf<\/a><\/p>\n<p><a href=\"https:\/\/www.baederallianz.de\/\">https:\/\/www.baederallianz.de\/<\/a><\/p>\n<p>dpa Meldung<strong>:<\/strong> <a href=\"https:\/\/www.zeit.de\/news\/2025-07\/03\/baederallianz-fordert-eine-milliarde-fuer-schwimmbadplan\">https:\/\/www.zeit.de\/news\/2025-07\/03\/baederallianz-fordert-eine-milliarde-fuer-schwimmbadplan<\/a><\/p>\n<p><a href=\"https:\/\/www.tagesschau.de\/inland\/schwimmen-baeder-foerderung-100.html\">https:\/\/www.tagesschau.de\/inland\/schwimmen-baeder-foerderung-100.html<\/a><\/p>\n<p><a href=\"https:\/\/www1.wdr.de\/nachrichten\/schwimmbaeder-plan-baederallianz-100.html\">https:\/\/www1.wdr.de\/nachrichten\/schwimmbaeder-plan-baederallianz-100.html<\/a><\/p>[\/et_pb_text][et_pb_divider color=&#8220;#CABB9F&#8220; divider_weight=&#8220;1px&#8220; _builder_version=&#8220;4.17.4&#8243; _module_preset=&#8220;default&#8220; width=&#8220;70%&#8220; global_colors_info=&#8220;{}&#8220;][\/et_pb_divider][\/et_pb_column][\/et_pb_row][\/et_pb_section]\n","protected":false},"excerpt":{"rendered":"<p>Update, 3. Sep Kanu-Olympiasieger Roland &#8222;Ronny&#8220; Rauhe (44) neuer Staatsminister f\u00fcr Sport und Ehrenamt Sportsoldat im Rang Hauptfeldwebel, hat Sportmarketing studiert https:\/\/www.tagesschau.de\/inland\/innenpolitik\/rauhe-sport-staatsminister-100.html https:\/\/www.instagram.com\/ronald.rauhe\/ https:\/\/ronaldrauhe.de\/ +++ Update, 1. Sep: &#8222;Noch immer keine Schenderlein-Nachfolge bekannt&#8220; &#8211; Neues B\u00e4derallianz Motiv: &#8222;Retten wir die B\u00e4der &#8211; F\u00fcr Reha statt Aua.&#8220; &#8211; Aktionstag Mitte September https:\/\/www.sportschau.de\/noch-immer-keine-schenderlein-nachfolge-bekannt,sportpolitik-noch-immer-keine-scheinderlein-nachfolge-bekannt-100.html https:\/\/retten-wir-die-b\u00e4der.de\/ https:\/\/www.baederallianz.de\/ +++ Update, [&hellip;]<\/p>\n","protected":false},"author":1,"featured_media":0,"comment_status":"closed","ping_status":"closed","sticky":false,"template":"","format":"standard","meta":{"_et_pb_use_builder":"on","_et_pb_old_content":"","_et_gb_content_width":"","iawp_total_views":44,"footnotes":""},"categories":[13,6,12],"tags":[],"class_list":["post-44513","post","type-post","status-publish","format-standard","hentry","category-news","category-leute","category-unternehmen"],"_links":{"self":[{"href":"https:\/\/sauna-wellness-update.de\/de_de\/wp-json\/wp\/v2\/posts\/44513","targetHints":{"allow":["GET"]}}],"collection":[{"href":"https:\/\/sauna-wellness-update.de\/de_de\/wp-json\/wp\/v2\/posts"}],"about":[{"href":"https:\/\/sauna-wellness-update.de\/de_de\/wp-json\/wp\/v2\/types\/post"}],"author":[{"embeddable":true,"href":"https:\/\/sauna-wellness-update.de\/de_de\/wp-json\/wp\/v2\/users\/1"}],"replies":[{"embeddable":true,"href":"https:\/\/sauna-wellness-update.de\/de_de\/wp-json\/wp\/v2\/comments?post=44513"}],"version-history":[{"count":115,"href":"https:\/\/sauna-wellness-update.de\/de_de\/wp-json\/wp\/v2\/posts\/44513\/revisions"}],"predecessor-version":[{"id":65624,"href":"https:\/\/sauna-wellness-update.de\/de_de\/wp-json\/wp\/v2\/posts\/44513\/revisions\/65624"}],"wp:attachment":[{"href":"https:\/\/sauna-wellness-update.de\/de_de\/wp-json\/wp\/v2\/media?parent=44513"}],"wp:term":[{"taxonomy":"category","embeddable":true,"href":"https:\/\/sauna-wellness-update.de\/de_de\/wp-json\/wp\/v2\/categories?post=44513"},{"taxonomy":"post_tag","embeddable":true,"href":"https:\/\/sauna-wellness-update.de\/de_de\/wp-json\/wp\/v2\/tags?post=44513"}],"curies":[{"name":"wp","href":"https:\/\/api.w.org\/{rel}","templated":true}]}}