{"id":47911,"date":"2025-09-26T12:18:00","date_gmt":"2025-09-26T10:18:00","guid":{"rendered":"https:\/\/sauna-wellness-update.de\/?p=47911"},"modified":"2025-09-26T18:54:52","modified_gmt":"2025-09-26T16:54:52","slug":"top-wir-sind-im-finale-deutscher-wellness-verband-hochpolitisch-emotional-nicht-ohne-unseren-planeten-real-wellness","status":"publish","type":"post","link":"https:\/\/sauna-wellness-update.de\/de_de\/2025\/09\/26\/top-wir-sind-im-finale-deutscher-wellness-verband-hochpolitisch-emotional-nicht-ohne-unseren-planeten-real-wellness\/","title":{"rendered":"Deutscher Wellness Verband: &#8222;Stimme von Real Wellness&#8220; -Erneuter alarmistischer Appell zur Rettung des Planeten"},"content":{"rendered":"\n[et_pb_section fb_built=&#8220;1&#8243; _builder_version=&#8220;4.17.4&#8243; _module_preset=&#8220;default&#8220; custom_margin=&#8220;0px||0px||true|false&#8220; custom_padding=&#8220;0px||0px||true|false&#8220; border_color_all=&#8220;rgba(86,116,125,0.5)&#8220; border_color_bottom=&#8220;RGBA(255,255,255,0)&#8220; global_colors_info=&#8220;{}&#8220;][et_pb_row _builder_version=&#8220;4.17.4&#8243; _module_preset=&#8220;default&#8220; custom_margin=&#8220;0px||0px||true|false&#8220; custom_padding=&#8220;0px||0px||true|&#8220; global_colors_info=&#8220;{}&#8220;][et_pb_column type=&#8220;4_4&#8243; _builder_version=&#8220;4.17.4&#8243; _module_preset=&#8220;default&#8220; custom_padding=&#8220;0px||0px||true|false&#8220; global_colors_info=&#8220;{}&#8220;][et_pb_text _builder_version=&#8220;4.27.4&#8243; _module_preset=&#8220;default&#8220; hover_enabled=&#8220;0&#8243; global_colors_info=&#8220;{}&#8220; sticky_enabled=&#8220;0&#8243;]<p><strong>Update, 26. Sep<\/strong><\/p>\n<p><strong>Erneut appelliert der DWV Deutsche Wellnessverband, sich entschlossen als Einzelner und als &#8222;Menschheit&#8220; f\u00fcr den &#8222;Erhalt der lebenserhaltenden Systeme unseres Planeten&#8220;\u00a0 einzusetzen. &#8222;Wir k\u00f6nnen das Schlimmste noch verhindern.&#8220; Der DWV sieht sich als &#8222;Stimme von Real Wellness.<\/strong><\/p>\n<p><strong>Anlass f\u00fcr die erneute alarmistische DWV Intervention sind aktuelle &#8222;warnende&#8220; Berichte der DMG Deutschen Metereologischen Gesellschaft und der DPG Deutschen Physikalischen Gesellschaft.<\/strong><\/p>\n<p><a href=\"https:\/\/www.facebook.com\/Wellnessverband\/\">https:\/\/www.facebook.com\/Wellnessverband\/<\/a><\/p>\n<p><a href=\"https:\/\/www.instagram.com\/wellnessverband\/\">https:\/\/www.instagram.com\/wellnessverband\/<\/a><\/p>\n<p><a href=\"https:\/\/www.wellnessverband.de\/\">https:\/\/www.wellnessverband.de\/<\/a><\/p>\n<p><a href=\"https:\/\/www.pik-potsdam.de\/de\/aktuelles\/nachrichten\/sieben-von-neun-planetaren-grenzen-ueberschritten-ozeanversauerung-im-gefahrenbereich\">https:\/\/www.pik-potsdam.de\/de\/aktuelles\/nachrichten\/sieben-von-neun-planetaren-grenzen-ueberschritten-ozeanversauerung-im-gefahrenbereich<\/a><\/p>\n<p><a href=\"https:\/\/www.dpg-physik.de\/veroeffentlichungen\/aktuell\/2025\/klimaforschende-wenden-sich-an-die-deutsche-politik\">https:\/\/www.dpg-physik.de\/veroeffentlichungen\/aktuell\/2025\/klimaforschende-wenden-sich-an-die-deutsche-politik<\/a>\u00a0<\/p>\n<p><strong>+<\/strong><\/p>\n<p>SISU, 5. Sep: &#8222;Wir sind im Finale&#8220;: Auf\u00a0 FB &amp; IG \u00e4u\u00dfert sich der DWV &#8211; nicht zum ersten Mal &#8211; alarmistisch zu den &#8222;gef\u00e4hrlichen Zeiten auf dem Planteten Erde&#8220; und ruft sein verbandspolitisches\u00a0 Credo aus: &#8222;Erst der Planet, dann die Gesellschaft, dann die Wirtschaft&#8220;.<\/p>[\/et_pb_text][et_pb_divider color=&#8220;#CABB9F&#8220; divider_weight=&#8220;1px&#8220; _builder_version=&#8220;4.17.4&#8243; _module_preset=&#8220;default&#8220; width=&#8220;70%&#8220; global_colors_info=&#8220;{}&#8220;][\/et_pb_divider][\/et_pb_column][\/et_pb_row][\/et_pb_section]\n","protected":false},"excerpt":{"rendered":"<p>Update, 26. Sep Erneut appelliert der DWV Deutsche Wellnessverband, sich entschlossen als Einzelner und als &#8222;Menschheit&#8220; f\u00fcr den &#8222;Erhalt der lebenserhaltenden Systeme unseres Planeten&#8220;\u00a0 einzusetzen. &#8222;Wir k\u00f6nnen das Schlimmste noch verhindern.&#8220; Der DWV sieht sich als &#8222;Stimme von Real Wellness. Anlass f\u00fcr die erneute alarmistische DWV Intervention sind aktuelle &#8222;warnende&#8220; Berichte der DMG Deutschen Metereologischen [&hellip;]<\/p>\n","protected":false},"author":1,"featured_media":0,"comment_status":"closed","ping_status":"closed","sticky":false,"template":"","format":"standard","meta":{"_et_pb_use_builder":"on","_et_pb_old_content":"","_et_gb_content_width":"","iawp_total_views":0,"footnotes":""},"categories":[13,12],"tags":[],"class_list":["post-47911","post","type-post","status-publish","format-standard","hentry","category-news","category-unternehmen"],"_links":{"self":[{"href":"https:\/\/sauna-wellness-update.de\/de_de\/wp-json\/wp\/v2\/posts\/47911","targetHints":{"allow":["GET"]}}],"collection":[{"href":"https:\/\/sauna-wellness-update.de\/de_de\/wp-json\/wp\/v2\/posts"}],"about":[{"href":"https:\/\/sauna-wellness-update.de\/de_de\/wp-json\/wp\/v2\/types\/post"}],"author":[{"embeddable":true,"href":"https:\/\/sauna-wellness-update.de\/de_de\/wp-json\/wp\/v2\/users\/1"}],"replies":[{"embeddable":true,"href":"https:\/\/sauna-wellness-update.de\/de_de\/wp-json\/wp\/v2\/comments?post=47911"}],"version-history":[{"count":18,"href":"https:\/\/sauna-wellness-update.de\/de_de\/wp-json\/wp\/v2\/posts\/47911\/revisions"}],"predecessor-version":[{"id":49690,"href":"https:\/\/sauna-wellness-update.de\/de_de\/wp-json\/wp\/v2\/posts\/47911\/revisions\/49690"}],"wp:attachment":[{"href":"https:\/\/sauna-wellness-update.de\/de_de\/wp-json\/wp\/v2\/media?parent=47911"}],"wp:term":[{"taxonomy":"category","embeddable":true,"href":"https:\/\/sauna-wellness-update.de\/de_de\/wp-json\/wp\/v2\/categories?post=47911"},{"taxonomy":"post_tag","embeddable":true,"href":"https:\/\/sauna-wellness-update.de\/de_de\/wp-json\/wp\/v2\/tags?post=47911"}],"curies":[{"name":"wp","href":"https:\/\/api.w.org\/{rel}","templated":true}]}}