{"id":53271,"date":"2025-11-28T09:50:00","date_gmt":"2025-11-28T08:50:00","guid":{"rendered":"https:\/\/sauna-wellness-update.de\/?p=53271"},"modified":"2026-03-31T15:57:01","modified_gmt":"2026-03-31T13:57:01","slug":"neue-textilsauna-fuer-das-osnabruecker-schinkelbad-inklusion-als-begruendung","status":"publish","type":"post","link":"https:\/\/sauna-wellness-update.de\/de_de\/2025\/11\/28\/neue-textilsauna-fuer-das-osnabruecker-schinkelbad-inklusion-als-begruendung\/","title":{"rendered":"Loma-Sauna Nettebad Osnabr\u00fcck erh\u00e4lt erneut das Sauna-Bund Qualit\u00e4tszeichen SaunaPremium &#8211; Weitere Textilsauna f\u00fcr das  Schinkelbad &#8211; Inklusion als Begr\u00fcndung"},"content":{"rendered":"\n[et_pb_section fb_built=&#8220;1&#8243; _builder_version=&#8220;4.17.4&#8243; _module_preset=&#8220;default&#8220; custom_margin=&#8220;0px||0px||true|false&#8220; custom_padding=&#8220;0px||0px||true|false&#8220; border_color_all=&#8220;rgba(86,116,125,0.5)&#8220; border_color_bottom=&#8220;RGBA(255,255,255,0)&#8220; global_colors_info=&#8220;{}&#8220;][et_pb_row _builder_version=&#8220;4.17.4&#8243; _module_preset=&#8220;default&#8220; custom_margin=&#8220;0px||0px||true|false&#8220; custom_padding=&#8220;0px||0px||true|&#8220; global_colors_info=&#8220;{}&#8220;][et_pb_column type=&#8220;4_4&#8243; _builder_version=&#8220;4.17.4&#8243; _module_preset=&#8220;default&#8220; custom_padding=&#8220;0px||0px||true|false&#8220; global_colors_info=&#8220;{}&#8220;][et_pb_text _builder_version=&#8220;4.27.4&#8243; _module_preset=&#8220;default&#8220; hover_enabled=&#8220;0&#8243; global_colors_info=&#8220;{}&#8220; sticky_enabled=&#8220;0&#8243;]<p><strong>Update, 28. Nov<\/strong><\/p>\n<p><strong>Der DSB Deutsche Sauna-Bund berichtet heute auf seiner Website von der erneuten, k\u00fcrzlich erfolgten\u00a0 Verleihung seines Qualit\u00e4tszeichens SaunaPremium an die Loma-Sauna des Nettebades Osnabr\u00fcck. Allerdings war &#8211; am heutigen Nachmittag &#8211; die &#8222;News&#8220; nur f\u00fcr Mitglieder zu lesen.<br \/><\/strong><\/p>\n<p><strong>Im Areal der Loma-Sauna findet 2026 die erste Qualifikationsrunde zur DAM Deutschen Aufguss-Meisterschaft statt, vom 19. bis 21. M\u00e4rz in der f\u00fcr 150 G\u00e4ste ausgelegten Eventsauna Tapahtuma (finnisch f\u00fcr : Ereignis).<\/strong><strong><\/strong><\/p>\n<p><a href=\"https:\/\/sauna-bund.de\/november-loma-sauna-in-osnabrueck-hat-erneut-das-qualitaetszeichen-saunapremium-des-deutschen-sauna-bundes-erhalten\/\">https:\/\/sauna-bund.de\/november-loma-sauna-in-osnabrueck-hat-erneut-das-qualitaetszeichen-saunapremium-des-deutschen-sauna-bundes-erhalten\/<\/a><\/p>\n<p><a href=\"https:\/\/www.stadtwerke-osnabrueck.de\/loma-sauna\">https:\/\/www.stadtwerke-osnabrueck.de\/loma-sauna<\/a><\/p>\n<p><a href=\"https:\/\/www.aufgussmeisterschaft.de\/veranstaltungsort-2026\/\">https:\/\/www.aufgussmeisterschaft.de\/veranstaltungsort-2026\/<\/a><\/p>\n<p>+++<\/p>\n<p>SISU, 27. Nov: &#8222;Neue Textilsauna f\u00fcr das Osnabr\u00fccker Schinkelbad&#8220;, berichtet heute EAP Euro Amusement Professional online. Geplant ist ein Raum &#8222;mit gro\u00dfen Panoramafenstern&#8220; f\u00fcr circa 50 Personen; die Fertigstellung ist f\u00fcr das kommende Fr\u00fchjahr vorgesehen.<\/p>\n<p>Badleiter Jens Eick: \u201eWir m\u00f6chten mit der Textilsauna ein Angebot f\u00fcr alle schaffen \u2013 auch f\u00fcr Menschen, die aus religi\u00f6sen oder pers\u00f6nlichen Gr\u00fcnden nicht unbekleidet saunieren m\u00f6chten. So erm\u00f6glichen wir noch mehr G\u00e4sten ein entspanntes Saunaerlebnis\u201c.<\/p>\n<p><strong>Das Schinkelbad geh\u00f6rt wie das Moskaubad und das Nettebad mit dem Textilsaunadorf Klein Finnland und der Loma-Sauna zum Portfolio der Stadtwerke Osnabr\u00fcck. Das Textilsaunaangebot hat einen betr\u00e4chtlichen Umfang im bundesdeutschen Vergleich.<br \/><\/strong><\/p>\n<p><a href=\"https:\/\/www.eap-magazin.de\/Nachricht\/Neue-Textilsauna-fuer-das-Osnabruecker-Schinkelbad.html\">https:\/\/www.eap-magazin.de\/Nachricht\/Neue-Textilsauna-fuer-das-Osnabruecker-Schinkelbad.html<\/a><\/p>\n<p><a href=\"https:\/\/www.stadtwerke-osnabrueck.de\/schinkelbad\/cabriosol\/textilsauna\">https:\/\/www.stadtwerke-osnabrueck.de\/schinkelbad\/cabriosol\/textilsauna<\/a><\/p>\n<p><a href=\"https:\/\/www.stadtwerke-osnabrueck.de\/unternehmen\/geschaeftsfelder-portfolio\">https:\/\/www.stadtwerke-osnabrueck.de\/unternehmen\/geschaeftsfelder-portfolio<\/a><\/p>\n<p><a href=\"https:\/\/www.stadtwerke-osnabrueck.de\/nettebad\/erlebniswelt\/klein-finnland\">https:\/\/www.stadtwerke-osnabrueck.de\/nettebad\/erlebniswelt\/klein-finnland<\/a><strong><\/strong><strong><\/strong><\/p>[\/et_pb_text][et_pb_divider color=&#8220;#CABB9F&#8220; divider_weight=&#8220;1px&#8220; _builder_version=&#8220;4.17.4&#8243; _module_preset=&#8220;default&#8220; width=&#8220;70%&#8220; global_colors_info=&#8220;{}&#8220;][\/et_pb_divider][\/et_pb_column][\/et_pb_row][\/et_pb_section]\n","protected":false},"excerpt":{"rendered":"<p>Update, 28. Nov Der DSB Deutsche Sauna-Bund berichtet heute auf seiner Website von der erneuten, k\u00fcrzlich erfolgten\u00a0 Verleihung seines Qualit\u00e4tszeichens SaunaPremium an die Loma-Sauna des Nettebades Osnabr\u00fcck. Allerdings war &#8211; am heutigen Nachmittag &#8211; die &#8222;News&#8220; nur f\u00fcr Mitglieder zu lesen. Im Areal der Loma-Sauna findet 2026 die erste Qualifikationsrunde zur DAM Deutschen Aufguss-Meisterschaft statt, [&hellip;]<\/p>\n","protected":false},"author":1,"featured_media":0,"comment_status":"closed","ping_status":"closed","sticky":false,"template":"","format":"standard","meta":{"_et_pb_use_builder":"on","_et_pb_old_content":"","_et_gb_content_width":"","iawp_total_views":1,"footnotes":""},"categories":[13,6,12,14],"tags":[],"class_list":["post-53271","post","type-post","status-publish","format-standard","hentry","category-news","category-leute","category-unternehmen","category-anlagen"],"_links":{"self":[{"href":"https:\/\/sauna-wellness-update.de\/de_de\/wp-json\/wp\/v2\/posts\/53271","targetHints":{"allow":["GET"]}}],"collection":[{"href":"https:\/\/sauna-wellness-update.de\/de_de\/wp-json\/wp\/v2\/posts"}],"about":[{"href":"https:\/\/sauna-wellness-update.de\/de_de\/wp-json\/wp\/v2\/types\/post"}],"author":[{"embeddable":true,"href":"https:\/\/sauna-wellness-update.de\/de_de\/wp-json\/wp\/v2\/users\/1"}],"replies":[{"embeddable":true,"href":"https:\/\/sauna-wellness-update.de\/de_de\/wp-json\/wp\/v2\/comments?post=53271"}],"version-history":[{"count":12,"href":"https:\/\/sauna-wellness-update.de\/de_de\/wp-json\/wp\/v2\/posts\/53271\/revisions"}],"predecessor-version":[{"id":53306,"href":"https:\/\/sauna-wellness-update.de\/de_de\/wp-json\/wp\/v2\/posts\/53271\/revisions\/53306"}],"wp:attachment":[{"href":"https:\/\/sauna-wellness-update.de\/de_de\/wp-json\/wp\/v2\/media?parent=53271"}],"wp:term":[{"taxonomy":"category","embeddable":true,"href":"https:\/\/sauna-wellness-update.de\/de_de\/wp-json\/wp\/v2\/categories?post=53271"},{"taxonomy":"post_tag","embeddable":true,"href":"https:\/\/sauna-wellness-update.de\/de_de\/wp-json\/wp\/v2\/tags?post=53271"}],"curies":[{"name":"wp","href":"https:\/\/api.w.org\/{rel}","templated":true}]}}