{"id":54860,"date":"2026-01-26T10:29:00","date_gmt":"2026-01-26T09:29:00","guid":{"rendered":"https:\/\/sauna-wellness-update.de\/?p=54860"},"modified":"2026-01-26T13:27:48","modified_gmt":"2026-01-26T12:27:48","slug":"top-bild-regional-brandenburg-frauen-begrapscht-messerstechereien-auf-parkplatz-spassbad-sperrt-maennergruppen-aus-havel-therme-werder-ergreift-massnahmen-sauna-quote-medienthema","status":"publish","type":"post","link":"https:\/\/sauna-wellness-update.de\/de_de\/2026\/01\/26\/top-bild-regional-brandenburg-frauen-begrapscht-messerstechereien-auf-parkplatz-spassbad-sperrt-maennergruppen-aus-havel-therme-werder-ergreift-massnahmen-sauna-quote-medienthema\/","title":{"rendered":"Aktueller DSK &#8222;Die Saunak\u00fcche&#8220; V\/Podcast &#8222;Gruppenverbot in der Sauna&#8220; &#8211; Anlass: &#8222;Einlassregulierung&#8220; Havel Therme Werder (Brandenburg)"},"content":{"rendered":"\n[et_pb_section fb_built=&#8220;1&#8243; _builder_version=&#8220;4.17.4&#8243; _module_preset=&#8220;default&#8220; custom_margin=&#8220;0px||0px||true|false&#8220; custom_padding=&#8220;0px||0px||true|false&#8220; border_color_all=&#8220;rgba(86,116,125,0.5)&#8220; border_color_bottom=&#8220;RGBA(255,255,255,0)&#8220; global_colors_info=&#8220;{}&#8220;][et_pb_row _builder_version=&#8220;4.17.4&#8243; _module_preset=&#8220;default&#8220; custom_margin=&#8220;0px||0px||true|false&#8220; custom_padding=&#8220;0px||0px||true|&#8220; global_colors_info=&#8220;{}&#8220;][et_pb_column type=&#8220;4_4&#8243; _builder_version=&#8220;4.17.4&#8243; _module_preset=&#8220;default&#8220; custom_padding=&#8220;0px||0px||true|false&#8220; global_colors_info=&#8220;{}&#8220;][et_pb_text _builder_version=&#8220;4.27.5&#8243; _module_preset=&#8220;default&#8220; hover_enabled=&#8220;0&#8243; global_colors_info=&#8220;{}&#8220; sticky_enabled=&#8220;0&#8243;]<p><strong>Update, 26. Jan<\/strong><\/p>\n<p><strong>Der aktuelle V\/Podcast DSK Die Saunak\u00fcche, Ep. 61, besch\u00e4ftigt sich mit den schwerwiegenden Vorf\u00e4llen und der &#8222;Einlassregulierung&#8220; in der Havel Therme Werder (Brandenburg).\u00a0 Diese wird nicht erw\u00e4hnt, weil die beiden Podcaster &#8222;kein Therme-Bashing&#8220; betreiben wollen. Inhaltlich geht es ihnen auch mehr um moralisch &#8222;richtiges&#8220; Verhalten in einer Saunaanlage. Die Haus- und Badeordnung als generelles Regulativ wird dagegen nicht thematisiert.<\/strong><\/p>\n<p><a href=\"https:\/\/open.spotify.com\/episode\/4boFwscfmQcNZAe0e6NafW\">https:\/\/open.spotify.com\/episode\/4boFwscfmQcNZAe0e6NafW<\/a><\/p>\n<p><strong>+++<\/strong><\/p>\n<p>Update, 14. Jan: Auch in der heutigen Morgen-Sendung NIUS Live wurden die &#8222;Knallhart-Regeln&#8220; f\u00fcr mehr G\u00e4ste-Sicherheit in der Havel Therme Werder (Brandenburg) kontrovers diskutiert (&#8222;maximal 20% Geschlechter\u00fcberhang&#8220;, E-Mail Anmeldung f\u00fcr Gruppen ab drei Personen) und in einen (mutma\u00dflichen) gesellschaftspolitischen Kontext gestellt (20 Min. ab ca. 7:20 Uhr).<\/p>\n<p><a href=\"https:\/\/www.youtube.com\/watch?v=5kHIrujqMco\">https:\/\/www.youtube.com\/watch?v=5kHIrujqMco<\/a><\/p>\n<p><a href=\"https:\/\/nius.de\/\">https:\/\/nius.de\/<\/a><\/p>\n<p><strong>Havel Therme &#8222;Einlassregulierung&#8220;<\/strong>: <a href=\"https:\/\/www.havel-therme.de\/preise-oeffnungszeiten.html\">https:\/\/www.havel-therme.de\/preise-oeffnungszeiten.html<\/a><\/p>\n<p><strong>+<\/strong><\/p>\n<p>SISU, 13. Jan: In einem 10-min\u00fctigen Beitrag, ab Minute 36:30 Min., \u00e4u\u00dfert der Sender NIUS live am Abend auf YT You Tube Kritik an den Ma\u00dfnahmen der Havel Therme Werder. Die Stichworte: &#8222;alkoholisierte M\u00e4nnergruppen&#8220;: Verdruckstheit statt Klartext&#8220;, &#8222;Diskriminierung wegen des Geschlechts&#8220;, &#8222;eigent\u00fcmliche Definition von \u00f6ffentlichem Raum&#8220;.<\/p>\n<p><a href=\"https:\/\/www.youtube.com\/watch?v=XaOO0riPlQQ&amp;list=PLPg6EtxUrPwCsf75tiLNEaLp2uYVTtrvB&amp;index=2\">https:\/\/www.youtube.com\/watch?v=XaOO0riPlQQ&amp;list=PLPg6EtxUrPwCsf75tiLNEaLp2uYVTtrvB&amp;index=2<\/a><\/p>\n<p><a href=\"https:\/\/nius.de\/gesellschaft\/news\/spass-bad-verhaengt-einlassstopp-wegen-messerstechereien-und-grapsch-vorfaellen\">https:\/\/nius.de\/gesellschaft\/news\/spass-bad-verhaengt-einlassstopp-wegen-messerstechereien-und-grapsch-vorfaellen<\/a><\/p>\n<p>+<\/p>\n<p>Heute Vormittag auch auf der Frontseite von BILD online: Ein (nur f\u00fcr Abonnenten lesbarer) Bericht der Regionalausgabe Brandburg \u00fcber schwerwiegende Vorf\u00e4lle in der Havel Therme Werder: &#8222;Frauen begrapscht, Messerstechereien auf Parkplatz &#8211; Spa\u00dfbad sperrt M\u00e4nnergruppen aus &#8222;.\u00a0 Havel Therme Gesch\u00e4ftsf\u00fchrer Andreas Schauer erl\u00e4uterte BILD die Missst\u00e4nde und die daraufhin ergriffenen Ma\u00dfnahmen. Dazu geh\u00f6ren eine st\u00e4rkere Regulierung\u00a0 beim Einlass (&#8222;Sauna Quote&#8220;, RTL.de) und ein Sicherheitsdienst, abgestimmt, laut BILD, mit Polizei und Beh\u00f6rden.<\/p>\n<p><a href=\"https:\/\/www.bild.de\/regional\/brandenburg\/frauen-begrapscht-spassbad-sperrt-maennergruppen-aus-6965064b8750ae32f087a91d\">https:\/\/www.bild.de\/regional\/brandenburg\/frauen-begrapscht-spassbad-sperrt-maennergruppen-aus-6965064b8750ae32f087a91d<\/a><\/p>\n<p><a href=\"https:\/\/www.havel-therme.de\/\">https:\/\/www.havel-therme.de\/<\/a><\/p>\n<p><strong>Ein ausgesprochenes Medienthema: Es gibt auch \u00e4hnlich lautende Berichte bei RTL.de, WELT, t-online, Focus, B.Z., Berliner Morgenpost, NIUS. de und NIUS live am Abend.<\/strong><strong><\/strong><\/p>\n<p><strong>RTL Video:<\/strong> <a href=\"https:\/\/www.rtl.de\/videos\/zum-schutz-der-besucher-sauna-quote-in-havel-therme-69662d768ea0b5d56a07e2b2.html\">https:\/\/www.rtl.de\/videos\/zum-schutz-der-besucher-sauna-quote-in-havel-therme-69662d768ea0b5d56a07e2b2.html<\/a><\/p>[\/et_pb_text][et_pb_divider color=&#8220;#CABB9F&#8220; divider_weight=&#8220;1px&#8220; _builder_version=&#8220;4.17.4&#8243; _module_preset=&#8220;default&#8220; width=&#8220;70%&#8220; global_colors_info=&#8220;{}&#8220;][\/et_pb_divider][\/et_pb_column][\/et_pb_row][\/et_pb_section]\n","protected":false},"excerpt":{"rendered":"<p>Update, 26. Jan Der aktuelle V\/Podcast DSK Die Saunak\u00fcche, Ep. 61, besch\u00e4ftigt sich mit den schwerwiegenden Vorf\u00e4llen und der &#8222;Einlassregulierung&#8220; in der Havel Therme Werder (Brandenburg).\u00a0 Diese wird nicht erw\u00e4hnt, weil die beiden Podcaster &#8222;kein Therme-Bashing&#8220; betreiben wollen. Inhaltlich geht es ihnen auch mehr um moralisch &#8222;richtiges&#8220; Verhalten in einer Saunaanlage. Die Haus- und Badeordnung [&hellip;]<\/p>\n","protected":false},"author":1,"featured_media":0,"comment_status":"closed","ping_status":"closed","sticky":false,"template":"","format":"standard","meta":{"_et_pb_use_builder":"on","_et_pb_old_content":"","_et_gb_content_width":"","iawp_total_views":8,"footnotes":""},"categories":[13,6,14],"tags":[],"class_list":["post-54860","post","type-post","status-publish","format-standard","hentry","category-news","category-leute","category-anlagen"],"_links":{"self":[{"href":"https:\/\/sauna-wellness-update.de\/de_de\/wp-json\/wp\/v2\/posts\/54860","targetHints":{"allow":["GET"]}}],"collection":[{"href":"https:\/\/sauna-wellness-update.de\/de_de\/wp-json\/wp\/v2\/posts"}],"about":[{"href":"https:\/\/sauna-wellness-update.de\/de_de\/wp-json\/wp\/v2\/types\/post"}],"author":[{"embeddable":true,"href":"https:\/\/sauna-wellness-update.de\/de_de\/wp-json\/wp\/v2\/users\/1"}],"replies":[{"embeddable":true,"href":"https:\/\/sauna-wellness-update.de\/de_de\/wp-json\/wp\/v2\/comments?post=54860"}],"version-history":[{"count":54,"href":"https:\/\/sauna-wellness-update.de\/de_de\/wp-json\/wp\/v2\/posts\/54860\/revisions"}],"predecessor-version":[{"id":55344,"href":"https:\/\/sauna-wellness-update.de\/de_de\/wp-json\/wp\/v2\/posts\/54860\/revisions\/55344"}],"wp:attachment":[{"href":"https:\/\/sauna-wellness-update.de\/de_de\/wp-json\/wp\/v2\/media?parent=54860"}],"wp:term":[{"taxonomy":"category","embeddable":true,"href":"https:\/\/sauna-wellness-update.de\/de_de\/wp-json\/wp\/v2\/categories?post=54860"},{"taxonomy":"post_tag","embeddable":true,"href":"https:\/\/sauna-wellness-update.de\/de_de\/wp-json\/wp\/v2\/tags?post=54860"}],"curies":[{"name":"wp","href":"https:\/\/api.w.org\/{rel}","templated":true}]}}