{"id":612,"date":"2022-10-10T11:31:00","date_gmt":"2022-10-10T09:31:00","guid":{"rendered":"https:\/\/sauna-wellness-update.de\/?p=612"},"modified":"2022-10-10T19:53:13","modified_gmt":"2022-10-10T17:53:13","slug":"tag-der-sauna-2","status":"publish","type":"post","link":"https:\/\/sauna-wellness-update.de\/de_de\/2022\/10\/10\/tag-der-sauna-2\/","title":{"rendered":"Tag der Sauna 2022"},"content":{"rendered":"\n[et_pb_section fb_built=&#8220;1&#8243; _builder_version=&#8220;4.17.4&#8243; _module_preset=&#8220;default&#8220; custom_margin=&#8220;0px||0px||true|false&#8220; custom_padding=&#8220;0px||0px||true|false&#8220; border_color_all=&#8220;rgba(86,116,125,0.5)&#8220; border_color_bottom=&#8220;RGBA(255,255,255,0)&#8220; global_colors_info=&#8220;{}&#8220;][et_pb_row _builder_version=&#8220;4.17.4&#8243; _module_preset=&#8220;default&#8220; custom_margin=&#8220;0px||0px||true|false&#8220; custom_padding=&#8220;0px||0px||true|&#8220; global_colors_info=&#8220;{}&#8220;][et_pb_column type=&#8220;4_4&#8243; _builder_version=&#8220;4.17.4&#8243; _module_preset=&#8220;default&#8220; custom_padding=&#8220;0px||0px||true|false&#8220; global_colors_info=&#8220;{}&#8220;][et_pb_text _builder_version=&#8220;4.17.4&#8243; _module_preset=&#8220;default&#8220; hover_enabled=&#8220;0&#8243; global_colors_info=&#8220;{}&#8220; sticky_enabled=&#8220;0&#8243;]<p>Bereits zum neunten Mal fand am 24. September der deutschlandweite Tag der Sauna statt. Das Motto lautete in diesem Jahr: Sauna. Ein gesundes Vergn\u00fcgen. Nach Angaben des Deutschen Sauna-Bundes beteiligten sich diesmal \u00fcber 30 Anlagen an dem Aktionstag. In den Jahren vor Corona waren es weit \u00fcber 100, sofern es publik gemacht wurde.<\/p>\n<p>In Finnland wird am 11. Juni der Tag der finnischen Sauna gefeiert.<\/p>\n<p><a href=\"http:\/\/www.tagdersauna.de\">www.tagdersauna.de<\/a><\/p>\n<p>&nbsp;<\/p>[\/et_pb_text][\/et_pb_column][\/et_pb_row][\/et_pb_section]\n","protected":false},"excerpt":{"rendered":"<p>Bereits zum neunten Mal fand am 24. September der deutschlandweite Tag der Sauna statt. Das Motto lautete in diesem Jahr: Sauna. Ein gesundes Vergn\u00fcgen. Nach Angaben des Deutschen Sauna-Bundes beteiligten sich diesmal \u00fcber 30 Anlagen an dem Aktionstag. In den Jahren vor Corona waren es weit \u00fcber 100, sofern es publik gemacht wurde. In Finnland [&hellip;]<\/p>\n","protected":false},"author":1,"featured_media":0,"comment_status":"open","ping_status":"open","sticky":false,"template":"","format":"standard","meta":{"_et_pb_use_builder":"on","_et_pb_old_content":"","_et_gb_content_width":"","iawp_total_views":0,"footnotes":""},"categories":[13],"tags":[],"class_list":["post-612","post","type-post","status-publish","format-standard","hentry","category-news"],"_links":{"self":[{"href":"https:\/\/sauna-wellness-update.de\/de_de\/wp-json\/wp\/v2\/posts\/612","targetHints":{"allow":["GET"]}}],"collection":[{"href":"https:\/\/sauna-wellness-update.de\/de_de\/wp-json\/wp\/v2\/posts"}],"about":[{"href":"https:\/\/sauna-wellness-update.de\/de_de\/wp-json\/wp\/v2\/types\/post"}],"author":[{"embeddable":true,"href":"https:\/\/sauna-wellness-update.de\/de_de\/wp-json\/wp\/v2\/users\/1"}],"replies":[{"embeddable":true,"href":"https:\/\/sauna-wellness-update.de\/de_de\/wp-json\/wp\/v2\/comments?post=612"}],"version-history":[{"count":13,"href":"https:\/\/sauna-wellness-update.de\/de_de\/wp-json\/wp\/v2\/posts\/612\/revisions"}],"predecessor-version":[{"id":1016,"href":"https:\/\/sauna-wellness-update.de\/de_de\/wp-json\/wp\/v2\/posts\/612\/revisions\/1016"}],"wp:attachment":[{"href":"https:\/\/sauna-wellness-update.de\/de_de\/wp-json\/wp\/v2\/media?parent=612"}],"wp:term":[{"taxonomy":"category","embeddable":true,"href":"https:\/\/sauna-wellness-update.de\/de_de\/wp-json\/wp\/v2\/categories?post=612"},{"taxonomy":"post_tag","embeddable":true,"href":"https:\/\/sauna-wellness-update.de\/de_de\/wp-json\/wp\/v2\/tags?post=612"}],"curies":[{"name":"wp","href":"https:\/\/api.w.org\/{rel}","templated":true}]}}