{"id":7166,"date":"2023-10-11T15:18:00","date_gmt":"2023-10-11T13:18:00","guid":{"rendered":"https:\/\/sauna-wellness-update.de\/?p=7166"},"modified":"2023-10-11T19:05:15","modified_gmt":"2023-10-11T17:05:15","slug":"muensterland-festival-mit-sauna","status":"publish","type":"post","link":"https:\/\/sauna-wellness-update.de\/de_de\/2023\/10\/11\/muensterland-festival-mit-sauna\/","title":{"rendered":"TOP: 12. M\u00fcnsterland-Festival mit Sauna &#8211; Gastland Finnland"},"content":{"rendered":"\n[et_pb_section fb_built=&#8220;1&#8243; _builder_version=&#8220;4.17.4&#8243; _module_preset=&#8220;default&#8220; custom_margin=&#8220;0px||0px||true|false&#8220; custom_padding=&#8220;0px||0px||true|false&#8220; border_color_all=&#8220;rgba(86,116,125,0.5)&#8220; border_color_bottom=&#8220;RGBA(255,255,255,0)&#8220; global_colors_info=&#8220;{}&#8220;][et_pb_row _builder_version=&#8220;4.17.4&#8243; _module_preset=&#8220;default&#8220; custom_margin=&#8220;0px||0px||true|false&#8220; custom_padding=&#8220;0px||0px||true|&#8220; global_colors_info=&#8220;{}&#8220;][et_pb_column type=&#8220;4_4&#8243; _builder_version=&#8220;4.17.4&#8243; _module_preset=&#8220;default&#8220; custom_padding=&#8220;0px||0px||true|false&#8220; global_colors_info=&#8220;{}&#8220;][et_pb_text _builder_version=&#8220;4.22.2&#8243; _module_preset=&#8220;default&#8220; hover_enabled=&#8220;0&#8243; global_colors_info=&#8220;{}&#8220; sticky_enabled=&#8220;0&#8243;]<p><strong>Update v. 11. Okt<\/strong><\/p>\n<p><strong> <a href=\"https:\/\/www.muensterland.com\/muensterland-festival\/aktuelles\/\">https:\/\/www.muensterland.com\/muensterland-festival\/aktuelles\/<\/a><\/strong><\/p>\n<p><strong><a href=\"https:\/\/www.muensterland.com\/muensterland-festival\/suche\/?suche=sauna\">https:\/\/www.muensterland.com\/muensterland-festival\/suche\/?suche=sauna<\/a><\/strong><\/p>\n<p>SISU Throwback v. 12. April: Auch ein Saunabesuch im Anschluss an eine kulturelle Wanderung wird zum Programm des M\u00fcnsterland Festival part 12 geh\u00f6ren, das vom 6. Oktober bis 5. November in M\u00fcnster und im Kreis Coesfeld (Nordrhein-Westfalen) stattfindet. Das Gastland Finnland steht diesmal im Mittelpunkt mit Konzerten, Kunst und Ausstellungen.<\/p>\n<p><a href=\"https:\/\/www.azonline.de\/muensterland\/kreis-coesfeld\/eine-finnische-sauna-ist-auch-dabei-2742316?&amp;npg\">https:\/\/www.azonline.de\/muensterland\/kreis-coesfeld\/eine-finnische-sauna-ist-auch-dabei-2742316?&amp;npg<\/a><\/p>\n<p><a href=\"https:\/\/www.muensterland.com\/muensterland-festival\/\">https:\/\/www.muensterland.com\/muensterland-festival\/<\/a><\/p>[\/et_pb_text][et_pb_divider color=&#8220;#CABB9F&#8220; divider_weight=&#8220;1px&#8220; _builder_version=&#8220;4.17.4&#8243; _module_preset=&#8220;default&#8220; width=&#8220;70%&#8220; global_colors_info=&#8220;{}&#8220;][\/et_pb_divider][\/et_pb_column][\/et_pb_row][\/et_pb_section]\n","protected":false},"excerpt":{"rendered":"<p>Update v. 11. Okt https:\/\/www.muensterland.com\/muensterland-festival\/aktuelles\/ https:\/\/www.muensterland.com\/muensterland-festival\/suche\/?suche=sauna SISU Throwback v. 12. April: Auch ein Saunabesuch im Anschluss an eine kulturelle Wanderung wird zum Programm des M\u00fcnsterland Festival part 12 geh\u00f6ren, das vom 6. Oktober bis 5. November in M\u00fcnster und im Kreis Coesfeld (Nordrhein-Westfalen) stattfindet. Das Gastland Finnland steht diesmal im Mittelpunkt mit Konzerten, Kunst und [&hellip;]<\/p>\n","protected":false},"author":1,"featured_media":0,"comment_status":"closed","ping_status":"closed","sticky":false,"template":"","format":"standard","meta":{"_et_pb_use_builder":"on","_et_pb_old_content":"","_et_gb_content_width":"","iawp_total_views":1,"footnotes":""},"categories":[13,5],"tags":[],"class_list":["post-7166","post","type-post","status-publish","format-standard","hentry","category-news","category-events"],"_links":{"self":[{"href":"https:\/\/sauna-wellness-update.de\/de_de\/wp-json\/wp\/v2\/posts\/7166","targetHints":{"allow":["GET"]}}],"collection":[{"href":"https:\/\/sauna-wellness-update.de\/de_de\/wp-json\/wp\/v2\/posts"}],"about":[{"href":"https:\/\/sauna-wellness-update.de\/de_de\/wp-json\/wp\/v2\/types\/post"}],"author":[{"embeddable":true,"href":"https:\/\/sauna-wellness-update.de\/de_de\/wp-json\/wp\/v2\/users\/1"}],"replies":[{"embeddable":true,"href":"https:\/\/sauna-wellness-update.de\/de_de\/wp-json\/wp\/v2\/comments?post=7166"}],"version-history":[{"count":9,"href":"https:\/\/sauna-wellness-update.de\/de_de\/wp-json\/wp\/v2\/posts\/7166\/revisions"}],"predecessor-version":[{"id":16669,"href":"https:\/\/sauna-wellness-update.de\/de_de\/wp-json\/wp\/v2\/posts\/7166\/revisions\/16669"}],"wp:attachment":[{"href":"https:\/\/sauna-wellness-update.de\/de_de\/wp-json\/wp\/v2\/media?parent=7166"}],"wp:term":[{"taxonomy":"category","embeddable":true,"href":"https:\/\/sauna-wellness-update.de\/de_de\/wp-json\/wp\/v2\/categories?post=7166"},{"taxonomy":"post_tag","embeddable":true,"href":"https:\/\/sauna-wellness-update.de\/de_de\/wp-json\/wp\/v2\/tags?post=7166"}],"curies":[{"name":"wp","href":"https:\/\/api.w.org\/{rel}","templated":true}]}}