{"id":723,"date":"2022-09-29T18:12:14","date_gmt":"2022-09-29T16:12:14","guid":{"rendered":"https:\/\/sauna-wellness-update.de\/?p=723"},"modified":"2022-09-30T18:08:08","modified_gmt":"2022-09-30T16:08:08","slug":"energie-preisdeckel-kommt","status":"publish","type":"post","link":"https:\/\/sauna-wellness-update.de\/de_de\/2022\/09\/29\/energie-preisdeckel-kommt\/","title":{"rendered":"Energie-Preisdeckel kommt"},"content":{"rendered":"\n[et_pb_section fb_built=&#8220;1&#8243; _builder_version=&#8220;4.17.4&#8243; _module_preset=&#8220;default&#8220; custom_margin=&#8220;0px||0px||true|false&#8220; custom_padding=&#8220;0px||0px||true|false&#8220; border_color_all=&#8220;rgba(86,116,125,0.5)&#8220; border_color_bottom=&#8220;RGBA(255,255,255,0)&#8220; global_colors_info=&#8220;{}&#8220;][et_pb_row _builder_version=&#8220;4.17.4&#8243; _module_preset=&#8220;default&#8220; custom_margin=&#8220;0px||0px||true|false&#8220; custom_padding=&#8220;0px||0px||true|&#8220; global_colors_info=&#8220;{}&#8220;][et_pb_column type=&#8220;4_4&#8243; _builder_version=&#8220;4.17.4&#8243; _module_preset=&#8220;default&#8220; custom_padding=&#8220;0px||0px||true|false&#8220; global_colors_info=&#8220;{}&#8220;][et_pb_text _builder_version=&#8220;4.17.4&#8243; _module_preset=&#8220;default&#8220; hover_enabled=&#8220;0&#8243; global_colors_info=&#8220;{}&#8220; sticky_enabled=&#8220;0&#8243;]<p>&#8222;Doppel-Wumms&#8220;: Die Ampel-Koalition hat die umstrittene Gasumlage gestoppt und will mit einem 200 Milliarden Euro &#8222;gro\u00dfen Abwehrschirm&#8220; die Energiekosten f\u00fcr die gesellschaftlichen Akteure d\u00e4mpfen. Bei der geplanten Absenkung der Umsatzsteuer auf sieben Prozent f\u00fcr Gas und Fernw\u00e4rme bis zum Ende des ersten Quartals 2024 soll es aber bleiben. Wie der Energiepreisdeckel konkret aussehen soll, ist derzeit noch offen. F\u00fcr Firmen, die nicht ausreichend von den Strom- und Gaspreisdeckeln profitieren, soll es Liquidit\u00e4ts- und Eigenkapitalhilfen geben.<\/p>\n<p><a href=\"http:\/\/www.radiobielefeld.de\">www.radiobielefeld.de<\/a><br \/><a href=\"http:\/\/www.boersen-zeitung.de\">www.boersen-zeitung.de<\/a><\/p>[\/et_pb_text][\/et_pb_column][\/et_pb_row][\/et_pb_section]\n","protected":false},"excerpt":{"rendered":"<p>&#8222;Doppel-Wumms&#8220;: Die Ampel-Koalition hat die umstrittene Gasumlage gestoppt und will mit einem 200 Milliarden Euro &#8222;gro\u00dfen Abwehrschirm&#8220; die Energiekosten f\u00fcr die gesellschaftlichen Akteure d\u00e4mpfen. Bei der geplanten Absenkung der Umsatzsteuer auf sieben Prozent f\u00fcr Gas und Fernw\u00e4rme bis zum Ende des ersten Quartals 2024 soll es aber bleiben. Wie der Energiepreisdeckel konkret aussehen soll, ist [&hellip;]<\/p>\n","protected":false},"author":1,"featured_media":0,"comment_status":"open","ping_status":"open","sticky":false,"template":"","format":"standard","meta":{"_et_pb_use_builder":"on","_et_pb_old_content":"","_et_gb_content_width":"","iawp_total_views":1,"footnotes":""},"categories":[13],"tags":[],"class_list":["post-723","post","type-post","status-publish","format-standard","hentry","category-news"],"_links":{"self":[{"href":"https:\/\/sauna-wellness-update.de\/de_de\/wp-json\/wp\/v2\/posts\/723","targetHints":{"allow":["GET"]}}],"collection":[{"href":"https:\/\/sauna-wellness-update.de\/de_de\/wp-json\/wp\/v2\/posts"}],"about":[{"href":"https:\/\/sauna-wellness-update.de\/de_de\/wp-json\/wp\/v2\/types\/post"}],"author":[{"embeddable":true,"href":"https:\/\/sauna-wellness-update.de\/de_de\/wp-json\/wp\/v2\/users\/1"}],"replies":[{"embeddable":true,"href":"https:\/\/sauna-wellness-update.de\/de_de\/wp-json\/wp\/v2\/comments?post=723"}],"version-history":[{"count":9,"href":"https:\/\/sauna-wellness-update.de\/de_de\/wp-json\/wp\/v2\/posts\/723\/revisions"}],"predecessor-version":[{"id":754,"href":"https:\/\/sauna-wellness-update.de\/de_de\/wp-json\/wp\/v2\/posts\/723\/revisions\/754"}],"wp:attachment":[{"href":"https:\/\/sauna-wellness-update.de\/de_de\/wp-json\/wp\/v2\/media?parent=723"}],"wp:term":[{"taxonomy":"category","embeddable":true,"href":"https:\/\/sauna-wellness-update.de\/de_de\/wp-json\/wp\/v2\/categories?post=723"},{"taxonomy":"post_tag","embeddable":true,"href":"https:\/\/sauna-wellness-update.de\/de_de\/wp-json\/wp\/v2\/tags?post=723"}],"curies":[{"name":"wp","href":"https:\/\/api.w.org\/{rel}","templated":true}]}}