{"id":1267,"date":"2022-10-28T22:00:00","date_gmt":"2022-10-28T20:00:00","guid":{"rendered":"https:\/\/sauna-wellness-update.de\/?p=1267"},"modified":"2022-10-31T12:08:11","modified_gmt":"2022-10-31T11:08:11","slug":"podiumsdiskussion","status":"publish","type":"post","link":"https:\/\/sauna-wellness-update.de\/en\/2022\/10\/28\/podiumsdiskussion\/","title":{"rendered":"Podiumsdiskussion"},"content":{"rendered":"\n[et_pb_section fb_built=&#8220;1&#8243; _builder_version=&#8220;4.17.4&#8243; _module_preset=&#8220;default&#8220; custom_margin=&#8220;0px||0px||true|false&#8220; custom_padding=&#8220;0px||0px||true|false&#8220; border_color_all=&#8220;rgba(86,116,125,0.5)&#8220; border_color_bottom=&#8220;RGBA(255,255,255,0)&#8220; global_colors_info=&#8220;{}&#8220;][et_pb_row _builder_version=&#8220;4.17.4&#8243; _module_preset=&#8220;default&#8220; custom_margin=&#8220;0px||0px||true|false&#8220; custom_padding=&#8220;0px||0px||true|&#8220; global_colors_info=&#8220;{}&#8220;][et_pb_column type=&#8220;4_4&#8243; _builder_version=&#8220;4.17.4&#8243; _module_preset=&#8220;default&#8220; custom_padding=&#8220;0px||0px||true|false&#8220; global_colors_info=&#8220;{}&#8220;][et_pb_text _builder_version=&#8220;4.17.4&#8243; _module_preset=&#8220;default&#8220; hover_enabled=&#8220;0&#8243; global_colors_info=&#8220;{}&#8220; sticky_enabled=&#8220;0&#8243;]<p>&#8222;Sauna &amp; W ellness &#8211; eine Branche am Abgrund&#8220;. Unter diesem Titel lud der Deutsche Sauna-Bund im Rahmen der interbad-Messe am 27. Oktober im Internationalen Congresscenter Stuttgart ICS zu einer kurzfristig anberaumten Podiumsdiskussion ein.<\/p>\n<p>Ausweislich der Website der Messe Stuttgart diskutierten: Reinhold Schreiber, privatwirtschaftlicher Betreiber, Saunapark Bobingen; Andreas Schauer, privatwirtschaftlicher mehrfacher Thermen- und B\u00e4derbetreiber, Schauer + Co. \u00dcberlingen; Christoph Schlupkothen, B\u00e4dergesellschaft D\u00fcsseldorf, Gesch\u00e4ftsf\u00fchrer; Bernd Schuler, privatwirtschaftlicher Betreiber, Bora Sauna Bodensee Radolfzell, Gesch\u00e4ftsf\u00fchrer.<\/p>\n<p>Moderiert wurde die Diskussion von Prof. Dr. Carsten Sonnenberg, Pr\u00e4sident des Deutschen Sauna-Bundes.<\/p>\n<p><a href=\"http:\/\/www.sauna-bund.de\">www.sauna-bund.de<\/a><\/p>\n<p><a href=\"http:\/\/www.interbad.de\">www.interbad.de<\/a><\/p>[\/et_pb_text][\/et_pb_column][\/et_pb_row][\/et_pb_section]\n","protected":false},"excerpt":{"rendered":"<p>&#8222;Sauna &amp; W ellness &#8211; eine Branche am Abgrund&#8220;. Unter diesem Titel lud der Deutsche Sauna-Bund im Rahmen der interbad-Messe am 27. Oktober im Internationalen Congresscenter Stuttgart ICS zu einer kurzfristig anberaumten Podiumsdiskussion ein. Ausweislich der Website der Messe Stuttgart diskutierten: Reinhold Schreiber, privatwirtschaftlicher Betreiber, Saunapark Bobingen; Andreas Schauer, privatwirtschaftlicher mehrfacher Thermen- und B\u00e4derbetreiber, Schauer [&hellip;]<\/p>\n","protected":false},"author":1,"featured_media":0,"comment_status":"open","ping_status":"open","sticky":false,"template":"","format":"standard","meta":{"_et_pb_use_builder":"on","_et_pb_old_content":"","_et_gb_content_width":"","iawp_total_views":0,"footnotes":""},"categories":[13,5,6],"tags":[],"class_list":["post-1267","post","type-post","status-publish","format-standard","hentry","category-news","category-events","category-leute"],"_links":{"self":[{"href":"https:\/\/sauna-wellness-update.de\/en\/wp-json\/wp\/v2\/posts\/1267","targetHints":{"allow":["GET"]}}],"collection":[{"href":"https:\/\/sauna-wellness-update.de\/en\/wp-json\/wp\/v2\/posts"}],"about":[{"href":"https:\/\/sauna-wellness-update.de\/en\/wp-json\/wp\/v2\/types\/post"}],"author":[{"embeddable":true,"href":"https:\/\/sauna-wellness-update.de\/en\/wp-json\/wp\/v2\/users\/1"}],"replies":[{"embeddable":true,"href":"https:\/\/sauna-wellness-update.de\/en\/wp-json\/wp\/v2\/comments?post=1267"}],"version-history":[{"count":9,"href":"https:\/\/sauna-wellness-update.de\/en\/wp-json\/wp\/v2\/posts\/1267\/revisions"}],"predecessor-version":[{"id":1718,"href":"https:\/\/sauna-wellness-update.de\/en\/wp-json\/wp\/v2\/posts\/1267\/revisions\/1718"}],"wp:attachment":[{"href":"https:\/\/sauna-wellness-update.de\/en\/wp-json\/wp\/v2\/media?parent=1267"}],"wp:term":[{"taxonomy":"category","embeddable":true,"href":"https:\/\/sauna-wellness-update.de\/en\/wp-json\/wp\/v2\/categories?post=1267"},{"taxonomy":"post_tag","embeddable":true,"href":"https:\/\/sauna-wellness-update.de\/en\/wp-json\/wp\/v2\/tags?post=1267"}],"curies":[{"name":"wp","href":"https:\/\/api.w.org\/{rel}","templated":true}]}}