{"id":1440,"date":"2022-10-24T21:30:00","date_gmt":"2022-10-24T19:30:00","guid":{"rendered":"https:\/\/sauna-wellness-update.de\/?p=1440"},"modified":"2022-10-24T21:52:04","modified_gmt":"2022-10-24T19:52:04","slug":"15-jahre-neue-messe-stuttgart","status":"publish","type":"post","link":"https:\/\/sauna-wellness-update.de\/en\/2022\/10\/24\/15-jahre-neue-messe-stuttgart\/","title":{"rendered":"Neue Messe Stuttgart"},"content":{"rendered":"\n\n\n\n\n\n\n\n\n\n[et_pb_section fb_built=&#8220;1&#8243; _builder_version=&#8220;4.17.4&#8243; _module_preset=&#8220;default&#8220; custom_margin=&#8220;0px||0px||true|false&#8220; custom_padding=&#8220;0px||0px||true|false&#8220; border_color_all=&#8220;rgba(86,116,125,0.5)&#8220; border_color_bottom=&#8220;RGBA(255,255,255,0)&#8220; global_colors_info=&#8220;{}&#8220;][et_pb_row _builder_version=&#8220;4.17.4&#8243; _module_preset=&#8220;default&#8220; custom_margin=&#8220;0px||0px||true|false&#8220; custom_padding=&#8220;0px||0px||true|&#8220; global_colors_info=&#8220;{}&#8220;][et_pb_column type=&#8220;4_4&#8243; _builder_version=&#8220;4.17.4&#8243; _module_preset=&#8220;default&#8220; custom_padding=&#8220;0px||0px||true|false&#8220; global_colors_info=&#8220;{}&#8220;][et_pb_text _builder_version=&#8220;4.17.4&#8243; _module_preset=&#8220;default&#8220; hover_enabled=&#8220;0&#8243; global_colors_info=&#8220;{}&#8220; sticky_enabled=&#8220;0&#8243;]<p>Seit 15 Jahren (2007) auf den Fildern, vorher auf dem Killesberg. Die Messe Stuttgart wurde 2019 als erster klimaneutraler Messestandort zertifiziert. Insgesamt kann bereits auf 80 Jahre Unternehmensgeschichte zur\u00fcckgeblickt werden.<\/p>\n<p>Roland Bleinroth und Stefan Lohnert sind Gesch\u00e4ftsf\u00fchrer.<\/p>\n<p><a href=\"http:\/\/www.messe-stuttgart.de\">www.messe-stuttgart.de<\/a><a href=\"http:\/\/www.h2o-herford.de\"><\/a><\/p>[\/et_pb_text][\/et_pb_column][\/et_pb_row][\/et_pb_section]\n\n\n\n\n\n\n\n\n\n","protected":false},"excerpt":{"rendered":"<p>Seit 15 Jahren (2007) auf den Fildern, vorher auf dem Killesberg. Die Messe Stuttgart wurde 2019 als erster klimaneutraler Messestandort zertifiziert. Insgesamt kann bereits auf 80 Jahre Unternehmensgeschichte zur\u00fcckgeblickt werden. Roland Bleinroth und Stefan Lohnert sind Gesch\u00e4ftsf\u00fchrer. www.messe-stuttgart.de<\/p>","protected":false},"author":1,"featured_media":0,"comment_status":"open","ping_status":"open","sticky":false,"template":"","format":"standard","meta":{"_et_pb_use_builder":"on","_et_pb_old_content":"","_et_gb_content_width":"","iawp_total_views":0,"footnotes":""},"categories":[13,6,12],"tags":[],"class_list":["post-1440","post","type-post","status-publish","format-standard","hentry","category-news","category-leute","category-unternehmen"],"_links":{"self":[{"href":"https:\/\/sauna-wellness-update.de\/en\/wp-json\/wp\/v2\/posts\/1440","targetHints":{"allow":["GET"]}}],"collection":[{"href":"https:\/\/sauna-wellness-update.de\/en\/wp-json\/wp\/v2\/posts"}],"about":[{"href":"https:\/\/sauna-wellness-update.de\/en\/wp-json\/wp\/v2\/types\/post"}],"author":[{"embeddable":true,"href":"https:\/\/sauna-wellness-update.de\/en\/wp-json\/wp\/v2\/users\/1"}],"replies":[{"embeddable":true,"href":"https:\/\/sauna-wellness-update.de\/en\/wp-json\/wp\/v2\/comments?post=1440"}],"version-history":[{"count":6,"href":"https:\/\/sauna-wellness-update.de\/en\/wp-json\/wp\/v2\/posts\/1440\/revisions"}],"predecessor-version":[{"id":1447,"href":"https:\/\/sauna-wellness-update.de\/en\/wp-json\/wp\/v2\/posts\/1440\/revisions\/1447"}],"wp:attachment":[{"href":"https:\/\/sauna-wellness-update.de\/en\/wp-json\/wp\/v2\/media?parent=1440"}],"wp:term":[{"taxonomy":"category","embeddable":true,"href":"https:\/\/sauna-wellness-update.de\/en\/wp-json\/wp\/v2\/categories?post=1440"},{"taxonomy":"post_tag","embeddable":true,"href":"https:\/\/sauna-wellness-update.de\/en\/wp-json\/wp\/v2\/tags?post=1440"}],"curies":[{"name":"wp","href":"https:\/\/api.w.org\/{rel}","templated":true}]}}