{"id":15238,"date":"2025-01-27T03:40:00","date_gmt":"2025-01-27T02:40:00","guid":{"rendered":"https:\/\/sauna-wellness-update.de\/?p=15238"},"modified":"2025-01-27T13:20:07","modified_gmt":"2025-01-27T12:20:07","slug":"havel-therme-werder-morgen-sauna-steg-eroeffnung","status":"publish","type":"post","link":"https:\/\/sauna-wellness-update.de\/en\/2025\/01\/27\/havel-therme-werder-morgen-sauna-steg-eroeffnung\/","title":{"rendered":"SISU Nachtrag: Andreas Schauer, der &#8222;Thermenk\u00f6nig vom Bodensee&#8220; &#8211; Interview in der Schw\u00e4bischen Zeitung"},"content":{"rendered":"\n[et_pb_section fb_built=&#8220;1&#8243; _builder_version=&#8220;4.17.4&#8243; _module_preset=&#8220;default&#8220; custom_margin=&#8220;0px||0px||true|false&#8220; custom_padding=&#8220;0px||0px||true|false&#8220; border_color_all=&#8220;rgba(86,116,125,0.5)&#8220; border_color_bottom=&#8220;RGBA(255,255,255,0)&#8220; global_colors_info=&#8220;{}&#8220;][et_pb_row _builder_version=&#8220;4.17.4&#8243; _module_preset=&#8220;default&#8220; custom_margin=&#8220;0px||0px||true|false&#8220; custom_padding=&#8220;0px||0px||true|&#8220; global_colors_info=&#8220;{}&#8220;][et_pb_column type=&#8220;4_4&#8243; _builder_version=&#8220;4.17.4&#8243; _module_preset=&#8220;default&#8220; custom_padding=&#8220;0px||0px||true|false&#8220; global_colors_info=&#8220;{}&#8220;][et_pb_text _builder_version=&#8220;4.27.4&#8243; _module_preset=&#8220;default&#8220; hover_enabled=&#8220;0&#8243; global_colors_info=&#8220;{}&#8220; sticky_enabled=&#8220;0&#8243;]<p style=\"text-align: left;\"><strong>Updat v. 27. Jan<\/strong><\/p>\n<p style=\"text-align: left;\"><strong>SISU Nachtrag: Ende Oktober 2024\u00a0 ver\u00f6ffentlichte die Schw\u00e4bische Zeitung Ravenburg ein Interview mit dem &#8222;Thermenk\u00f6nig vom Bodensee&#8220;, Andreas Schauer.\u00a0<\/strong><\/p>\n<p style=\"text-align: left;\"><strong><a href=\"https:\/\/www.schwaebische.de\/wirtschaft\/entspannung-pur-diese-projekte-plant-der-lindauer-thermenkoenig-3010244\">https:\/\/www.schwaebische.de\/wirtschaft\/entspannung-pur-diese-projekte-plant-der-lindauer-thermenkoenig-3010244<\/a><\/strong><\/p>\n<p><a href=\"http:\/\/www.schauer-co.de\">https:\/\/www.schauer-co.de<\/a><\/p>\n<p style=\"text-align: left;\"><strong><\/strong><\/p>\n<p style=\"text-align: left;\"><strong>SISU Updates 2024<\/strong><\/p>\n<p style=\"text-align: left;\">Update v. 10. Nov: Weiteres Medienecho vom Sauna-Schiff Kuuma, hier von EAP Euro Amusement Professional und der B.Z. :<\/p>\n<p style=\"text-align: left;\"><a href=\"https:\/\/www.eap-magazin.de\/Nachricht\/Havel-Therme-nimmt-Sauna-Schiff-in-Betrieb.html\">https:\/\/www.eap-magazin.de\/Nachricht\/Havel-Therme-nimmt-Sauna-Schiff-in-Betrieb.html<\/a><\/p>\n<p style=\"text-align: left;\"><a href=\"https:\/\/www.bz-berlin.de\/berlin\/havel-therme-schwitzen-im-saunaschiff\">https:\/\/www.bz-berlin.de\/berlin\/havel-therme-schwitzen-im-saunaschiff<\/a><\/p>\n<p><a href=\"https:\/\/www.havel-therme.de\/saunaschiff.html\">https:\/\/www.havel-therme.de\/saunaschiff.html<\/a><\/p>\n<p style=\"text-align: left;\">Update v. 14. Okt: Ein lesenswerter Artikel in der MAZ M\u00e4rkischen Allgemeinen Zeitung mit Insights &#8211; z.B. zu den Investitionskosten &#8211;\u00a0 zum neuen Sauna-Schiff Kuuma der Havel Therme Werder (Brandenburg).<\/p>\n<p style=\"text-align: left;\"><a href=\"https:\/\/www.maz-online.de\/lokales\/potsdam-mittelmark\/werder-havel\/werder-havel-therme-tauft-neues-sauna-schiff-34EXLTCQ3JDEXN4C5SQQONTHYM.html\">https:\/\/www.maz-online.de\/lokales\/potsdam-mittelmark\/werder-havel\/werder-havel-therme-tauft-neues-sauna-schiff-34EXLTCQ3JDEXN4C5SQQONTHYM.html<\/a><\/p>\n<p style=\"text-align: left;\">Update v. 13. Okt: Der Zugang zum Sauna-Schiff Kuuma ist ein &#8222;add-on&#8220; und ab heute nur mit Aufpreis m\u00f6glich. Die Betriebszeiten sind von 11 bis 21 Uhr.<\/p>\n<p style=\"text-align: left;\"><a href=\"https:\/\/www.havel-therme.de\/saunaschiff.html\"><\/a>Update v. 12. Okt, 15 Uhr: Premiere: &#8222;Red carpet moment&#8220; und Schiffstaufe: <a href=\"https:\/\/www.instagram.com\/haveltherme\/\">https:\/\/www.instagram.com\/haveltherme\/<\/a><\/p>\n<p style=\"text-align: left;\">(Update v. 14. Sep): &#8222;Sauna auf dem Wasser&#8220; ab heute, Sonnabend, 12. Oktober: Das Sauna-Schiff &#8222;Kuuma&#8220; (finnisch f\u00fcr hei\u00df) der Havel Therme Werder (Brandenburg), mit einer Kapazit\u00e4t f\u00fcr ca. 60 G\u00e4ste geht in den offiziellen Betrieb &#8222;am Ende des l\u00e4ngsten Saunastegs in ganz Deutschland&#8220;. Dieser hat eine L\u00e4nge von ca. 160 Metern.<strong><br \/><\/strong><\/p>\n<p style=\"text-align: left;\">Nota: Der Zugang zur Kuuma ist wegen eines Aufpreises k\u00fcnftig nur \u00fcber ein Drehkreuz m\u00f6glich, am Tag der Schiffseinweihung jedoch nicht. Seit Sonnabend, 14:30 Uhr, k\u00f6nnen alle Saunag\u00e4ste das Novum in Augenschein nehmen.<strong><br \/><\/strong><\/p>\n<p style=\"text-align: left;\"><a href=\"https:\/\/www.havel-therme.de\/saunaschiff.html#start\">https:\/\/www.havel-therme.de\/saunaschiff.html#start<\/a><\/p>\n<p><a href=\"https:\/\/www.havel-therme.de\/news.html\">https:\/\/www.havel-therme.de\/news.html<\/a><\/p>\n<p><a href=\"https:\/\/www.facebook.com\/haveltherme\/\">https:\/\/www.facebook.com\/haveltherme\/<\/a><\/p>\n<p>&nbsp;<\/p>\n<p style=\"text-align: left;\">Update v. 22. Apr: In einem Paywall-Artikel des Tagesspiegel PNN Potsdamer Neueste Nachrichten wird von knapp einer Million G\u00e4ste in der Havel Therme Werder (Brandenburg) seit Er\u00f6ffnung 2021 berichtet. Angek\u00fcndigt wird im Rahmen von Ausbauma\u00dfnahmen ein Sauna-Boot f\u00fcr ca. 80 G\u00e4ste. Das Objekt soll gegen Jahresende auf dem Gro\u00dfen Zernsee startklar sein.<\/p>\n<p style=\"text-align: left;\"><a href=\"https:\/\/www.tagesspiegel.de\/potsdam\/brandenburg\/platz-fur-80-gaste-die-therme-in-werder-havel-bekommt-ein-saunaboot-11550071.html\">https:\/\/www.tagesspiegel.de\/potsdam\/brandenburg\/platz-fur-80-gaste-die-therme-in-werder-havel-bekommt-ein-saunaboot-11550071.html<\/a><\/p>\n<p style=\"text-align: left;\"><strong><\/strong><\/p>\n<p style=\"text-align: left;\"><strong>SISU Throwback 2023 <\/strong><\/p>\n<p style=\"text-align: left;\">Update v. 14. Sep: Gestern, Mittwoh, am fr\u00fchen Abend, wurde auf dem Areal der Havel Therme in Werder (Brandenburg) der 160 Meter lange Sauna-Steg &#8222;hinaus auf d den Gro\u00dfen Zernsee&#8220; er\u00f6ffnet. Angegliedert gibt es ein 10 x 14 Meter Naturschwimmbecken. Geplant ist, dass &#8222;in naher Zukunft&#8220; ein Sauna-Boot am &#8222;l\u00e4ngsten Steg Deutschlands&#8220; anlegen soll, &#8222;mit einem einmaligen Saunakonzept, mit 40 Pl\u00e4tzen und Aufgusszeremonien auf dem See&#8220;.<\/p>\n<p>Zur Einweihung &#8211; im Beisein interessierter Saunag\u00e4ste &#8211; kamen auch die B\u00fcrgermeisterin von Werder, Manuela Sa\u00df (CDU), und der Gesch\u00e4ftsf\u00fchrer der Havel Therme, Andreas Schauer. Danach gab es Grill &amp; Chill und groove&#8217;igen Sound der Jazzband Hugo Bossa Lounge aus Potsdam.<\/p>\n<p>Fotos auf FB: <a href=\"https:\/\/www.facebook.com\/haveltherme\">https:\/\/www.facebook.com\/haveltherme<\/a>\/<\/p>\n<p><a href=\"https:\/\/www.instagram.com\/haveltherme\/\">https:\/\/www.instagram.com\/haveltherme\/<\/a><\/p>\n<p><a href=\"https:\/\/www.werder-havel.de\/politik-rathaus\/aktuelles\/neuigkeiten\/freizeit-tourismus\/4071-l%C3%A4ngster-sauna-steg-deutschlands-offiziell-eingeweiht.html\">https:\/\/www.werder-havel.de\/politik-rathaus\/aktuelles\/neuigkeiten\/freizeit-tourismus\/4071-l%C3%A4ngster-sauna-steg-deutschlands-offiziell-eingeweiht.html<\/a><\/p>\n<p>Die Unternehmensgruppe Schauer + Co. aus \u00dcberlingen am Bodensee (Baden-W\u00fcrttemberg) betreibt Thermen, B\u00e4der und Freizeitanlagen. Als Investor ist man Partner f\u00fcr private Vorhaben und von St\u00e4dten und Kommunen. Mehr als 850 Mitarbeiter begr\u00fc\u00dfen j\u00e4hrlich \u00fcber drei Millionen G\u00e4ste in Anlagen wie der Havel Therme in Werder (Brandenburg), der Saarland Therme, des Calypso Saarbr\u00fccken, der Therme Lindau am Bodensee (Bayern), der Solymar Therme Bad Mergentheim (Baden-W\u00fcrttemberg), des Aqua Sole Kitzingen (Bayern), des Liquidrom Berlin und des aquabasilea in Pratteln in der Schweiz.<\/p>\n<p>Das interdisziplin\u00e4re Team von Schauer + Co. wird angef\u00fchrt von Unternehmensgr\u00fcnder und Gesch\u00e4ftsf\u00fchrer Andreas Schauer.<\/p>\n<p><a href=\"https:\/\/www.facebook.com\/reel\/1358390895104723\">https:\/\/www.facebook.com\/reel\/1358390895104723<\/a><\/p>\n<p><a href=\"https:\/\/www.havel-therme.de\/news.html\">https:\/\/www.havel-therme.de\/news.html<\/a><\/p>\n<p><a href=\"http:\/\/www.hugobossalounge.de\/\">http:\/\/www.hugobossalounge.de\/<\/a><\/p>[\/et_pb_text][et_pb_divider color=&#8220;#CABB9F&#8220; divider_weight=&#8220;1px&#8220; _builder_version=&#8220;4.17.4&#8243; _module_preset=&#8220;default&#8220; width=&#8220;70%&#8220; global_colors_info=&#8220;{}&#8220;][\/et_pb_divider][\/et_pb_column][\/et_pb_row][\/et_pb_section]\n","protected":false},"excerpt":{"rendered":"<p>Updat v. 27. Jan SISU Nachtrag: Ende Oktober 2024\u00a0 ver\u00f6ffentlichte die Schw\u00e4bische Zeitung Ravenburg ein Interview mit dem &#8222;Thermenk\u00f6nig vom Bodensee&#8220;, Andreas Schauer.\u00a0 https:\/\/www.schwaebische.de\/wirtschaft\/entspannung-pur-diese-projekte-plant-der-lindauer-thermenkoenig-3010244 https:\/\/www.schauer-co.de SISU Updates 2024 Update v. 10. Nov: Weiteres Medienecho vom Sauna-Schiff Kuuma, hier von EAP Euro Amusement Professional und der B.Z. : https:\/\/www.eap-magazin.de\/Nachricht\/Havel-Therme-nimmt-Sauna-Schiff-in-Betrieb.html https:\/\/www.bz-berlin.de\/berlin\/havel-therme-schwitzen-im-saunaschiff https:\/\/www.havel-therme.de\/saunaschiff.html Update v. 14. Okt: Ein [&hellip;]<\/p>\n","protected":false},"author":1,"featured_media":0,"comment_status":"closed","ping_status":"closed","sticky":false,"template":"","format":"standard","meta":{"_et_pb_use_builder":"on","_et_pb_old_content":"","_et_gb_content_width":"","iawp_total_views":2,"footnotes":""},"categories":[6,12,14],"tags":[],"class_list":["post-15238","post","type-post","status-publish","format-standard","hentry","category-leute","category-unternehmen","category-anlagen"],"_links":{"self":[{"href":"https:\/\/sauna-wellness-update.de\/en\/wp-json\/wp\/v2\/posts\/15238","targetHints":{"allow":["GET"]}}],"collection":[{"href":"https:\/\/sauna-wellness-update.de\/en\/wp-json\/wp\/v2\/posts"}],"about":[{"href":"https:\/\/sauna-wellness-update.de\/en\/wp-json\/wp\/v2\/types\/post"}],"author":[{"embeddable":true,"href":"https:\/\/sauna-wellness-update.de\/en\/wp-json\/wp\/v2\/users\/1"}],"replies":[{"embeddable":true,"href":"https:\/\/sauna-wellness-update.de\/en\/wp-json\/wp\/v2\/comments?post=15238"}],"version-history":[{"count":100,"href":"https:\/\/sauna-wellness-update.de\/en\/wp-json\/wp\/v2\/posts\/15238\/revisions"}],"predecessor-version":[{"id":36281,"href":"https:\/\/sauna-wellness-update.de\/en\/wp-json\/wp\/v2\/posts\/15238\/revisions\/36281"}],"wp:attachment":[{"href":"https:\/\/sauna-wellness-update.de\/en\/wp-json\/wp\/v2\/media?parent=15238"}],"wp:term":[{"taxonomy":"category","embeddable":true,"href":"https:\/\/sauna-wellness-update.de\/en\/wp-json\/wp\/v2\/categories?post=15238"},{"taxonomy":"post_tag","embeddable":true,"href":"https:\/\/sauna-wellness-update.de\/en\/wp-json\/wp\/v2\/tags?post=15238"}],"curies":[{"name":"wp","href":"https:\/\/api.w.org\/{rel}","templated":true}]}}