{"id":18856,"date":"2023-12-08T12:02:29","date_gmt":"2023-12-08T11:02:29","guid":{"rendered":"https:\/\/sauna-wellness-update.de\/?p=18856"},"modified":"2023-12-08T12:05:38","modified_gmt":"2023-12-08T11:05:38","slug":"2023-im-krisenmodus-wort-des-jahres-zunehmende-sprachliche-radikalisierung","status":"publish","type":"post","link":"https:\/\/sauna-wellness-update.de\/en\/2023\/12\/08\/2023-im-krisenmodus-wort-des-jahres-zunehmende-sprachliche-radikalisierung\/","title":{"rendered":"2023 im &#8222;Krisenmodus&#8220; &#8211; &#8222;Zunehmende sprachliche Radikalisierung&#8220;"},"content":{"rendered":"\n[et_pb_section fb_built=&#8220;1&#8243; _builder_version=&#8220;4.17.4&#8243; _module_preset=&#8220;default&#8220; custom_margin=&#8220;0px||0px||true|false&#8220; custom_padding=&#8220;0px||0px||true|false&#8220; border_color_all=&#8220;rgba(86,116,125,0.5)&#8220; border_color_bottom=&#8220;RGBA(255,255,255,0)&#8220; global_colors_info=&#8220;{}&#8220; theme_builder_area=&#8220;post_content&#8220;][et_pb_row _builder_version=&#8220;4.17.4&#8243; _module_preset=&#8220;default&#8220; custom_margin=&#8220;0px||0px||true|false&#8220; custom_padding=&#8220;0px||0px||true|&#8220; global_colors_info=&#8220;{}&#8220; theme_builder_area=&#8220;post_content&#8220;][et_pb_column type=&#8220;4_4&#8243; _builder_version=&#8220;4.17.4&#8243; _module_preset=&#8220;default&#8220; custom_padding=&#8220;0px||0px||true|false&#8220; global_colors_info=&#8220;{}&#8220; theme_builder_area=&#8220;post_content&#8220;][et_pb_text _builder_version=&#8220;4.23.1&#8243; _module_preset=&#8220;default&#8220; hover_enabled=&#8220;0&#8243; global_colors_info=&#8220;{}&#8220; theme_builder_area=&#8220;post_content&#8220; sticky_enabled=&#8220;0&#8243;]<p>Die Gesellschaft f\u00fcr deutsche Sprache (GfdS) hat &#8222;Krisenmodus&#8220; zum Wort des Jahres 2023 benannt. Aus 1.800 Vorschl\u00e4gen wurden zehn von der GfdS nach Signifikanz und Popularit\u00e4t ausgew\u00e4hlt. Die weiteren W\u00f6rter: Antisemitismus, leseunf\u00e4hig, KI-Boom, Ampelzoff, hybride Kriegsf\u00fchrung, Migrationsbremse, Milliardenloch, Teilzeitgesellschaft, Kussskandal. Linguistisch zu beobachten sei &#8222;eine zunehmende sprachliche Radikalisierung im \u00f6ffentlichen Raum&#8220;.<\/p>\n<p><a href=\"https:\/\/www.n-tv.de\/panorama\/Krisenmodus-ist-Wort-des-Jahres-Realitaet-ist-ziemlich-duester-article24587228.html\">https:\/\/www.n-tv.de\/panorama\/Krisenmodus-ist-Wort-des-Jahres-Realitaet-ist-ziemlich-duester-article24587228.html<\/a><\/p>\n<p><a href=\"https:\/\/gfds.de\/wort-des-jahres-2023\/\">https:\/\/gfds.de\/wort-des-jahres-2023\/<\/a><\/p>[\/et_pb_text][et_pb_divider color=&#8220;#CABB9F&#8220; divider_weight=&#8220;1px&#8220; _builder_version=&#8220;4.17.4&#8243; _module_preset=&#8220;default&#8220; width=&#8220;70%&#8220; global_colors_info=&#8220;{}&#8220; theme_builder_area=&#8220;post_content&#8220;][\/et_pb_divider][\/et_pb_column][\/et_pb_row][\/et_pb_section]\n","protected":false},"excerpt":{"rendered":"<p>Die Gesellschaft f\u00fcr deutsche Sprache (GfdS) hat &#8222;Krisenmodus&#8220; zum Wort des Jahres 2023 benannt. Aus 1.800 Vorschl\u00e4gen wurden zehn von der GfdS nach Signifikanz und Popularit\u00e4t ausgew\u00e4hlt. Die weiteren W\u00f6rter: Antisemitismus, leseunf\u00e4hig, KI-Boom, Ampelzoff, hybride Kriegsf\u00fchrung, Migrationsbremse, Milliardenloch, Teilzeitgesellschaft, Kussskandal. Linguistisch zu beobachten sei &#8222;eine zunehmende sprachliche Radikalisierung im \u00f6ffentlichen Raum&#8220;. https:\/\/www.n-tv.de\/panorama\/Krisenmodus-ist-Wort-des-Jahres-Realitaet-ist-ziemlich-duester-article24587228.html https:\/\/gfds.de\/wort-des-jahres-2023\/<\/p>","protected":false},"author":1,"featured_media":0,"comment_status":"closed","ping_status":"closed","sticky":false,"template":"","format":"standard","meta":{"_et_pb_use_builder":"on","_et_pb_old_content":"","_et_gb_content_width":"","iawp_total_views":0,"footnotes":""},"categories":[13],"tags":[],"class_list":["post-18856","post","type-post","status-publish","format-standard","hentry","category-news"],"_links":{"self":[{"href":"https:\/\/sauna-wellness-update.de\/en\/wp-json\/wp\/v2\/posts\/18856","targetHints":{"allow":["GET"]}}],"collection":[{"href":"https:\/\/sauna-wellness-update.de\/en\/wp-json\/wp\/v2\/posts"}],"about":[{"href":"https:\/\/sauna-wellness-update.de\/en\/wp-json\/wp\/v2\/types\/post"}],"author":[{"embeddable":true,"href":"https:\/\/sauna-wellness-update.de\/en\/wp-json\/wp\/v2\/users\/1"}],"replies":[{"embeddable":true,"href":"https:\/\/sauna-wellness-update.de\/en\/wp-json\/wp\/v2\/comments?post=18856"}],"version-history":[{"count":4,"href":"https:\/\/sauna-wellness-update.de\/en\/wp-json\/wp\/v2\/posts\/18856\/revisions"}],"predecessor-version":[{"id":18861,"href":"https:\/\/sauna-wellness-update.de\/en\/wp-json\/wp\/v2\/posts\/18856\/revisions\/18861"}],"wp:attachment":[{"href":"https:\/\/sauna-wellness-update.de\/en\/wp-json\/wp\/v2\/media?parent=18856"}],"wp:term":[{"taxonomy":"category","embeddable":true,"href":"https:\/\/sauna-wellness-update.de\/en\/wp-json\/wp\/v2\/categories?post=18856"},{"taxonomy":"post_tag","embeddable":true,"href":"https:\/\/sauna-wellness-update.de\/en\/wp-json\/wp\/v2\/tags?post=18856"}],"curies":[{"name":"wp","href":"https:\/\/api.w.org\/{rel}","templated":true}]}}