{"id":1909,"date":"2022-11-05T11:43:45","date_gmt":"2022-11-05T10:43:45","guid":{"rendered":"https:\/\/sauna-wellness-update.de\/?p=1909"},"modified":"2022-11-06T19:52:38","modified_gmt":"2022-11-06T18:52:38","slug":"interview-martin-niederstein","status":"publish","type":"post","link":"https:\/\/sauna-wellness-update.de\/en\/2022\/11\/05\/interview-martin-niederstein\/","title":{"rendered":"Interview Martin Niederstein"},"content":{"rendered":"\n[et_pb_section fb_built=&#8220;1&#8243; _builder_version=&#8220;4.17.4&#8243; _module_preset=&#8220;default&#8220; custom_margin=&#8220;0px||0px||true|false&#8220; custom_padding=&#8220;0px||0px||true|false&#8220; border_color_all=&#8220;rgba(86,116,125,0.5)&#8220; border_color_bottom=&#8220;RGBA(255,255,255,0)&#8220; global_colors_info=&#8220;{}&#8220;][et_pb_row _builder_version=&#8220;4.17.4&#8243; _module_preset=&#8220;default&#8220; custom_margin=&#8220;0px||0px||true|false&#8220; custom_padding=&#8220;0px||0px||true|&#8220; global_colors_info=&#8220;{}&#8220;][et_pb_column type=&#8220;4_4&#8243; _builder_version=&#8220;4.17.4&#8243; _module_preset=&#8220;default&#8220; custom_padding=&#8220;0px||0px||true|false&#8220; global_colors_info=&#8220;{}&#8220;][et_pb_text _builder_version=&#8220;4.17.4&#8243; _module_preset=&#8220;default&#8220; hover_enabled=&#8220;0&#8243; global_colors_info=&#8220;{}&#8220; sticky_enabled=&#8220;0&#8243;]<p>Das Regionalblatt Badische Zeitung aus Freiburg &#8211; Auflage 122.000 Expl. &#8211; hat ein Interview ver\u00f6ffentlicht mit Martin Niederstein, seit knapp zwei Jahren Gesch\u00e4ftsf\u00fchrer des Deutschen Sauna-Bundes. Seine Kernaussage: &#8222;Saunabaden ist kein Luxus.&#8220;\u00a0 Anlass f\u00fcr das Gespr\u00e4ch war der 18. Internationale Sauna Kongress parallel zur interbad-Messe Ende Oktober in Stuttgart.<\/p>\n<p>Niederstein stellte dabei die gesundheitlichen Vorteile regelm\u00e4\u00dfigen Saunabadens heraus. Zur Frage, ob die Sauna \u00fcberhaupt in die Energiekrise passe, bezog der Verbandsgesch\u00e4ftsf\u00fchrer klar Stellung: &#8222;Dahinter steht der falsche Gedanke, Saunabaden sei Luxus und elit\u00e4r&#8230;Manche diskutieren schon \u00fcber Sauna-Scham&#8230;\u00d6ffentliche Saunaanlagen sollen und werden solidarisch ihren Anteil zum gesteckten Einsparziel von 20 Prozent beitragen. Die stereotype Forderung nach vollst\u00e4ndiger Schlie\u00dfung empfinde ich als unausgewogen.&#8220; Niederstein bezog sich dabei auf den Vorschlag von Daniel G\u00fcnther (CDU), Ministerpr\u00e4sident von Schleswig-Holstein, Saunaanlagen in Hotels sollten im Winter freiwillig geschlossen werden.<\/p>\n<p>Die derzeitige Situation in den \u00f6ffentlichen Saunabetrieben wertete Niederstein als &#8222;teilweise dramatisch&#8220;. Die Energiepreise h\u00e4tten sich f\u00fcr einige Betreiber bis um das Zehnfache erh\u00f6ht. Dazu k\u00e4men starke Kostensteigerungen im Personalbereich. Die G\u00e4ste schauten vermehrt aufs Geld. Ein Drittel der Betriebe rechne mit sinkenden Besucherzahlen &#8211; im Vergleich zum ohnehin schwierigen Corona-Jahr 2021. Wenn es schlecht laufe, k\u00f6nnten mehr als 100 Anlagen ihre Existenz verlieren.<\/p>\n<p><a href=\"http:\/\/www.badische-zeitung.de\/saunabaden-ist-kein-luxus\">www.badische-zeitung.de\/saunabaden-ist-kein-luxus<\/a><a href=\"http:\/\/www.h2o-herford.de\"><\/a><\/p>[\/et_pb_text][\/et_pb_column][\/et_pb_row][\/et_pb_section]\n","protected":false},"excerpt":{"rendered":"<p>Das Regionalblatt Badische Zeitung aus Freiburg &#8211; Auflage 122.000 Expl. &#8211; hat ein Interview ver\u00f6ffentlicht mit Martin Niederstein, seit knapp zwei Jahren Gesch\u00e4ftsf\u00fchrer des Deutschen Sauna-Bundes. Seine Kernaussage: &#8222;Saunabaden ist kein Luxus.&#8220;\u00a0 Anlass f\u00fcr das Gespr\u00e4ch war der 18. Internationale Sauna Kongress parallel zur interbad-Messe Ende Oktober in Stuttgart. Niederstein stellte dabei die gesundheitlichen Vorteile [&hellip;]<\/p>\n","protected":false},"author":1,"featured_media":0,"comment_status":"open","ping_status":"open","sticky":false,"template":"","format":"standard","meta":{"_et_pb_use_builder":"on","_et_pb_old_content":"","_et_gb_content_width":"","iawp_total_views":2,"footnotes":""},"categories":[13,6],"tags":[],"class_list":["post-1909","post","type-post","status-publish","format-standard","hentry","category-news","category-leute"],"_links":{"self":[{"href":"https:\/\/sauna-wellness-update.de\/en\/wp-json\/wp\/v2\/posts\/1909","targetHints":{"allow":["GET"]}}],"collection":[{"href":"https:\/\/sauna-wellness-update.de\/en\/wp-json\/wp\/v2\/posts"}],"about":[{"href":"https:\/\/sauna-wellness-update.de\/en\/wp-json\/wp\/v2\/types\/post"}],"author":[{"embeddable":true,"href":"https:\/\/sauna-wellness-update.de\/en\/wp-json\/wp\/v2\/users\/1"}],"replies":[{"embeddable":true,"href":"https:\/\/sauna-wellness-update.de\/en\/wp-json\/wp\/v2\/comments?post=1909"}],"version-history":[{"count":19,"href":"https:\/\/sauna-wellness-update.de\/en\/wp-json\/wp\/v2\/posts\/1909\/revisions"}],"predecessor-version":[{"id":1981,"href":"https:\/\/sauna-wellness-update.de\/en\/wp-json\/wp\/v2\/posts\/1909\/revisions\/1981"}],"wp:attachment":[{"href":"https:\/\/sauna-wellness-update.de\/en\/wp-json\/wp\/v2\/media?parent=1909"}],"wp:term":[{"taxonomy":"category","embeddable":true,"href":"https:\/\/sauna-wellness-update.de\/en\/wp-json\/wp\/v2\/categories?post=1909"},{"taxonomy":"post_tag","embeddable":true,"href":"https:\/\/sauna-wellness-update.de\/en\/wp-json\/wp\/v2\/tags?post=1909"}],"curies":[{"name":"wp","href":"https:\/\/api.w.org\/{rel}","templated":true}]}}