{"id":19409,"date":"2023-12-31T23:55:00","date_gmt":"2023-12-31T22:55:00","guid":{"rendered":"https:\/\/sauna-wellness-update.de\/?p=19409"},"modified":"2023-12-31T23:56:34","modified_gmt":"2023-12-31T22:56:34","slug":"bundeskanzler-scholz-in-seiner-neujahrsansprache","status":"publish","type":"post","link":"https:\/\/sauna-wellness-update.de\/en\/2023\/12\/31\/bundeskanzler-scholz-in-seiner-neujahrsansprache\/","title":{"rendered":"Bundeskanzler Scholz an Silvester: Mit Zuversicht und Respekt ins neue Jahr"},"content":{"rendered":"\n[et_pb_section fb_built=&#8220;1&#8243; _builder_version=&#8220;4.17.4&#8243; _module_preset=&#8220;default&#8220; custom_margin=&#8220;0px||0px||true|false&#8220; custom_padding=&#8220;0px||0px||true|false&#8220; border_color_all=&#8220;rgba(86,116,125,0.5)&#8220; border_color_bottom=&#8220;RGBA(255,255,255,0)&#8220; global_colors_info=&#8220;{}&#8220;][et_pb_row _builder_version=&#8220;4.17.4&#8243; _module_preset=&#8220;default&#8220; custom_margin=&#8220;0px||0px||true|false&#8220; custom_padding=&#8220;0px||0px||true|&#8220; global_colors_info=&#8220;{}&#8220;][et_pb_column type=&#8220;4_4&#8243; _builder_version=&#8220;4.17.4&#8243; _module_preset=&#8220;default&#8220; custom_padding=&#8220;0px||0px||true|false&#8220; global_colors_info=&#8220;{}&#8220;][et_pb_text _builder_version=&#8220;4.23.4&#8243; _module_preset=&#8220;default&#8220; hover_enabled=&#8220;0&#8243; global_colors_info=&#8220;{}&#8220; sticky_enabled=&#8220;0&#8243;]<p><span class=\"ILfuVd\" lang=\"de\"><span class=\"hgKElc\">In seiner vorab verbreiteten Neujahrsansprache setzt Bundeskanzler Olaf Scholz (SPD) im Jahr 2024 auf Zuversicht und Respekt. Mit Blick auf die\u00a0 zahlreichen Krisensymptome in Deutschland und in der Welt zeigte sich Scholz optimistisch: &#8222;Wir kommen auch mit Gegenwind zurecht&#8220;.\u00a0 <\/span><\/span><\/p>\n<p><span class=\"ILfuVd\" lang=\"de\"><span class=\"hgKElc\">Die f\u00fcnfmin\u00fctige Ansprache wird heute, am Silvesterabend, ab 20.10 Uhr in der ARD ausgestrahlt.<\/span><\/span><\/p>\n<p><span class=\"ILfuVd\" lang=\"de\"><span class=\"hgKElc\">Seit 1970 h\u00e4lt der Bundeskanzler die Neujahrsansprache; von 1949 bis 1969 wandte sich der Bundespr\u00e4sident an die Bev\u00f6lkerung.<br \/><\/span><\/span><\/p>\n<p><span class=\"ILfuVd\" lang=\"de\"><span class=\"hgKElc\"><a href=\"https:\/\/www.n-tv.de\/politik\/Wir-kommen-auch-mit-Gegenwind-zurecht-article24630694.html\">https:\/\/www.n-tv.de\/politik\/Wir-kommen-auch-mit-Gegenwind-zurecht-article24630694.html<\/a><\/span><\/span><\/p>\n<p><a href=\"https:\/\/programm.ard.de\/TV\/daserste\/neujahrsansprache-des-bundeskanzlers\/eid_281064001228529\">https:\/\/programm.ard.de\/TV\/daserste\/neujahrsansprache-des-bundeskanzlers\/eid_281064001228529<\/a><\/p>\n<p>&nbsp;<\/p>[\/et_pb_text][et_pb_divider color=&#8220;#CABB9F&#8220; divider_weight=&#8220;1px&#8220; _builder_version=&#8220;4.17.4&#8243; _module_preset=&#8220;default&#8220; width=&#8220;70%&#8220; global_colors_info=&#8220;{}&#8220;][\/et_pb_divider][\/et_pb_column][\/et_pb_row][\/et_pb_section]\n","protected":false},"excerpt":{"rendered":"<p>In seiner vorab verbreiteten Neujahrsansprache setzt Bundeskanzler Olaf Scholz (SPD) im Jahr 2024 auf Zuversicht und Respekt. Mit Blick auf die\u00a0 zahlreichen Krisensymptome in Deutschland und in der Welt zeigte sich Scholz optimistisch: &#8222;Wir kommen auch mit Gegenwind zurecht&#8220;.\u00a0 Die f\u00fcnfmin\u00fctige Ansprache wird heute, am Silvesterabend, ab 20.10 Uhr in der ARD ausgestrahlt. Seit 1970 [&hellip;]<\/p>\n","protected":false},"author":1,"featured_media":0,"comment_status":"closed","ping_status":"closed","sticky":false,"template":"","format":"standard","meta":{"_et_pb_use_builder":"on","_et_pb_old_content":"","_et_gb_content_width":"","iawp_total_views":1,"footnotes":""},"categories":[13,6],"tags":[],"class_list":["post-19409","post","type-post","status-publish","format-standard","hentry","category-news","category-leute"],"_links":{"self":[{"href":"https:\/\/sauna-wellness-update.de\/en\/wp-json\/wp\/v2\/posts\/19409","targetHints":{"allow":["GET"]}}],"collection":[{"href":"https:\/\/sauna-wellness-update.de\/en\/wp-json\/wp\/v2\/posts"}],"about":[{"href":"https:\/\/sauna-wellness-update.de\/en\/wp-json\/wp\/v2\/types\/post"}],"author":[{"embeddable":true,"href":"https:\/\/sauna-wellness-update.de\/en\/wp-json\/wp\/v2\/users\/1"}],"replies":[{"embeddable":true,"href":"https:\/\/sauna-wellness-update.de\/en\/wp-json\/wp\/v2\/comments?post=19409"}],"version-history":[{"count":14,"href":"https:\/\/sauna-wellness-update.de\/en\/wp-json\/wp\/v2\/posts\/19409\/revisions"}],"predecessor-version":[{"id":19485,"href":"https:\/\/sauna-wellness-update.de\/en\/wp-json\/wp\/v2\/posts\/19409\/revisions\/19485"}],"wp:attachment":[{"href":"https:\/\/sauna-wellness-update.de\/en\/wp-json\/wp\/v2\/media?parent=19409"}],"wp:term":[{"taxonomy":"category","embeddable":true,"href":"https:\/\/sauna-wellness-update.de\/en\/wp-json\/wp\/v2\/categories?post=19409"},{"taxonomy":"post_tag","embeddable":true,"href":"https:\/\/sauna-wellness-update.de\/en\/wp-json\/wp\/v2\/tags?post=19409"}],"curies":[{"name":"wp","href":"https:\/\/api.w.org\/{rel}","templated":true}]}}