{"id":22280,"date":"2024-03-21T11:35:00","date_gmt":"2024-03-21T10:35:00","guid":{"rendered":"https:\/\/sauna-wellness-update.de\/?p=22280"},"modified":"2024-03-21T11:43:38","modified_gmt":"2024-03-21T10:43:38","slug":"torsten-krier-neuer-baederleiter-stadtwerke-osnabrueck-wolfgang-hermle-fuehrt-die-mineraltherme-boeblingen","status":"publish","type":"post","link":"https:\/\/sauna-wellness-update.de\/en\/2024\/03\/21\/torsten-krier-neuer-baederleiter-stadtwerke-osnabrueck-wolfgang-hermle-fuehrt-die-mineraltherme-boeblingen\/","title":{"rendered":"Torsten Krier neuer B\u00e4derleiter Stadtwerke Osnabr\u00fcck &#8211; Wolfgang Hermle an die Spitze der Mineraltherme B\u00f6blingen"},"content":{"rendered":"\n[et_pb_section fb_built=&#8220;1&#8243; _builder_version=&#8220;4.17.4&#8243; _module_preset=&#8220;default&#8220; custom_margin=&#8220;0px||0px||true|false&#8220; custom_padding=&#8220;0px||0px||true|false&#8220; border_color_all=&#8220;rgba(86,116,125,0.5)&#8220; border_color_bottom=&#8220;RGBA(255,255,255,0)&#8220; global_colors_info=&#8220;{}&#8220;][et_pb_row _builder_version=&#8220;4.17.4&#8243; _module_preset=&#8220;default&#8220; custom_margin=&#8220;0px||0px||true|false&#8220; custom_padding=&#8220;0px||0px||true|&#8220; global_colors_info=&#8220;{}&#8220;][et_pb_column type=&#8220;4_4&#8243; _builder_version=&#8220;4.17.4&#8243; _module_preset=&#8220;default&#8220; custom_padding=&#8220;0px||0px||true|false&#8220; global_colors_info=&#8220;{}&#8220;][et_pb_text _builder_version=&#8220;4.24.2&#8243; _module_preset=&#8220;default&#8220; hover_enabled=&#8220;0&#8243; global_colors_info=&#8220;{}&#8220; sticky_enabled=&#8220;0&#8243;]<p>Ab Monatsbeginn April bekommen die Stadtwerke Osnabr\u00fcck (Niedersachsen) im Gesch\u00e4ftsbereich B\u00e4der und Freizeit mit Torsten Krier (53) einen neuen B\u00e4derleiter. Wolfgang Hermle (60\/61) hatte diese Position 13 Jahre inne und f\u00fchrt k\u00fcnftig die Gesch\u00e4fte der Mineraltherme B\u00f6blingen (Baden-W\u00fcrttemberg). Dies ist bereits seit Herbst letzten Jahres bekannt.<\/p>\n<p>Torsten Krier war zuletzt Gesch\u00e4ftsf\u00fchrer der Kur- Servicegesellschaft Bad Bevensen mit der Jod-Sole-Therme, davor B\u00e4derleiter des BadeLand Wolfsburg (beide Niedeersachsen).<\/p>\n<p><a href=\"https:\/\/www.eap-magazin.de\/Nachricht\/Torsten-Krier-wird-neuer-Baederleiter-der-Stadtwerke-Osnabrueck.html\">https:\/\/www.eap-magazin.de\/Nachricht\/Torsten-Krier-wird-neuer-Baederleiter-der-Stadtwerke-Osnabrueck.html<\/a><\/p>\n<p><a href=\"https:\/\/www.az-online.de\/uelzen\/bad-bevensen\/thermen-chef-torsten-krier-er-geht-wenn-es-am-besten-laeuft-92901250.html\">https:\/\/www.az-online.de\/uelzen\/bad-bevensen\/thermen-chef-torsten-krier-er-geht-wenn-es-am-besten-laeuft-92901250.html<\/a><\/p>\n<p><a href=\"https:\/\/www.stadtwerke-osnabrueck.de\/torsten-krier-uebernimmt-baederleitung-26cc10856b05ef3c\">https:\/\/www.stadtwerke-osnabrueck.de\/torsten-krier-uebernimmt-baederleitung-26cc10856b05ef3c<\/a><\/p>\n<p><a href=\"https:\/\/www.mineraltherme-boeblingen.de\/\">https:\/\/www.mineraltherme-boeblingen.de\/<\/a><\/p>\n<p><a href=\"https:\/\/www.krzbb.de\/inhalt.wechsel-in-der-boeblinger-mineraltherme-therme-bekommt-neuen-geschaeftsfuehrer.fe13c164-d32b-4614-a8ef-82480384c8de.html\">https:\/\/www.krzbb.de\/inhalt.wechsel-in-der-boeblinger-mineraltherme-therme-bekommt-neuen-geschaeftsfuehrer.fe13c164-d32b-4614-a8ef-82480384c8de.html<\/a><\/p>[\/et_pb_text][et_pb_divider color=&#8220;#CABB9F&#8220; divider_weight=&#8220;1px&#8220; _builder_version=&#8220;4.17.4&#8243; _module_preset=&#8220;default&#8220; width=&#8220;70%&#8220; global_colors_info=&#8220;{}&#8220;][\/et_pb_divider][\/et_pb_column][\/et_pb_row][\/et_pb_section]\n","protected":false},"excerpt":{"rendered":"<p>Ab Monatsbeginn April bekommen die Stadtwerke Osnabr\u00fcck (Niedersachsen) im Gesch\u00e4ftsbereich B\u00e4der und Freizeit mit Torsten Krier (53) einen neuen B\u00e4derleiter. Wolfgang Hermle (60\/61) hatte diese Position 13 Jahre inne und f\u00fchrt k\u00fcnftig die Gesch\u00e4fte der Mineraltherme B\u00f6blingen (Baden-W\u00fcrttemberg). Dies ist bereits seit Herbst letzten Jahres bekannt. Torsten Krier war zuletzt Gesch\u00e4ftsf\u00fchrer der Kur- Servicegesellschaft Bad [&hellip;]<\/p>\n","protected":false},"author":1,"featured_media":0,"comment_status":"closed","ping_status":"closed","sticky":false,"template":"","format":"standard","meta":{"_et_pb_use_builder":"on","_et_pb_old_content":"","_et_gb_content_width":"","iawp_total_views":0,"footnotes":""},"categories":[13,6,12],"tags":[],"class_list":["post-22280","post","type-post","status-publish","format-standard","hentry","category-news","category-leute","category-unternehmen"],"_links":{"self":[{"href":"https:\/\/sauna-wellness-update.de\/en\/wp-json\/wp\/v2\/posts\/22280","targetHints":{"allow":["GET"]}}],"collection":[{"href":"https:\/\/sauna-wellness-update.de\/en\/wp-json\/wp\/v2\/posts"}],"about":[{"href":"https:\/\/sauna-wellness-update.de\/en\/wp-json\/wp\/v2\/types\/post"}],"author":[{"embeddable":true,"href":"https:\/\/sauna-wellness-update.de\/en\/wp-json\/wp\/v2\/users\/1"}],"replies":[{"embeddable":true,"href":"https:\/\/sauna-wellness-update.de\/en\/wp-json\/wp\/v2\/comments?post=22280"}],"version-history":[{"count":9,"href":"https:\/\/sauna-wellness-update.de\/en\/wp-json\/wp\/v2\/posts\/22280\/revisions"}],"predecessor-version":[{"id":22301,"href":"https:\/\/sauna-wellness-update.de\/en\/wp-json\/wp\/v2\/posts\/22280\/revisions\/22301"}],"wp:attachment":[{"href":"https:\/\/sauna-wellness-update.de\/en\/wp-json\/wp\/v2\/media?parent=22280"}],"wp:term":[{"taxonomy":"category","embeddable":true,"href":"https:\/\/sauna-wellness-update.de\/en\/wp-json\/wp\/v2\/categories?post=22280"},{"taxonomy":"post_tag","embeddable":true,"href":"https:\/\/sauna-wellness-update.de\/en\/wp-json\/wp\/v2\/tags?post=22280"}],"curies":[{"name":"wp","href":"https:\/\/api.w.org\/{rel}","templated":true}]}}