{"id":2291,"date":"2022-12-20T17:26:00","date_gmt":"2022-12-20T16:26:00","guid":{"rendered":"https:\/\/sauna-wellness-update.de\/?p=2291"},"modified":"2023-01-11T15:10:42","modified_gmt":"2023-01-11T14:10:42","slug":"verbaende-appell","status":"publish","type":"post","link":"https:\/\/sauna-wellness-update.de\/en\/2022\/12\/20\/verbaende-appell\/","title":{"rendered":"Verb\u00e4nde-Appell"},"content":{"rendered":"\n[et_pb_section fb_built=&#8220;1&#8243; _builder_version=&#8220;4.17.4&#8243; _module_preset=&#8220;default&#8220; custom_margin=&#8220;0px||0px||true|false&#8220; custom_padding=&#8220;0px||0px||true|false&#8220; border_color_all=&#8220;rgba(86,116,125,0.5)&#8220; border_color_bottom=&#8220;RGBA(255,255,255,0)&#8220; global_colors_info=&#8220;{}&#8220;][et_pb_row _builder_version=&#8220;4.17.4&#8243; _module_preset=&#8220;default&#8220; custom_margin=&#8220;0px||0px||true|false&#8220; custom_padding=&#8220;0px||0px||true|&#8220; global_colors_info=&#8220;{}&#8220;][et_pb_column type=&#8220;4_4&#8243; _builder_version=&#8220;4.17.4&#8243; _module_preset=&#8220;default&#8220; custom_padding=&#8220;0px||0px||true|false&#8220; global_colors_info=&#8220;{}&#8220;][et_pb_text _builder_version=&#8220;4.19.4&#8243; _module_preset=&#8220;default&#8220; hover_enabled=&#8220;0&#8243; global_colors_info=&#8220;{}&#8220; sticky_enabled=&#8220;0&#8243;]<p>Im November appellierten Verb\u00e4nde und Organisationen der deutschen B\u00e4der- und Gesundheitswirtschaft unter Federf\u00fchrung der EWA European Waterpark Association an Wirtschaftminister Robert Habeck (Gr\u00fcne). Ver\u00f6ffentlicht wurde der Appell u.a. von der Deutschen Gesellschaft f\u00fcr das Badewesen und dem Deutschen Sauna-Bund auf ihren Websites.<\/p>\n<p>Darin wird die Forderung begr\u00fcndet, bei der so genannten Gaspreisbremse f\u00fcr die \u00f6ffentlichen B\u00e4der, Saunaanlagen und Kurbetriebe f\u00fcr die Ermittlung des realen Energiebedarfs das &#8222;normale&#8220; Referenzjahr 2019 und nicht das atypische Coronajahr 2021 als Basis zu nehmen. Geplant ist f\u00fcr die Ermittlung des Kontingents f\u00fcr den Garantiepreis 70 Prozent der Jahresverbrauchsprognose, die der Abschlagszahlung f\u00fcr September 2022 zugrunde lag, heranzuziehen. &#8222;Beide Parameter geben den realen Bedarf&#8230;jedoch nicht realistisch wieder. Unsere Unternehmen unterlagen sowohl im Jahr 2021 als auch im Jahr 2022 noch weitgehenden Restriktionen aufgrund der Pandemiebek\u00e4mpfung, die auch durch mehrmonatige vollst\u00e4ndige Schlie\u00dfungen gepr\u00e4gt waren.&#8220; Ohne eine schnelle und umfassende Entlastung durch Finanzhilfen m\u00fcssten viele Unternehmen bei einer weiteren Belastung um ihre Existenz f\u00fcrchten.<\/p>\n<p>Auch nach der Verabschiedung der Strom- und Gaspreisbremsen durch Bundestag und Bundesrat Mitte Dezember forderte EWA von der Politik abermals eine Novellierung der entsprechenden Referenzwerte. (s. SISU v. 16. Dez.)<\/p>\n<p><a href=\"http:\/\/www.eap-magazin.de\">www.eap-magazin.de<\/a><\/p>\n<p><a href=\"http:\/\/www.dgfdb.de\">www.dgfdb.de<\/a><\/p>\n<p><a href=\"http:\/\/www.sauna-bund.de\">www.sauna-bund.de<\/a><\/p>\n<p><a href=\"https:\/\/www.baederportal.com\/fileadmin\/user_upload\/Brief_der_Verbaende__des_Bade_und__Kurwesens_zur__Gaspreisbremse_Nov_2022.pdf\">https:\/\/www.baederportal.com\/fileadmin\/user_upload\/Brief_der_Verbaende__des_Bade_und__Kurwesens_zur__Gaspreisbremse_Nov_2022.pdf<\/a><\/p>\n<p><a href=\"http:\/\/www.baederallianz.de\">www.baederallianz.de<\/a><\/p>[\/et_pb_text][\/et_pb_column][\/et_pb_row][\/et_pb_section]\n","protected":false},"excerpt":{"rendered":"<p>Im November appellierten Verb\u00e4nde und Organisationen der deutschen B\u00e4der- und Gesundheitswirtschaft unter Federf\u00fchrung der EWA European Waterpark Association an Wirtschaftminister Robert Habeck (Gr\u00fcne). Ver\u00f6ffentlicht wurde der Appell u.a. von der Deutschen Gesellschaft f\u00fcr das Badewesen und dem Deutschen Sauna-Bund auf ihren Websites. Darin wird die Forderung begr\u00fcndet, bei der so genannten Gaspreisbremse f\u00fcr die \u00f6ffentlichen [&hellip;]<\/p>\n","protected":false},"author":1,"featured_media":0,"comment_status":"open","ping_status":"open","sticky":false,"template":"","format":"standard","meta":{"_et_pb_use_builder":"on","_et_pb_old_content":"","_et_gb_content_width":"","iawp_total_views":0,"footnotes":""},"categories":[13],"tags":[],"class_list":["post-2291","post","type-post","status-publish","format-standard","hentry","category-news"],"_links":{"self":[{"href":"https:\/\/sauna-wellness-update.de\/en\/wp-json\/wp\/v2\/posts\/2291","targetHints":{"allow":["GET"]}}],"collection":[{"href":"https:\/\/sauna-wellness-update.de\/en\/wp-json\/wp\/v2\/posts"}],"about":[{"href":"https:\/\/sauna-wellness-update.de\/en\/wp-json\/wp\/v2\/types\/post"}],"author":[{"embeddable":true,"href":"https:\/\/sauna-wellness-update.de\/en\/wp-json\/wp\/v2\/users\/1"}],"replies":[{"embeddable":true,"href":"https:\/\/sauna-wellness-update.de\/en\/wp-json\/wp\/v2\/comments?post=2291"}],"version-history":[{"count":12,"href":"https:\/\/sauna-wellness-update.de\/en\/wp-json\/wp\/v2\/posts\/2291\/revisions"}],"predecessor-version":[{"id":3645,"href":"https:\/\/sauna-wellness-update.de\/en\/wp-json\/wp\/v2\/posts\/2291\/revisions\/3645"}],"wp:attachment":[{"href":"https:\/\/sauna-wellness-update.de\/en\/wp-json\/wp\/v2\/media?parent=2291"}],"wp:term":[{"taxonomy":"category","embeddable":true,"href":"https:\/\/sauna-wellness-update.de\/en\/wp-json\/wp\/v2\/categories?post=2291"},{"taxonomy":"post_tag","embeddable":true,"href":"https:\/\/sauna-wellness-update.de\/en\/wp-json\/wp\/v2\/tags?post=2291"}],"curies":[{"name":"wp","href":"https:\/\/api.w.org\/{rel}","templated":true}]}}