{"id":260,"date":"2022-06-20T16:15:00","date_gmt":"2022-06-20T14:15:00","guid":{"rendered":"https:\/\/sauna-wellness-update.de\/?p=260"},"modified":"2022-06-22T16:47:02","modified_gmt":"2022-06-22T14:47:02","slug":"interbad-pressekonferenz","status":"publish","type":"post","link":"https:\/\/sauna-wellness-update.de\/en\/2022\/06\/20\/interbad-pressekonferenz\/","title":{"rendered":"interbad Pressekonferenz"},"content":{"rendered":"\n[et_pb_section fb_built=&#8220;1&#8243; _builder_version=&#8220;4.17.4&#8243; _module_preset=&#8220;default&#8220; custom_margin=&#8220;0px||0px||true|false&#8220; custom_padding=&#8220;0px||0px||true|false&#8220; global_colors_info=&#8220;{}&#8220; theme_builder_area=&#8220;post_content&#8220;][et_pb_row _builder_version=&#8220;4.17.4&#8243; _module_preset=&#8220;default&#8220; custom_margin=&#8220;0px||0px||true|false&#8220; custom_padding=&#8220;0px||0px||true|&#8220; global_colors_info=&#8220;{}&#8220; theme_builder_area=&#8220;post_content&#8220;][et_pb_column type=&#8220;4_4&#8243; _builder_version=&#8220;4.17.4&#8243; _module_preset=&#8220;default&#8220; custom_padding=&#8220;0px||0px||true|false&#8220; global_colors_info=&#8220;{}&#8220; theme_builder_area=&#8220;post_content&#8220;][et_pb_text _builder_version=&#8220;4.17.4&#8243; _module_preset=&#8220;default&#8220; hover_enabled=&#8220;0&#8243; global_colors_info=&#8220;{}&#8220; theme_builder_area=&#8220;post_content&#8220; sticky_enabled=&#8220;0&#8243;]<p>Die interbad wird \u2013 Stand heute \u2013 vermutlich mit weniger Ausstellern und weniger Besuchern zu kalkulieren haben, teilte die Messe Stuttgart mit.<\/p>\n<p>Von einer sehr schwierigen Lage der Saunaanlagen als Folge der Corona Pandemie berichtet der Gesch\u00e4ftsf\u00fchrer des Deutschen Sauna-Bundes, Martin Niederstein. Vier von f\u00fcnf Anlagen arbeiteten nicht im Normalbetrieb. Es gebe Personalengp\u00e4sse und Kostensteigerungen vor allem bei Energie. Die Auslastung liege derzeit nur bei 70 Prozent. Die Sauna m\u00fcsse zunehmend mit anderen Freizeitangeboten konkurrieren.<\/p>\n<p>Niederstein hofft auf weitere wirtschaftliche Unterst\u00fctzung der B\u00e4der durch die Politik.<\/p>\n<p><a href=\"http:\/\/www.interbad.de\">www.interbad.de<\/a><\/p>[\/et_pb_text][\/et_pb_column][\/et_pb_row][\/et_pb_section]\n","protected":false},"excerpt":{"rendered":"<p>Die interbad wird \u2013 Stand heute \u2013 vermutlich mit weniger Ausstellern und weniger Besuchern zu kalkulieren haben, teilte die Messe Stuttgart mit. Von einer sehr schwierigen Lage der Saunaanlagen als Folge der Corona Pandemie berichtet der Gesch\u00e4ftsf\u00fchrer des Deutschen Sauna-Bundes, Martin Niederstein. Vier von f\u00fcnf Anlagen arbeiteten nicht im Normalbetrieb. Es gebe Personalengp\u00e4sse und Kostensteigerungen [&hellip;]<\/p>\n","protected":false},"author":1,"featured_media":0,"comment_status":"open","ping_status":"open","sticky":false,"template":"","format":"standard","meta":{"_et_pb_use_builder":"on","_et_pb_old_content":"","_et_gb_content_width":"","iawp_total_views":0,"footnotes":""},"categories":[13],"tags":[],"class_list":["post-260","post","type-post","status-publish","format-standard","hentry","category-news"],"_links":{"self":[{"href":"https:\/\/sauna-wellness-update.de\/en\/wp-json\/wp\/v2\/posts\/260","targetHints":{"allow":["GET"]}}],"collection":[{"href":"https:\/\/sauna-wellness-update.de\/en\/wp-json\/wp\/v2\/posts"}],"about":[{"href":"https:\/\/sauna-wellness-update.de\/en\/wp-json\/wp\/v2\/types\/post"}],"author":[{"embeddable":true,"href":"https:\/\/sauna-wellness-update.de\/en\/wp-json\/wp\/v2\/users\/1"}],"replies":[{"embeddable":true,"href":"https:\/\/sauna-wellness-update.de\/en\/wp-json\/wp\/v2\/comments?post=260"}],"version-history":[{"count":3,"href":"https:\/\/sauna-wellness-update.de\/en\/wp-json\/wp\/v2\/posts\/260\/revisions"}],"predecessor-version":[{"id":290,"href":"https:\/\/sauna-wellness-update.de\/en\/wp-json\/wp\/v2\/posts\/260\/revisions\/290"}],"wp:attachment":[{"href":"https:\/\/sauna-wellness-update.de\/en\/wp-json\/wp\/v2\/media?parent=260"}],"wp:term":[{"taxonomy":"category","embeddable":true,"href":"https:\/\/sauna-wellness-update.de\/en\/wp-json\/wp\/v2\/categories?post=260"},{"taxonomy":"post_tag","embeddable":true,"href":"https:\/\/sauna-wellness-update.de\/en\/wp-json\/wp\/v2\/tags?post=260"}],"curies":[{"name":"wp","href":"https:\/\/api.w.org\/{rel}","templated":true}]}}