{"id":366,"date":"2022-06-21T12:10:00","date_gmt":"2022-06-21T10:10:00","guid":{"rendered":"https:\/\/sauna-wellness-update.de\/?p=366"},"modified":"2022-06-23T12:11:42","modified_gmt":"2022-06-23T10:11:42","slug":"alarmstufe-gasnotfallplan","status":"publish","type":"post","link":"https:\/\/sauna-wellness-update.de\/en\/2022\/06\/21\/alarmstufe-gasnotfallplan\/","title":{"rendered":"Alarmstufe Gasnotfallplan"},"content":{"rendered":"<p>[et_pb_section fb_built=&#8220;1&#8243; _builder_version=&#8220;4.17.4&#8243; _module_preset=&#8220;default&#8220; custom_margin=&#8220;0px||0px||true|false&#8220; custom_padding=&#8220;0px||0px||true|false&#8220; border_color_all=&#8220;rgba(86,116,125,0.5)&#8220; border_color_bottom=&#8220;RGBA(255,255,255,0)&#8220; global_colors_info=&#8220;{}&#8220; theme_builder_area=&#8220;post_content&#8220;][et_pb_row _builder_version=&#8220;4.17.4&#8243; _module_preset=&#8220;default&#8220; custom_margin=&#8220;0px||0px||true|false&#8220; custom_padding=&#8220;0px||0px||true|&#8220; global_colors_info=&#8220;{}&#8220; theme_builder_area=&#8220;post_content&#8220;][et_pb_column type=&#8220;4_4&#8243; _builder_version=&#8220;4.17.4&#8243; _module_preset=&#8220;default&#8220; custom_padding=&#8220;0px||0px||true|false&#8220; global_colors_info=&#8220;{}&#8220; theme_builder_area=&#8220;post_content&#8220;][et_pb_text _builder_version=&#8220;4.17.4&#8243; _module_preset=&#8220;default&#8220; hover_enabled=&#8220;0&#8243; global_colors_info=&#8220;{}&#8220; theme_builder_area=&#8220;post_content&#8220; sticky_enabled=&#8220;0&#8243;]<\/p>\n<p>Wirtschaftsminister Robert Habeck hat am Donnerstag die Alarmstufe des Gastnotfallplans ausgerufen. Die damit verbundene Preisanpassungsklausel wurde noch nicht aktiviert. Habeck: \u201eWir sind in einer Gaskrise. Gas ist ab sofort ein knappes Gut.\u201d Derzeit ist aber die Versorgungssicherheit gew\u00e4hrleistet. Ob das auch ab dem 11. Juli gew\u00e4hrleistet ist, wenn die Pipeline Nord Stream 1 f\u00fcr circa zehn Tage komplett ausf\u00e4llt.<\/p>\n<p><a href=\"http:\/\/www.t-online.de\">www.t-online.de<\/a><br \/><a href=\"http:\/\/www.bild.de\">www.bild.de<\/a><br \/><a href=\"http:\/\/www.ntv.de\">www.ntv.de<\/a><\/p>\n<p>[\/et_pb_text][\/et_pb_column][\/et_pb_row][\/et_pb_section]<\/p>\n","protected":false},"excerpt":{"rendered":"<p>Wirtschaftsminister Robert Habeck hat am Donnerstag die Alarmstufe des Gastnotfallplans ausgerufen. Die damit verbundene Preisanpassungsklausel wurde noch nicht aktiviert. Habeck: \u201eWir sind in einer Gaskrise. Gas ist ab sofort ein knappes Gut.\u201d Derzeit ist aber die Versorgungssicherheit gew\u00e4hrleistet. Ob das auch ab dem 11. Juli gew\u00e4hrleistet ist, wenn die Pipeline Nord Stream 1 f\u00fcr circa [&hellip;]<\/p>\n","protected":false},"author":1,"featured_media":0,"comment_status":"open","ping_status":"open","sticky":false,"template":"","format":"standard","meta":{"_et_pb_use_builder":"on","_et_pb_old_content":"","_et_gb_content_width":"","iawp_total_views":0,"footnotes":""},"categories":[13],"tags":[],"class_list":["post-366","post","type-post","status-publish","format-standard","hentry","category-news"],"_links":{"self":[{"href":"https:\/\/sauna-wellness-update.de\/en\/wp-json\/wp\/v2\/posts\/366","targetHints":{"allow":["GET"]}}],"collection":[{"href":"https:\/\/sauna-wellness-update.de\/en\/wp-json\/wp\/v2\/posts"}],"about":[{"href":"https:\/\/sauna-wellness-update.de\/en\/wp-json\/wp\/v2\/types\/post"}],"author":[{"embeddable":true,"href":"https:\/\/sauna-wellness-update.de\/en\/wp-json\/wp\/v2\/users\/1"}],"replies":[{"embeddable":true,"href":"https:\/\/sauna-wellness-update.de\/en\/wp-json\/wp\/v2\/comments?post=366"}],"version-history":[{"count":2,"href":"https:\/\/sauna-wellness-update.de\/en\/wp-json\/wp\/v2\/posts\/366\/revisions"}],"predecessor-version":[{"id":368,"href":"https:\/\/sauna-wellness-update.de\/en\/wp-json\/wp\/v2\/posts\/366\/revisions\/368"}],"wp:attachment":[{"href":"https:\/\/sauna-wellness-update.de\/en\/wp-json\/wp\/v2\/media?parent=366"}],"wp:term":[{"taxonomy":"category","embeddable":true,"href":"https:\/\/sauna-wellness-update.de\/en\/wp-json\/wp\/v2\/categories?post=366"},{"taxonomy":"post_tag","embeddable":true,"href":"https:\/\/sauna-wellness-update.de\/en\/wp-json\/wp\/v2\/tags?post=366"}],"curies":[{"name":"wp","href":"https:\/\/api.w.org\/{rel}","templated":true}]}}